{"id":255773,"date":"2022-01-06T17:32:22","date_gmt":"2022-01-06T17:32:22","guid":{"rendered":"https:\/\/dimensionturistica.com\/es\/?p=255773"},"modified":"2022-01-06T17:32:23","modified_gmt":"2022-01-06T17:32:23","slug":"registraron-comerciantes-ventas-de-12-mmdp-desde-el-buen-fin","status":"publish","type":"post","link":"https:\/\/dimensionturistica.com\/es\/registraron-comerciantes-ventas-de-12-mmdp-desde-el-buen-fin\/","title":{"rendered":"Registraron comerciantes ventas de 12 mmdp desde el buen fin"},"content":{"rendered":"<p> <br \/>\n<\/p>\n<div id=\"cuerpo_nota\">\n<p><strong><em>Chihuahua, Chih.-\u00a0<\/em><\/strong>El presidente de Canaco, Edibray G\u00f3mez Gallegos inform\u00f3 que las ventas del comercio organizado comprendidas desde El Buen Fin hasta estas fechas, fueron por arriba de 12 mil millones de pesos.<\/p>\n<p>Se\u00f1al\u00f3 que la cifra es superior en un 72 a 87 por ciento en comparaci\u00f3n del 2020 y del 9 al 13 por ciento en comparaci\u00f3n del 2019.<\/p>\n<p>En la rueda de prensa, estuvo acompa\u00f1ado de Omar Armend\u00e1riz, vicepresidente; los consejeros Mario Rodriguez y Federico de Gortari, as\u00ed como Humberto Ortega de secciones especializadas.\u00a0<\/p>\n<p>Aprovech\u00f3 para exhortar a la poblaci\u00f3n a cuidarse del contagio del Covid 19 y sus variantes.<\/p>\n<p>Pidi\u00f3 cuidar el cumplimiento de los protocolos y recalc\u00f3 que si no es necesario salir, que no lo hagan.<\/p>\n<p>Apunt\u00f3 que ya hay microempresas cerradas porque los 5 empleados que tienen, padecen de Covid-19.<\/p>\n<p>Inform\u00f3 que de los mil 100 negocios cerrados durante el 2020 por la pandemia, se habr\u00edan recuperado entre 850 y 900 empresas.<\/p>\n<p>Se\u00f1al\u00f3 que a pesar de la pandemia, hay n\u00fameros positivos y se tiene una recuperaci\u00f3n econ\u00f3mica.<\/p>\n<p>Indic\u00f3 que el sector m\u00e1s lastrado fue el turismo, agencias de viaje, salones de eventos, restaurantes, casinos y bares.<\/p>\n<p>Por lo que hace a las zonas m\u00e1s afectadas dijo que en las siete plazas comerciales se pueden ver a\u00fan locales cerrados, lo mismo en la zona centro.<\/p>\n<p>Planteo que desde la Canaco se ha buscado apoyar a los negocios para su reactivaci\u00f3n.<\/p>\n<\/p><\/div>\n\n<p><em> &#8221; Fuentes www.eldiariodechihuahua.mx &#8221; <\/em><\/p>\n","protected":false},"excerpt":{"rendered":"<p>Chihuahua, Chih.-\u00a0El presidente de Canaco, Edibray G\u00f3mez Gallegos inform\u00f3 que las ventas del comercio organizado comprendidas desde El Buen Fin hasta estas fechas, fueron por arriba de 12 mil millones de pesos. Se\u00f1al\u00f3 que la cifra es superior en un 72 a 87 por ciento en comparaci\u00f3n del 2020 y del 9 al 13 por [&hellip;]<\/p>\n","protected":false},"author":4,"featured_media":255774,"comment_status":"open","ping_status":"closed","sticky":false,"template":"","format":"standard","meta":{"om_disable_all_campaigns":false,"jnews-multi-image_gallery":[],"jnews_single_post":[],"jnews_primary_category":[],"jnews_social_meta":[],"footnotes":""},"categories":[40],"tags":[715],"class_list":["post-255773","post","type-post","status-publish","format-standard","has-post-thumbnail","hentry","category-industria","tag-economia"],"_links":{"self":[{"href":"https:\/\/dimensionturistica.com\/es\/wp-json\/wp\/v2\/posts\/255773","targetHints":{"allow":["GET"]}}],"collection":[{"href":"https:\/\/dimensionturistica.com\/es\/wp-json\/wp\/v2\/posts"}],"about":[{"href":"https:\/\/dimensionturistica.com\/es\/wp-json\/wp\/v2\/types\/post"}],"author":[{"embeddable":true,"href":"https:\/\/dimensionturistica.com\/es\/wp-json\/wp\/v2\/users\/4"}],"replies":[{"embeddable":true,"href":"https:\/\/dimensionturistica.com\/es\/wp-json\/wp\/v2\/comments?post=255773"}],"version-history":[{"count":0,"href":"https:\/\/dimensionturistica.com\/es\/wp-json\/wp\/v2\/posts\/255773\/revisions"}],"wp:featuredmedia":[{"embeddable":true,"href":"https:\/\/dimensionturistica.com\/es\/wp-json\/wp\/v2\/media\/255774"}],"wp:attachment":[{"href":"https:\/\/dimensionturistica.com\/es\/wp-json\/wp\/v2\/media?parent=255773"}],"wp:term":[{"taxonomy":"category","embeddable":true,"href":"https:\/\/dimensionturistica.com\/es\/wp-json\/wp\/v2\/categories?post=255773"},{"taxonomy":"post_tag","embeddable":true,"href":"https:\/\/dimensionturistica.com\/es\/wp-json\/wp\/v2\/tags?post=255773"}],"curies":[{"name":"wp","href":"https:\/\/api.w.org\/{rel}","templated":true}]}}