{"id":255731,"date":"2022-01-06T16:37:08","date_gmt":"2022-01-06T16:37:08","guid":{"rendered":"https:\/\/dimensionturistica.com\/es\/?p=255731"},"modified":"2022-01-06T16:37:09","modified_gmt":"2022-01-06T16:37:09","slug":"la-celebrity-land-sigue-a-the-new-york-times-y-recomienda-viajar-a-valencia-en-lugar-de-a-barcelona","status":"publish","type":"post","link":"https:\/\/dimensionturistica.com\/es\/la-celebrity-land-sigue-a-the-new-york-times-y-recomienda-viajar-a-valencia-en-lugar-de-a-barcelona\/","title":{"rendered":"La celebrity.land sigue a &#8216;The New York Times&#8217; y recomienda viajar a Valencia en lugar de a Barcelona"},"content":{"rendered":"<p> <br \/>\n<\/p>\n<div id=\"article-body-content\" data-action=\"toggle\" data-status=\"on\">\n<section class=\"rel-news\" data-mrf-recirculation=\"noticias-relacionadas-noticia\">\n<h4>Noticias relacionadas<\/h4>\n<\/section>\n<p id=\"paragraph_1\">Valencia ha sido elegida por la movie star.land como uno de los <a rel=\"nofollow noopener\" target=\"_blank\" href=\"https:\/\/www.elespanol.com\/alicante\/economia\/turismo\/20220104\/turismo-no-levanta-comunidad-valenciana-diciembre-ocupacion\/639936281_0.html\">mejores destinos tur\u00edsticos<\/a> en un reportaje en el que la cadena estadounidense repasa un whole de veintid\u00f3s lugares del mundo para viajar en 2022.\u00a0<\/p>\n<p id=\"paragraph_2\">La cadena se suma as\u00ed al diario <em>The New York Occasions,<\/em> que ha apostado tambi\u00e9n por cambiar Barcelona por Valencia, a la que calific\u00f3 de &#8220;la Venecia espa\u00f1ola&#8221;, debido en parte a la masificaci\u00f3n de la capital catalana.\u00a0<\/p>\n<p id=\"paragraph_3\">La movie star.land cube<span> que \u00e9ste <strong>es buen a\u00f1o para &#8220;dar un descanso a las abarrotadas calles de Barcelona&#8221;<\/strong> y cambiar esa ciudad por otra que est\u00e1 &#8220;unas horas m\u00e1s al sur&#8221; pero tambi\u00e9n en la costa Este de Espa\u00f1a.<\/span><\/p>\n<p id=\"paragraph_4\"><span>Desde la cadena consejan &#8220;dirigirse hacia el sur de la costa sureste de <\/span>Espa\u00f1a <span>hasta llegar a la ciudad portuaria de Valencia, Capital Mundial del Dise\u00f1o para 20222&#8243; y destaca sus &#8220;<\/span><span>espectaculares y atractivos&#8221; monumentos que la convierten en un &#8220;s\u00edmbolo de vanguardia&#8221;.<\/span><\/p>\n<p id=\"paragraph_5\"><span>Adem\u00e1s ensalza el &#8220;futurismo&#8221; de la<strong> Ciudad de las Artes y las Ciencias<\/strong>, o\u00a0el Hemisf\u00e8ric, el Museu de Ci\u00e8ncies y el Oceanogr\u00e0fic, el acuario m\u00e1s grande de Europa, adem\u00e1s de destacar su gastronom\u00eda y referirse a la ciudad como &#8220;cuna de la paella&#8221;.\u00a0<\/span><\/p>\n<p id=\"paragraph_6\"><span>Finalmente pone en valor algunas de sus tradiciones m\u00e1s importantes, como es el caso de las Fallas, a las que outline como\u00a0&#8220;<strong>una fiesta callejera de cinco d\u00edas<\/strong> que incluye fuegos artificiales y la quema de esculturas de madera y cart\u00f3n&#8221;.<\/span><\/p>\n<h3 class=\"follow-topics-title\"><span class=\"follow-topics-title__icon\"\/>Sigue los temas que te interesan<\/h3>\n<\/p><\/div>\n\n<p><em> &#8221; Fuentes www.elespanol.com &#8221; <\/em><\/p>\n","protected":false},"excerpt":{"rendered":"<p>Noticias relacionadas Valencia ha sido elegida por la movie star.land como uno de los mejores destinos tur\u00edsticos en un reportaje en el que la cadena estadounidense repasa un whole de veintid\u00f3s lugares del mundo para viajar en 2022.\u00a0 La cadena se suma as\u00ed al diario The New York Occasions, que ha apostado tambi\u00e9n por cambiar [&hellip;]<\/p>\n","protected":false},"author":4,"featured_media":255732,"comment_status":"open","ping_status":"closed","sticky":false,"template":"","format":"standard","meta":{"om_disable_all_campaigns":false,"jnews-multi-image_gallery":[],"jnews_single_post":[],"jnews_primary_category":[],"jnews_social_meta":[],"footnotes":""},"categories":[39],"tags":[2917,770,2769,545],"class_list":["post-255731","post","type-post","status-publish","format-standard","has-post-thumbnail","hentry","category-viajes","tag-barcelona","tag-espana","tag-valencia","tag-viajes"],"_links":{"self":[{"href":"https:\/\/dimensionturistica.com\/es\/wp-json\/wp\/v2\/posts\/255731","targetHints":{"allow":["GET"]}}],"collection":[{"href":"https:\/\/dimensionturistica.com\/es\/wp-json\/wp\/v2\/posts"}],"about":[{"href":"https:\/\/dimensionturistica.com\/es\/wp-json\/wp\/v2\/types\/post"}],"author":[{"embeddable":true,"href":"https:\/\/dimensionturistica.com\/es\/wp-json\/wp\/v2\/users\/4"}],"replies":[{"embeddable":true,"href":"https:\/\/dimensionturistica.com\/es\/wp-json\/wp\/v2\/comments?post=255731"}],"version-history":[{"count":0,"href":"https:\/\/dimensionturistica.com\/es\/wp-json\/wp\/v2\/posts\/255731\/revisions"}],"wp:featuredmedia":[{"embeddable":true,"href":"https:\/\/dimensionturistica.com\/es\/wp-json\/wp\/v2\/media\/255732"}],"wp:attachment":[{"href":"https:\/\/dimensionturistica.com\/es\/wp-json\/wp\/v2\/media?parent=255731"}],"wp:term":[{"taxonomy":"category","embeddable":true,"href":"https:\/\/dimensionturistica.com\/es\/wp-json\/wp\/v2\/categories?post=255731"},{"taxonomy":"post_tag","embeddable":true,"href":"https:\/\/dimensionturistica.com\/es\/wp-json\/wp\/v2\/tags?post=255731"}],"curies":[{"name":"wp","href":"https:\/\/api.w.org\/{rel}","templated":true}]}}