{"id":255482,"date":"2022-01-06T03:17:11","date_gmt":"2022-01-06T03:17:11","guid":{"rendered":"https:\/\/dimensionturistica.com\/es\/?p=255482"},"modified":"2022-01-06T03:17:12","modified_gmt":"2022-01-06T03:17:12","slug":"turistas-canadienses-se-quejan-del-aislamiento-por-covid-19-en-un-hotel-de-cuba-hasta-150-dolares-por-dia","status":"publish","type":"post","link":"https:\/\/dimensionturistica.com\/es\/turistas-canadienses-se-quejan-del-aislamiento-por-covid-19-en-un-hotel-de-cuba-hasta-150-dolares-por-dia\/","title":{"rendered":"Turistas canadienses se quejan del aislamiento por Covid-19 en un hotel de Cuba: hasta 150 d\u00f3lares por d\u00eda"},"content":{"rendered":"<p> <br \/>\n<\/p>\n<div itemprop=\"articleBody\">\n<p>Unas <strong>turistas canadienses se quejaron de las malas condiciones y el coste del aislamiento por <a rel=\"nofollow noopener\" target=\"_blank\" href=\"https:\/\/diariodecuba.com\/etiquetas\/covid-19.html\">Covid-19<\/a> en un resort en <a rel=\"nofollow noopener\" target=\"_blank\" href=\"https:\/\/diariodecuba.com\/etiquetas\/cayo-coco.html\">Cayo Coco<\/a>, Cuba<\/strong>. &#8220;Parece un lugar abandonado. Hab\u00eda ara\u00f1as por toda mi cama&#8221;, dijo Audray-Ann Lapointe, de 19 a\u00f1os, al medio franc\u00f3fono de Qu\u00e9bec\u00a0<a rel=\"nofollow noopener\" target=\"_blank\" href=\"https:\/\/www.lapresse.ca\/a-propos-de-nous\/la-presse\/\"><em>La Presse<\/em><\/a>.<\/p>\n<p>Las <strong>mujeres j\u00f3venes deben pagar 150 d\u00f3lares por d\u00eda, cada una<\/strong>, por alojamiento y comida en el <strong>Resort Playa Para\u00edso<\/strong>. &#8220;Al final de mi aislamiento, me cobraron por una consulta m\u00e9dica que nunca tuve&#8221;, dijo Lapointe.\u00a0<\/p>\n<p><strong>&#8220;Solo ten\u00edamos una botella de agua al d\u00eda y ten\u00edamos que luchar por ella&#8221;<\/strong>, agreg\u00f3 la canadiense que tambi\u00e9n se quej\u00f3 de la mala calidad de la comida y que la recib\u00edan en horarios aleatorios.\u00a0<\/p>\n<p>&#8220;<strong>Una familia lleg\u00f3 aqu\u00ed con su beb\u00e9, de unos meses. Le pidieron leche al personal para alimentarlo y \u00e9l no quiso<\/strong>. Dijo que le diera agua en su lugar&#8221;, cont\u00f3.<\/p>\n<p>Por su parte, Guylaine Pellerin, de 21 a\u00f1os, dijo que <strong>la estancia en el resort de aislamiento fue &#8220;como una pesadilla<\/strong>. Hay basura por todas partes. Es como una peque\u00f1a c\u00e1rcel. Una enfermera entr\u00f3 en nuestra habitaci\u00f3n, se quit\u00f3 la m\u00e1scara y pregunt\u00f3 si pod\u00eda usar nuestro ba\u00f1o&#8221;.<\/p>\n<p>Laurianne Gagn\u00e9, de 22 a\u00f1os, cont\u00f3 que <strong>en su habitaci\u00f3n no hab\u00eda jab\u00f3n ni papel higi\u00e9nico<\/strong>. &#8220;Lo hemos estado pidiendo durante dos d\u00edas&#8221;, dijo. Solo ten\u00edan una s\u00e1bana en la cama y las lagartijas deambulaban por el apartamento.<\/p>\n<p>&#8220;El ambiente es pesado. Todos est\u00e1n molestos, asustados y preocupados. No es seguro. Ponemos una silla frente a nuestra puerta. Estamos preocupados, y nuestras familias tambi\u00e9n&#8221;, agreg\u00f3.<\/p>\n<p>Seg\u00fan las j\u00f3venes entrevistadas por <em>La Presse<\/em>, <strong>el Resort Playa Para\u00edso est\u00e1 lleno de quebequenses con Covid-19<\/strong>. Cuando llegaron, se les prometi\u00f3 que se har\u00edan pruebas diarias hasta que su carga viral fuera lo suficientemente baja como para regresar a <a rel=\"nofollow noopener\" target=\"_blank\" href=\"https:\/\/diariodecuba.com\/etiquetas\/canada.html\">Canad\u00e1<\/a>. Sin embargo, <strong>s\u00f3lo ten\u00edan derecho a una prueba PCR cada cinco d\u00edas<\/strong>.<\/p>\n<p><strong>&#8220;Parece que lo est\u00e1n haciendo a prop\u00f3sito para que nos quedemos m\u00e1s tiempo. Por eso no quieren que nos examinen&#8221;<\/strong>, dijo Gagn\u00e9.<\/p>\n<p>La canadiense cont\u00f3 que\u00a0<strong>se arriesgaron y ofrecieron dinero a un m\u00e9dico despu\u00e9s de escuchar que algunas personas estaban sobornando a los trabajadores de la salud<\/strong> para que dieran negativo. &#8220;Nos dijo que no necesitaba el dinero, pero que recibir\u00eda un beso a cambio. Cuando se dio cuenta de que otro m\u00e9dico lo hab\u00eda escuchado, retir\u00f3 su propuesta&#8221;.<\/p>\n<p><strong>Las canadienses lamentaron la falta de honestidad de las agencias de viajes ante la situaci\u00f3n epidemiol\u00f3gica de Cuba<\/strong>. &#8220;Mi agencia de viajes, Voyage \u00e0 Rabais, me dijo que no hab\u00eda ning\u00fan caso de Covid-19 all\u00ed y que el problema estaba en Qu\u00e9bec. No tuvimos ninguna advertencia, no esper\u00e1bamos eso en absoluto&#8221;, dijo Guylaine Pellerin.<\/p>\n<p><strong>&#8220;Sunwing nos dijo que no hubo casos en Cuba, pero s\u00ed brotes en todos los balnearios. Nos mintieron&#8221;<\/strong>, dijo Audray-Ann Lapointe.<\/p>\n<p>Las tres j\u00f3venes que regresaron a Qu\u00e9bec este 3 de enero recomendaron <strong>cancelar o posponer el viaje a Cuba<\/strong>. &#8220;Si hubiera sabido que \u00edbamos a estar en estas condiciones, nunca habr\u00eda ido&#8221;, dijo Lapointe.<\/p>\n<p>No es la primera vez que <strong>turistas canadienses se quejan<\/strong> de la mala atenci\u00f3n y el coste del aislamiento por Covid-19 en <strong>Cuba<\/strong>.\u00a0<a rel=\"nofollow noopener\" target=\"_blank\" href=\"https:\/\/diariodecuba.com\/cuba\/1628074126_33146.html\"><strong>&#8220;Una estafa, un horror&#8221;<\/strong><\/a>, dijo\u00a0Claudia Gagn\u00e9 el a\u00f1o pasado sobre su <strong>estancia en Varadero.<\/strong><\/p>\n<p><strong>&#8220;Estuvimos siete d\u00edas en Cuba, de los cuales tres fueron presos. <a rel=\"nofollow noopener\" target=\"_blank\" href=\"https:\/\/diariodecuba.com\/cuba\/1634731247_34936.html\">Las vacaciones se arruinaron sin remedio<\/a><\/strong>. Ninguno de los empleados se disculp\u00f3 siquiera con nosotros&#8221;, dijo tambi\u00e9n la turista rusa\u00a0Natalya Savina sobre su viaje so\u00f1ado a la Isla en 2021.<\/p>\n<\/div>\n\n<p><em> &#8221; Fuentes diariodecuba.com &#8221; <\/em><\/p>\n","protected":false},"excerpt":{"rendered":"<p>Unas turistas canadienses se quejaron de las malas condiciones y el coste del aislamiento por Covid-19 en un resort en Cayo Coco, Cuba. &#8220;Parece un lugar abandonado. Hab\u00eda ara\u00f1as por toda mi cama&#8221;, dijo Audray-Ann Lapointe, de 19 a\u00f1os, al medio franc\u00f3fono de Qu\u00e9bec\u00a0La Presse. Las mujeres j\u00f3venes deben pagar 150 d\u00f3lares por d\u00eda, cada [&hellip;]<\/p>\n","protected":false},"author":4,"featured_media":255483,"comment_status":"open","ping_status":"closed","sticky":false,"template":"","format":"standard","meta":{"om_disable_all_campaigns":false,"jnews-multi-image_gallery":[],"jnews_single_post":[],"jnews_primary_category":[],"jnews_social_meta":[],"footnotes":""},"categories":[40],"tags":[510,956,544],"class_list":["post-255482","post","type-post","status-publish","format-standard","has-post-thumbnail","hentry","category-industria","tag-covid-19","tag-cuba","tag-turismo"],"_links":{"self":[{"href":"https:\/\/dimensionturistica.com\/es\/wp-json\/wp\/v2\/posts\/255482","targetHints":{"allow":["GET"]}}],"collection":[{"href":"https:\/\/dimensionturistica.com\/es\/wp-json\/wp\/v2\/posts"}],"about":[{"href":"https:\/\/dimensionturistica.com\/es\/wp-json\/wp\/v2\/types\/post"}],"author":[{"embeddable":true,"href":"https:\/\/dimensionturistica.com\/es\/wp-json\/wp\/v2\/users\/4"}],"replies":[{"embeddable":true,"href":"https:\/\/dimensionturistica.com\/es\/wp-json\/wp\/v2\/comments?post=255482"}],"version-history":[{"count":0,"href":"https:\/\/dimensionturistica.com\/es\/wp-json\/wp\/v2\/posts\/255482\/revisions"}],"wp:featuredmedia":[{"embeddable":true,"href":"https:\/\/dimensionturistica.com\/es\/wp-json\/wp\/v2\/media\/255483"}],"wp:attachment":[{"href":"https:\/\/dimensionturistica.com\/es\/wp-json\/wp\/v2\/media?parent=255482"}],"wp:term":[{"taxonomy":"category","embeddable":true,"href":"https:\/\/dimensionturistica.com\/es\/wp-json\/wp\/v2\/categories?post=255482"},{"taxonomy":"post_tag","embeddable":true,"href":"https:\/\/dimensionturistica.com\/es\/wp-json\/wp\/v2\/tags?post=255482"}],"curies":[{"name":"wp","href":"https:\/\/api.w.org\/{rel}","templated":true}]}}