{"id":255379,"date":"2022-01-05T23:09:17","date_gmt":"2022-01-05T23:09:17","guid":{"rendered":"https:\/\/dimensionturistica.com\/es\/?p=255379"},"modified":"2022-01-05T23:09:18","modified_gmt":"2022-01-05T23:09:18","slug":"la-variante-omicron-provoca-la-cancelacion-de-viajes-en-todo-el-mundo","status":"publish","type":"post","link":"https:\/\/dimensionturistica.com\/es\/la-variante-omicron-provoca-la-cancelacion-de-viajes-en-todo-el-mundo\/","title":{"rendered":"La variante \u00f3micron provoca la cancelaci\u00f3n de viajes en todo el mundo"},"content":{"rendered":"<p> <br \/>\n<\/p>\n<div id=\"article-content\">\n<div class=\"wsw\">\n<p>Los viajeros estas navidades contin\u00faan experimentando la cancelaci\u00f3n de vuelos a medida que <a rel=\"nofollow noopener\" target=\"_blank\" class=\"wsw__a\" href=\"https:\/\/www.vozdeamerica.com\/a\/omicron-muchos-casos-menos-hospitalizaciones-mas-advertencias\/6371201.html\"><em><strong>la variante \u00f3micron<\/strong><\/em><\/a> causa que el private de las aerol\u00edneas se reporten enfermos. <\/p>\n<p>Seg\u00fan la p\u00e1gina <em>FlightAware<\/em>, que rastrea retrasos y cancelaciones, se han cancelado 2.395 vuelos en todo el mundo el lunes, con 869 de ellos impactando vuelos \u201cdentro, hacia o saliendo de Estados Unidos\u201d.<\/p>\n<p>Unos 6.342 vuelos se han retrasado en todo el mundo, con 1.602 de estos retrasos impactando vuelos estadounidenses.<\/p>\n<p>Durante el fin de semana de Navidad, miles de vuelos m\u00e1s fueron cancelados, dejando a los viajeros varados.<\/p>\n<p>\u201cNos disculpamos con nuestros clientes por el atraso en sus planes de viaje\u201d, indic\u00f3 la aerol\u00ednea Delta en un declaraci\u00f3n. \u201cEl personal de Delta est\u00e1 trabajando duro para llevarles a donde tienen que estar tan r\u00e1pido y tan seguro como sea posible en el siguiente vuelo disponible\u201d.<\/p>\n<p>La temporada navide\u00f1a es la \u00e9poca m\u00e1s ocupada del a\u00f1o para los viajes a\u00e9reos. La Administraci\u00f3n de Seguridad de Transporte de EE.UU. dijo que 2,19 millones de pasajeros se sometieron a controles el 23 de diciembre, y el d\u00eda previo se registraron m\u00e1s viajeros que el mismo d\u00eda del 2019, antes de la pandemia.<\/p>\n<p>No est\u00e1 claro cu\u00e1ndo las cosas podr\u00edan volver a la normalidad.<\/p>\n<p>Seg\u00fan reportes, Delta y JetBlue han pedido a los Centros para el Management y Prevenci\u00f3n de Enfermedades de EE. UU. reducir el tiempo de cuarentena para sus empleados vacunados. Tambi\u00e9n se reporta que algunas aerol\u00edneas est\u00e1n ofreciendo bonificaciones por trabajar m\u00e1s para cubrir a los empleados enfermos.<\/p>\n<p>En medio de la situaci\u00f3n, algunos expresan su preocupaci\u00f3n.<\/p>\n<p>\u201cTenemos que asegurarnos que los empleados no sientan presi\u00f3n por volver al trabajo cuando han sido expuestos al covid o crean que puedan tener los s\u00edntomas\u201d, indic\u00f3 Dennis Tajer, portavoz de la Allied Pilots Affiliation a la cadena <em>ABC Information<\/em>.<\/p>\n<p><strong><em>\u00a1Con\u00e9ctate con la Voz de Am\u00e9rica! Suscr\u00edbete a nuestro canal de<\/em><\/strong><strong><em><a rel=\"nofollow noopener\" target=\"_blank\" class=\"wsw__a\" href=\"https:\/\/www.youtube.com\/redirect?event=video_description&amp;redir_token=QUFFLUhqa0NnRmlwS0luajhoQjlQT05lLXNVWXdadTNCUXxBQ3Jtc0ttLW1XeUJ2X3dMc0dPQTFWdWtoNkFjNFdwd2tzQUJTY2FpcW9NMEtCUnZVSHpJVGM0UUxMZzJrY1YyclNBM1pqTEhDM0tfdFE0SVExZkxVUnhUZ2ExZFFYTHphdzJIb1ZsbXJ0N0UwTWhLQ0YyaENSQQ&amp;q=http%3A%2F%2Fbit.ly%2F2XpJNZj\" title=\"https:\/\/www.youtube.com\/redirect?event=video_description&amp;redir_token=quffluhqa0nnrmlws0luajhoqjlqt05llxnvwxdadtncuxxbq3jtc0ttlw1xeuj2x3dmc0dpqtfwdwtonkfjnfdwd2tzqujty2fpcw9nmetcunzvshpjvgm0uuxmzzjry1yyclnbm1pqtehdm0tfdfe0svexzkxvunhuz2exzffythphdzjib1zsbx\"> YouTube<\/a> <\/em><\/strong><strong><em>y activa las notificaciones, o bien, s\u00edguenos en las redes sociales: <\/em><\/strong><a rel=\"nofollow noopener\" target=\"_blank\" class=\"wsw__a\" href=\"https:\/\/www.facebook.com\/VozdeAmerica\/\" title=\"https:\/\/www.facebook.com\/vozdeamerica\/\"><strong><em>Facebook<\/em><\/strong><\/a><strong><em>, <\/em><\/strong><a rel=\"nofollow noopener\" target=\"_blank\" class=\"wsw__a\" href=\"https:\/\/twitter.com\/VozdeAmerica\" title=\"https:\/\/twitter.com\/vozdeamerica\"><strong><em>Twitter<\/em><\/strong><\/a><strong><em> e <\/em><\/strong><a rel=\"nofollow noopener\" target=\"_blank\" class=\"wsw__a\" href=\"https:\/\/www.instagram.com\/vozdeamerica\/\" title=\"https:\/\/www.instagram.com\/vozdeamerica\/\"><strong><em>Instagram<\/em><\/strong><\/a><strong><em>.<\/em><\/strong><\/p>\n<\/div>\n<\/div>\n<p><script async src=\"\/\/platform.twitter.com\/widgets.js\" charset=\"utf-8\"><\/script><script async defer src=\"https:\/\/platform.instagram.com\/en_US\/embeds.js\"><\/script><br \/>\n<br \/><\/p>\n<p><em> &#8221; Fuentes www.vozdeamerica.com &#8221; <\/em><\/p>\n","protected":false},"excerpt":{"rendered":"<p>Los viajeros estas navidades contin\u00faan experimentando la cancelaci\u00f3n de vuelos a medida que la variante \u00f3micron causa que el private de las aerol\u00edneas se reporten enfermos. Seg\u00fan la p\u00e1gina FlightAware, que rastrea retrasos y cancelaciones, se han cancelado 2.395 vuelos en todo el mundo el lunes, con 869 de ellos impactando vuelos \u201cdentro, hacia o [&hellip;]<\/p>\n","protected":false},"author":4,"featured_media":255380,"comment_status":"open","ping_status":"closed","sticky":false,"template":"","format":"standard","meta":{"om_disable_all_campaigns":false,"jnews-multi-image_gallery":[],"jnews_single_post":[],"jnews_primary_category":[],"jnews_social_meta":[],"footnotes":""},"categories":[39],"tags":[55,510,6105,797,626,740],"class_list":["post-255379","post","type-post","status-publish","format-standard","has-post-thumbnail","hentry","category-viajes","tag-coronavirus","tag-covid-19","tag-festividades","tag-mundo","tag-pandemia","tag-vuelos"],"_links":{"self":[{"href":"https:\/\/dimensionturistica.com\/es\/wp-json\/wp\/v2\/posts\/255379","targetHints":{"allow":["GET"]}}],"collection":[{"href":"https:\/\/dimensionturistica.com\/es\/wp-json\/wp\/v2\/posts"}],"about":[{"href":"https:\/\/dimensionturistica.com\/es\/wp-json\/wp\/v2\/types\/post"}],"author":[{"embeddable":true,"href":"https:\/\/dimensionturistica.com\/es\/wp-json\/wp\/v2\/users\/4"}],"replies":[{"embeddable":true,"href":"https:\/\/dimensionturistica.com\/es\/wp-json\/wp\/v2\/comments?post=255379"}],"version-history":[{"count":0,"href":"https:\/\/dimensionturistica.com\/es\/wp-json\/wp\/v2\/posts\/255379\/revisions"}],"wp:featuredmedia":[{"embeddable":true,"href":"https:\/\/dimensionturistica.com\/es\/wp-json\/wp\/v2\/media\/255380"}],"wp:attachment":[{"href":"https:\/\/dimensionturistica.com\/es\/wp-json\/wp\/v2\/media?parent=255379"}],"wp:term":[{"taxonomy":"category","embeddable":true,"href":"https:\/\/dimensionturistica.com\/es\/wp-json\/wp\/v2\/categories?post=255379"},{"taxonomy":"post_tag","embeddable":true,"href":"https:\/\/dimensionturistica.com\/es\/wp-json\/wp\/v2\/tags?post=255379"}],"curies":[{"name":"wp","href":"https:\/\/api.w.org\/{rel}","templated":true}]}}