{"id":254758,"date":"2022-01-04T21:27:12","date_gmt":"2022-01-04T21:27:12","guid":{"rendered":"https:\/\/dimensionturistica.com\/es\/?p=254758"},"modified":"2022-01-04T21:27:12","modified_gmt":"2022-01-04T21:27:12","slug":"designan-nuevo-director-de-seguridad-privada-de-la-sspc","status":"publish","type":"post","link":"https:\/\/dimensionturistica.com\/es\/designan-nuevo-director-de-seguridad-privada-de-la-sspc\/","title":{"rendered":"Designan nuevo Director de Seguridad Privada de la SSPC"},"content":{"rendered":"<p>El nombramiento del Maestro Ignacio Hern\u00e1ndez Ordu\u00f1a, como nuevo director de Seguridad Privada de la Secretar\u00eda de Seguridad y Protecci\u00f3n Ciudadana fue recibido con benepl\u00e1cito por los 153 socios de la AMESP y su mesa Directiva.<br \/>\nCasi todas las industrias, negocios, infraestructuras y familias usan o han usado los servicios de<img decoding=\"async\" class=\"size-medium wp-image-254764 alignright\" src=\"https:\/\/dimensionturistica.com\/es\/wp-content\/uploads\/2022\/01\/IGNACIO-HERNANDEZ-ORDUNA-224x300.jpg\" alt=\"\" width=\"224\" height=\"300\" srcset=\"https:\/\/dimensionturistica.com\/es\/wp-content\/uploads\/2022\/01\/IGNACIO-HERNANDEZ-ORDUNA-224x300.jpg 224w, https:\/\/dimensionturistica.com\/es\/wp-content\/uploads\/2022\/01\/IGNACIO-HERNANDEZ-ORDUNA-750x1004.jpg 750w, https:\/\/dimensionturistica.com\/es\/wp-content\/uploads\/2022\/01\/IGNACIO-HERNANDEZ-ORDUNA.jpg 765w\" sizes=\"(max-width: 224px) 100vw, 224px\" \/> la industria de Seguridad Privada. Es por ello y por la creciente demanda de estos servicios, la necesidad de contar con un regulador con conocimiento, eficiente y eficaz.<br \/>\nEn ese sentido en la AMESP se ve con optimismo la llegada de Hern\u00e1ndez Ordu\u00f1a como director general de Seguridad Privada en el SSPPC y reitera su total compromiso de apoyo y coordinaci\u00f3n por el bien de la seguridad del pa\u00eds.<br \/>\nLa Direcci\u00f3n de Seguridad Privada de la SSPPC debe ser considerada y como un \u00e1rea estrat\u00e9gica ya que desde ah\u00ed se regulan las m\u00e1s de mil 300 empresas de seguridad privada en los 32 estados del pa\u00eds, que hoy generan m\u00e1s de 700 mil fuentes de empleos por lo que tanto esta estructura debe ser moderna y diligente para estar a la estatura de un sector pujante y din\u00e1mico como lo es la seguridad privada.<br \/>\nLa seguridad privada adem\u00e1s de guardias cuenta con otras modalidades como: blindaje, protecci\u00f3n ejecutiva; traslado de valores; seguridad electr\u00f3nica, ciberseguridad, rastreo satelital, consultor\u00eda, investigaciones, entre otros.<br \/>\nHoy, y de acuerdo con varias voces dentro de la AMESP, este sector debe superar nuevos desaf\u00edos como lo es concluir los trabajos para la publicaci\u00f3n de una nueva ley de seguridad privada, as\u00ed como desahogar el rezago administrativo generado en anteriores administraciones y superar el distanciamiento innecesario con el sector.<\/p>\n","protected":false},"excerpt":{"rendered":"<p>El nombramiento del Maestro Ignacio Hern\u00e1ndez Ordu\u00f1a, como nuevo director de Seguridad Privada de la Secretar\u00eda de Seguridad y Protecci\u00f3n Ciudadana fue recibido con benepl\u00e1cito por los 153 socios de la AMESP y su mesa Directiva. Casi todas las industrias, negocios, infraestructuras y familias usan o han usado los servicios de la industria de Seguridad [&hellip;]<\/p>\n","protected":false},"author":1,"featured_media":254763,"comment_status":"open","ping_status":"closed","sticky":false,"template":"","format":"standard","meta":{"om_disable_all_campaigns":false,"jnews-multi-image_gallery":[],"jnews_single_post":{"source_name":"","source_url":"","via_name":"","via_url":"","override_template":"0","override":[{"template":"1","single_blog_custom":"","parallax":"1","fullscreen":"1","layout":"right-sidebar","sidebar":"default-sidebar","second_sidebar":"default-sidebar","sticky_sidebar":"1","share_position":"top","share_float_style":"share-monocrhome","show_share_counter":"1","show_view_counter":"1","show_featured":"1","show_post_meta":"1","show_post_author":"1","show_post_author_image":"1","show_post_date":"1","post_date_format":"default","post_date_format_custom":"Y\/m\/d","show_post_category":"1","show_post_reading_time":"0","post_reading_time_wpm":"300","show_zoom_button":"0","zoom_button_out_step":"2","zoom_button_in_step":"3","show_post_tag":"1","show_prev_next_post":"1","show_popup_post":"1","number_popup_post":"1","show_author_box":"0","show_post_related":"0","show_inline_post_related":"0"}],"override_image_size":"0","image_override":[{"single_post_thumbnail_size":"crop-500","single_post_gallery_size":"crop-500"}],"trending_post":"0","trending_post_position":"meta","trending_post_label":"Trending","sponsored_post":"0","sponsored_post_label":"Sponsored by","sponsored_post_name":"","sponsored_post_url":"","sponsored_post_logo_enable":"0","sponsored_post_logo":"","sponsored_post_desc":"","disable_ad":"0"},"jnews_primary_category":{"id":""},"jnews_social_meta":{"fb_title":"","fb_description":"","fb_image":"","twitter_title":"","twitter_description":"","twitter_image":""},"footnotes":""},"categories":[40],"tags":[],"class_list":["post-254758","post","type-post","status-publish","format-standard","has-post-thumbnail","hentry","category-industria"],"_links":{"self":[{"href":"https:\/\/dimensionturistica.com\/es\/wp-json\/wp\/v2\/posts\/254758","targetHints":{"allow":["GET"]}}],"collection":[{"href":"https:\/\/dimensionturistica.com\/es\/wp-json\/wp\/v2\/posts"}],"about":[{"href":"https:\/\/dimensionturistica.com\/es\/wp-json\/wp\/v2\/types\/post"}],"author":[{"embeddable":true,"href":"https:\/\/dimensionturistica.com\/es\/wp-json\/wp\/v2\/users\/1"}],"replies":[{"embeddable":true,"href":"https:\/\/dimensionturistica.com\/es\/wp-json\/wp\/v2\/comments?post=254758"}],"version-history":[{"count":0,"href":"https:\/\/dimensionturistica.com\/es\/wp-json\/wp\/v2\/posts\/254758\/revisions"}],"wp:featuredmedia":[{"embeddable":true,"href":"https:\/\/dimensionturistica.com\/es\/wp-json\/wp\/v2\/media\/254763"}],"wp:attachment":[{"href":"https:\/\/dimensionturistica.com\/es\/wp-json\/wp\/v2\/media?parent=254758"}],"wp:term":[{"taxonomy":"category","embeddable":true,"href":"https:\/\/dimensionturistica.com\/es\/wp-json\/wp\/v2\/categories?post=254758"},{"taxonomy":"post_tag","embeddable":true,"href":"https:\/\/dimensionturistica.com\/es\/wp-json\/wp\/v2\/tags?post=254758"}],"curies":[{"name":"wp","href":"https:\/\/api.w.org\/{rel}","templated":true}]}}