{"id":253977,"date":"2022-01-03T12:42:46","date_gmt":"2022-01-03T12:42:46","guid":{"rendered":"https:\/\/dimensionturistica.com\/es\/?p=253977"},"modified":"2022-01-03T12:42:47","modified_gmt":"2022-01-03T12:42:47","slug":"angustiosa-situacion-del-sector-turistico-espanol","status":"publish","type":"post","link":"https:\/\/dimensionturistica.com\/es\/angustiosa-situacion-del-sector-turistico-espanol\/","title":{"rendered":"Angustiosa situaci\u00f3n del sector tur\u00edstico espa\u00f1ol"},"content":{"rendered":"<p> <br \/>\n<\/p>\n<div>\n<p>La sexta ola vuelve a rematar al sector tur\u00edstico espa\u00f1ol que a duras penas han sobrevivido a las anteriores. <em>.- Nos indica D. Alberto Rodr\u00edguez<\/em><\/p>\n<p>Las televisiones y sus noticias abren o cierran nuestras ventas provocando miedo, provocando cancelaciones. Acaso es m\u00e1s f\u00e1cil contagiarse de virus en un lodge (perfectamente controlado) que en una macro fiesta en la Puerta del Sol o en cualquier centro comercial sin ning\u00fan tipo de medida de seguridad \/ aforo. (Exceptuando la mascarilla).<\/p>\n<p>Las televisiones aconsejan no viajar, machacando a nuestro sector, sin embargo todav\u00eda no se ha escuchado \u201cno vayas a un centro comercial o a tomar las uvas en la Puerta del Sol\u201d Est\u00e1 claro que las televisiones se han rodeado de colaboradores \/ periodistas que no miden correctamente sus opiniones causando da\u00f1os incalculables a la primera empresa nacional:<strong> EL TURISMO.<\/strong><\/p>\n<p>Precisamos m\u00e1s ayuda de la administraci\u00f3n para el cese inmediato de esta incontrolada campa\u00f1a medi\u00e1tica que nos ha convertido en uno de los sectores m\u00e1s damnificados por la pandemia. Espa\u00f1a disfruta de una infraestructura hotelera \/ tur\u00edstica de las <strong>m\u00e1s seguras del mundo<\/strong> y ese deber\u00eda ser el mensaje de nuestras televisiones \/ pol\u00edticos. <em>.- Asegura D. Alberto Rodr\u00edguez<\/em><\/p>\n<p>El gobierno, se ha quitado la responsabilidad de common unas medidas de seguridad l\u00f3gicas y uniformes en el territorio nacional generando desconfianza y miedo normal \u00a1S\u00e1lvese quien pueda!<\/p>\n<p>Esta mala gesti\u00f3n ha provocado ya el cierre de cientos de hoteles y agencias de viaje en toda Espa\u00f1a.<\/p>\n<p>La historia se repite: Son ya dos meses que solo trabajamos para tramitar cancelaciones, por cambios de normativas COVID, por cancelaciones del proveedor, vuelos anulados o cierres de establecimientos tur\u00edsticos.<\/p>\n<p>Hasta cu\u00e1ndo vamos a sufrir esta mala gesti\u00f3n?<\/p>\n<p>Alberto Rodr\u00edguez \/ CEO Ofertravel<\/p>\n<p>Redacci\u00f3n MUNDO VIAJES<\/p>\n<p>3 enero de 2022<\/p>\n<div class=\"wysiwyg-photo\"><img decoding=\"async\" src=\"https:\/\/static.hosteltur.com\/app\/public\/uploads\/img\/posts\/2022\/01\/03\/L_133556_hotel-k2re-620x349-at-abc.jpg\" alt=\"Imagen opini\u00f3n Hosteltur\" width=\"620\" height=\"349\"\/><\/div><\/div>\n\n<p><em> &#8221; Fuentes www.hosteltur.com &#8221; <\/em><\/p>\n","protected":false},"excerpt":{"rendered":"<p>La sexta ola vuelve a rematar al sector tur\u00edstico espa\u00f1ol que a duras penas han sobrevivido a las anteriores. .- Nos indica D. Alberto Rodr\u00edguez Las televisiones y sus noticias abren o cierran nuestras ventas provocando miedo, provocando cancelaciones. Acaso es m\u00e1s f\u00e1cil contagiarse de virus en un lodge (perfectamente controlado) que en una macro [&hellip;]<\/p>\n","protected":false},"author":4,"featured_media":253978,"comment_status":"open","ping_status":"closed","sticky":false,"template":"","format":"standard","meta":{"om_disable_all_campaigns":false,"jnews-multi-image_gallery":[],"jnews_single_post":[],"jnews_primary_category":[],"jnews_social_meta":[],"footnotes":""},"categories":[40],"tags":[1140],"class_list":["post-253977","post","type-post","status-publish","format-standard","has-post-thumbnail","hentry","category-industria","tag-hoteles-y-alojamientos"],"_links":{"self":[{"href":"https:\/\/dimensionturistica.com\/es\/wp-json\/wp\/v2\/posts\/253977","targetHints":{"allow":["GET"]}}],"collection":[{"href":"https:\/\/dimensionturistica.com\/es\/wp-json\/wp\/v2\/posts"}],"about":[{"href":"https:\/\/dimensionturistica.com\/es\/wp-json\/wp\/v2\/types\/post"}],"author":[{"embeddable":true,"href":"https:\/\/dimensionturistica.com\/es\/wp-json\/wp\/v2\/users\/4"}],"replies":[{"embeddable":true,"href":"https:\/\/dimensionturistica.com\/es\/wp-json\/wp\/v2\/comments?post=253977"}],"version-history":[{"count":0,"href":"https:\/\/dimensionturistica.com\/es\/wp-json\/wp\/v2\/posts\/253977\/revisions"}],"wp:featuredmedia":[{"embeddable":true,"href":"https:\/\/dimensionturistica.com\/es\/wp-json\/wp\/v2\/media\/253978"}],"wp:attachment":[{"href":"https:\/\/dimensionturistica.com\/es\/wp-json\/wp\/v2\/media?parent=253977"}],"wp:term":[{"taxonomy":"category","embeddable":true,"href":"https:\/\/dimensionturistica.com\/es\/wp-json\/wp\/v2\/categories?post=253977"},{"taxonomy":"post_tag","embeddable":true,"href":"https:\/\/dimensionturistica.com\/es\/wp-json\/wp\/v2\/tags?post=253977"}],"curies":[{"name":"wp","href":"https:\/\/api.w.org\/{rel}","templated":true}]}}