{"id":253906,"date":"2022-01-03T10:55:07","date_gmt":"2022-01-03T10:55:07","guid":{"rendered":"https:\/\/dimensionturistica.com\/es\/?p=253906"},"modified":"2022-01-03T10:55:07","modified_gmt":"2022-01-03T10:55:07","slug":"el-datil-de-oro-de-shukran-foods","status":"publish","type":"post","link":"https:\/\/dimensionturistica.com\/es\/el-datil-de-oro-de-shukran-foods\/","title":{"rendered":"El d\u00e1til de &#8220;oro&#8221; de Shukran Foods"},"content":{"rendered":"<p> <br \/>\n<\/p>\n<p>Realfooding, el movimiento creado por Carlos R\u00edos, defiende que la crema de cacao de Shukran Meals se convierte en un producto \u00fanico gracias a su ausencia de frutos con c\u00e1scara, l\u00e1cteos y soja. <\/p>\n<div>\n<p>Tras la pol\u00e9mica generada por el etiquetado del \u00faltimo lanzamiento de <strong>Shukran Meals<\/strong>, la crema de cacao, la compa\u00f1\u00eda junto a <strong><a target=\"_blank\" href=\"https:\/\/es-es.facebook.com\/carlosriosq\" rel=\"noreferrer noopener nofollow\">Carlos R\u00edos<\/a><\/strong>, creador del movimiento <strong>Realfooding<\/strong> han decidido lanzar una campa\u00f1a para reivindicar los az\u00facares naturales del d\u00e1til.<\/p>\n<p>Para ello, lanzar\u00e1n un <strong>sorteo estas navidades<\/strong> con el objetivo de \u00abendulzar\u00bb las fiestas a sus seguidores. <strong>El sorteo arrancar\u00e1 el 3 de enero y finalizar\u00e1 el 10 de enero.\u00a0<\/strong> Habr\u00e1 tres premios, un d\u00e1til de oro, uno de plata y otro de bronce, valorados en m\u00e1s de 2500 euros. Se trata de esculturas realizadas de forma artesanal por la joyer\u00eda Conde de Diamante.<\/p>\n<figure class=\"wp-block-image size-full\"><img decoding=\"async\" loading=\"lazy\" width=\"1200\" height=\"675\" src=\"https:\/\/www.marketingdirecto.com\/wp-content\/uploads\/2022\/01\/datil-Shukran-Foods.png\" alt=\"\" class=\"wp-image-694193\" srcset=\"https:\/\/www.marketingdirecto.com\/wp-content\/uploads\/2022\/01\/datil-Shukran-Foods.png 1200w, https:\/\/www.marketingdirecto.com\/wp-content\/uploads\/2022\/01\/datil-Shukran-Foods-850x478.png 850w, https:\/\/www.marketingdirecto.com\/wp-content\/uploads\/2022\/01\/datil-Shukran-Foods-768x432.png 768w, https:\/\/www.marketingdirecto.com\/wp-content\/uploads\/2022\/01\/datil-Shukran-Foods-100x56.png 100w, https:\/\/www.marketingdirecto.com\/wp-content\/uploads\/2022\/01\/datil-Shukran-Foods-280x158.png 280w\" sizes=\"auto, (max-width: 1200px) 100vw, 1200px\"\/><\/figure>\n<p>Con esta campa\u00f1a Shukran Meals y Carlos R\u00edos, dan la vuelta a la pol\u00e9mica generada por el lanzamiento de la crema de cacao: una crema sin az\u00facares a\u00f1adidos y sin edulcorantes. \u00abLos az\u00facares que lleva la crema de cacao son los\u00a0<strong>naturalmente presentes<\/strong>\u00a0del propio d\u00e1til que tambi\u00e9n conserva su fibra. <strong>La pasta de d\u00e1til no es igual al az\u00facar<\/strong>, jarabe o sirope de d\u00e1til. No hemos a\u00f1adido ning\u00fan otro y para que no haya confusi\u00f3n, hemos cambiado el mensaje del packaging pero seguiremos defendiendo nuestro producto. Estamos ante una de las cremas de cacao m\u00e1s saludables del mercado y con menos calor\u00edas\u00bb, explica Carlos R\u00edos.<\/p>\n<p>El d\u00e1til seguir\u00e1 presente en la crema de cacao y en la campa\u00f1a de Shukran Meals y Carlos R\u00edos porque el <strong>objetivo es endulzar estas fiestas a los consumidores <\/strong>con un toque de humor.<\/p>\n<p>\u00abYa que se ha hablado tanto del d\u00e1til, queremos que se siga hablando, estamos convencidos de la excelencia de nuestro producto y los consumidores tambi\u00e9n. La crema de cacao es uno de los productos estrella de las navidades, un s\u00faper ventas que est\u00e1 permitiendo a muchas personas disfrutar de una crema saludable sin preocuparse tanto de las calor\u00edas, eso s\u00ed, siempre aconsejamos un consumo responsable\u00bb, explica <strong>Patricia Gallego<\/strong>, CEO de Shukran Meals. \u00abPor eso, seguimos divulgando la importancia de priorizar la comida actual y complementar la alimentaci\u00f3n con buenos procesados (como la crema de cacao) desde todos nuestros perfiles\u00bb, matiza Carlos R\u00edos.<\/p>\n<p>La crema de cacao est\u00e1 elaborada con\u00a0<strong>casta\u00f1a, d\u00e1til, cacao y AOVE<\/strong>. No hay que olvidar que la mayor parte de cremas de cacao del mercado presentan al az\u00facar a\u00f1adido y a los aceites refinados como ingredientes principales. Tambi\u00e9n ofrecen una muy baja cantidad de materias primas a diferencia de la nuestra.<\/p>\n<p>La casta\u00f1a es el ingrediente clave en este producto. Rica en fibra y con una buena cantidad de <strong>vitaminas, minerales y antioxidantes<\/strong>.\u00a0Otro issue que diferencia a la crema de cacao de Shukran Meals de otras del mercado es que\u00a0es un <strong>producto libre de al\u00e9rgenos de frutos con c\u00e1scara, l\u00e1cteos y soja<\/strong>, lo que la hace tolerable para un mayor n\u00famero de personas.<\/p>\n<p>Por otra parte, no contiene gluten, ni ingredientes de origen animal (leche y derivados incluidos), por lo que este producto es v\u00e1lido tambi\u00e9n para personas que no puedan consumir l\u00e1cteos, para vegetarianos o para veganos.<\/p>\n<p>La crema de cacao Shukran Meals Realfooding es un producto con un bajo contenido en grasas saturadas y con un gran aporte de fibra y prote\u00ednas. Adem\u00e1s,<strong> la nueva crema de cacao scale back m\u00e1s de un 60% la calor\u00edas y grasas saturadas<\/strong> que otras cremas al cacao del mercado (con tan solo 27 calor\u00edas por raci\u00f3n de 15 gramos).<\/p>\n<p>Nota de Prensa. <\/p>\n<\/div>\n<p>\nNo te pierdas nada de MarketingDirecto.com y \u00fanete a nuestro Telegram <a target=\"_blank\" href=\"https:\/\/t.me\/MkDirecto\" rel=\"nofollow noopener\">t.me\/MarketingDirecto<\/a>\n<\/p>\n<p><script async defer crossorigin=\"anonymous\" src=\"https:\/\/connect.facebook.net\/es_ES\/sdk.js#xfbml=1&#038;version=v12.0&#038;appId=408746052611679&#038;autoLogAppEvents=1\">\n\t\t<\/script><br \/>\n<br \/><\/p>\n<p><em> \u2018 The preceding article may include information circulated by third parties \u2019 <\/em><\/p>\n<p><em> \u2018 Some details of this article were extracted from the following source www.marketingdirecto.com \u2019 <\/em><\/p>\n","protected":false},"excerpt":{"rendered":"<p>Realfooding, el movimiento creado por Carlos R\u00edos, defiende que la crema de cacao de Shukran Meals se convierte en un producto \u00fanico gracias a su ausencia de frutos con c\u00e1scara, l\u00e1cteos y soja. Tras la pol\u00e9mica generada por el etiquetado del \u00faltimo lanzamiento de Shukran Meals, la crema de cacao, la compa\u00f1\u00eda junto a Carlos [&hellip;]<\/p>\n","protected":false},"author":2,"featured_media":253907,"comment_status":"open","ping_status":"closed","sticky":false,"template":"","format":"standard","meta":{"om_disable_all_campaigns":false,"jnews-multi-image_gallery":[],"jnews_single_post":[],"jnews_primary_category":[],"jnews_social_meta":[],"footnotes":""},"categories":[43],"tags":[],"class_list":["post-253906","post","type-post","status-publish","format-standard","has-post-thumbnail","hentry","category-gourmet"],"_links":{"self":[{"href":"https:\/\/dimensionturistica.com\/es\/wp-json\/wp\/v2\/posts\/253906","targetHints":{"allow":["GET"]}}],"collection":[{"href":"https:\/\/dimensionturistica.com\/es\/wp-json\/wp\/v2\/posts"}],"about":[{"href":"https:\/\/dimensionturistica.com\/es\/wp-json\/wp\/v2\/types\/post"}],"author":[{"embeddable":true,"href":"https:\/\/dimensionturistica.com\/es\/wp-json\/wp\/v2\/users\/2"}],"replies":[{"embeddable":true,"href":"https:\/\/dimensionturistica.com\/es\/wp-json\/wp\/v2\/comments?post=253906"}],"version-history":[{"count":0,"href":"https:\/\/dimensionturistica.com\/es\/wp-json\/wp\/v2\/posts\/253906\/revisions"}],"wp:featuredmedia":[{"embeddable":true,"href":"https:\/\/dimensionturistica.com\/es\/wp-json\/wp\/v2\/media\/253907"}],"wp:attachment":[{"href":"https:\/\/dimensionturistica.com\/es\/wp-json\/wp\/v2\/media?parent=253906"}],"wp:term":[{"taxonomy":"category","embeddable":true,"href":"https:\/\/dimensionturistica.com\/es\/wp-json\/wp\/v2\/categories?post=253906"},{"taxonomy":"post_tag","embeddable":true,"href":"https:\/\/dimensionturistica.com\/es\/wp-json\/wp\/v2\/tags?post=253906"}],"curies":[{"name":"wp","href":"https:\/\/api.w.org\/{rel}","templated":true}]}}