{"id":253733,"date":"2022-01-02T21:50:44","date_gmt":"2022-01-02T21:50:44","guid":{"rendered":"https:\/\/dimensionturistica.com\/es\/?p=253733"},"modified":"2022-01-02T21:50:45","modified_gmt":"2022-01-02T21:50:45","slug":"viajes-aereos-en-eeuu-siguen-siendo-complicados-otros-2-000-vuelos-cancelados-diario-de-queretaro","status":"publish","type":"post","link":"https:\/\/dimensionturistica.com\/es\/viajes-aereos-en-eeuu-siguen-siendo-complicados-otros-2-000-vuelos-cancelados-diario-de-queretaro\/","title":{"rendered":"Viajes a\u00e9reos en EEUU siguen siendo complicados: otros 2.000 vuelos cancelados &#8211; Diario de Quer\u00e9taro"},"content":{"rendered":"<p> <br \/>\n<\/p>\n<div id=\"content-body-5851641-7679575\">\n<p>Los d\u00edas de caos a\u00e9reo en Estados Unidos contin\u00faan el domingo, cuando muchos regresaban a casa despu\u00e9s de sus vacaciones, con m\u00e1s de 2.000 vuelos cancelados debido al mal tiempo o problemas de private en las aerol\u00edneas provocados por un aumento en los casos de covid-19.<\/p>\n<p>A las 16h30 GMT se hab\u00edan cancelado 2.201 vuelos nacionales o internacionales que despegaban desde o hacia Estados Unidos, cifra cercana a los 2.749 cancelados en el transcurso del s\u00e1bado, dijo el servicio de seguimiento de vuelos FlightAware.<\/p>\n<p>Esa cifra del mediod\u00eda represent\u00f3 m\u00e1s de la mitad de los 3.743 vuelos cancelados en todo el mundo. Otros casi 2.400 vuelos estadounidenses sufrieron retrasos.<\/p>\n<p>El mal tiempo caus\u00f3 estragos este fin de semana en el tr\u00e1fico a\u00e9reo, y muchas regiones del pa\u00eds se vieron afectadas por fuertes nevadas, potentes vientos o incluso inundaciones.<\/p>\n<p>Los aeropuertos de Chicago, un importante centro de tr\u00e1nsito, fueron los m\u00e1s afectados el s\u00e1bado debido a una tormenta de nieve.<\/p>\n<p>El domingo, otros aeropuertos importantes que sufrieron problemas fueron Atlanta, Denver, Detroit, Houston y Newark, en Nueva Jersey.<\/p>\n<p>En todo el mundo, el tr\u00e1fico a\u00e9reo ha sufrido problemas desde Navidad debido a problemas de private de las aerol\u00edneas relacionados con la propagaci\u00f3n de la variante altamente contagiosa del coronavirus \u00f3micron.<\/p>\n<\/div>\n<p><script>(function(d, s, id) {\nvar js, fjs = d.getElementsByTagName(s)[0];\nif (d.getElementById(id)) return;\njs = d.createElement(s); js.id = id;\njs.src=\"https:\/\/connect.facebook.net\/es_LA\/sdk.js#xfbml=1&version=v3.2&appId=193330489502691&autoLogAppEvents=1\";\nfjs.parentNode.insertBefore(js, fjs);\n}(document, 'script', 'facebook-jssdk'));\n<\/script><br \/>\n<br \/><\/p>\n<p><em> &#8221; Fuentes www.diariodequeretaro.com.mx &#8221; <\/em><\/p>\n","protected":false},"excerpt":{"rendered":"<p>Los d\u00edas de caos a\u00e9reo en Estados Unidos contin\u00faan el domingo, cuando muchos regresaban a casa despu\u00e9s de sus vacaciones, con m\u00e1s de 2.000 vuelos cancelados debido al mal tiempo o problemas de private en las aerol\u00edneas provocados por un aumento en los casos de covid-19. A las 16h30 GMT se hab\u00edan cancelado 2.201 vuelos [&hellip;]<\/p>\n","protected":false},"author":4,"featured_media":0,"comment_status":"open","ping_status":"closed","sticky":false,"template":"","format":"standard","meta":{"om_disable_all_campaigns":false,"jnews-multi-image_gallery":[],"jnews_single_post":[],"jnews_primary_category":[],"jnews_social_meta":[],"footnotes":""},"categories":[39],"tags":[510,1362,740],"class_list":["post-253733","post","type-post","status-publish","format-standard","hentry","category-viajes","tag-covid-19","tag-eeuu","tag-vuelos"],"_links":{"self":[{"href":"https:\/\/dimensionturistica.com\/es\/wp-json\/wp\/v2\/posts\/253733","targetHints":{"allow":["GET"]}}],"collection":[{"href":"https:\/\/dimensionturistica.com\/es\/wp-json\/wp\/v2\/posts"}],"about":[{"href":"https:\/\/dimensionturistica.com\/es\/wp-json\/wp\/v2\/types\/post"}],"author":[{"embeddable":true,"href":"https:\/\/dimensionturistica.com\/es\/wp-json\/wp\/v2\/users\/4"}],"replies":[{"embeddable":true,"href":"https:\/\/dimensionturistica.com\/es\/wp-json\/wp\/v2\/comments?post=253733"}],"version-history":[{"count":0,"href":"https:\/\/dimensionturistica.com\/es\/wp-json\/wp\/v2\/posts\/253733\/revisions"}],"wp:attachment":[{"href":"https:\/\/dimensionturistica.com\/es\/wp-json\/wp\/v2\/media?parent=253733"}],"wp:term":[{"taxonomy":"category","embeddable":true,"href":"https:\/\/dimensionturistica.com\/es\/wp-json\/wp\/v2\/categories?post=253733"},{"taxonomy":"post_tag","embeddable":true,"href":"https:\/\/dimensionturistica.com\/es\/wp-json\/wp\/v2\/tags?post=253733"}],"curies":[{"name":"wp","href":"https:\/\/api.w.org\/{rel}","templated":true}]}}