{"id":253489,"date":"2022-01-02T08:30:18","date_gmt":"2022-01-02T08:30:18","guid":{"rendered":"https:\/\/dimensionturistica.com\/es\/?p=253489"},"modified":"2022-01-02T08:30:18","modified_gmt":"2022-01-02T08:30:18","slug":"el-reconocido-chef-argentino-mauro-colagreco-abrira-tres-nuevos-restaurantes-en-londres","status":"publish","type":"post","link":"https:\/\/dimensionturistica.com\/es\/el-reconocido-chef-argentino-mauro-colagreco-abrira-tres-nuevos-restaurantes-en-londres\/","title":{"rendered":"El reconocido chef argentino Mauro Colagreco abrir\u00e1 tres nuevos restaurantes en Londres"},"content":{"rendered":"<p> <br \/>\n<\/p>\n<div>\n<div class=\"visual__image \"><img decoding=\"async\" alt=\"Mauro Colagreco\" src=\"https:\/\/www.infobae.com\/new-resizer\/xYag4oiug0qu4NZIDHnFg2604bk=\/420x236\/filters:format(webp):quality(85)\/cloudfront-us-east-1.images.arcpublishing.com\/infobae\/CBWCOB6A7ZFVHOOSGT6HFV5YVQ.jpg 420w\" height=\"2160\" width=\"3840\" srcset=\"https:\/\/www.infobae.com\/new-resizer\/xYag4oiug0qu4NZIDHnFg2604bk=\/420x236\/filters:format(webp):quality(85)\/cloudfront-us-east-1.images.arcpublishing.com\/infobae\/CBWCOB6A7ZFVHOOSGT6HFV5YVQ.jpg 420w,https:\/\/www.infobae.com\/new-resizer\/L7flrD7JD9sHUNKjN7wh7HbxQqI=\/768x432\/filters:format(webp):quality(85)\/cloudfront-us-east-1.images.arcpublishing.com\/infobae\/CBWCOB6A7ZFVHOOSGT6HFV5YVQ.jpg 768w,https:\/\/www.infobae.com\/new-resizer\/VFZgsfBTXCuL8eITkkbC499R7gU=\/992x558\/filters:format(webp):quality(85)\/cloudfront-us-east-1.images.arcpublishing.com\/infobae\/CBWCOB6A7ZFVHOOSGT6HFV5YVQ.jpg 992w,https:\/\/www.infobae.com\/new-resizer\/8nVTf19FPnblqqqFDcO7Mt6wKKg=\/1200x675\/filters:format(webp):quality(85)\/cloudfront-us-east-1.images.arcpublishing.com\/infobae\/CBWCOB6A7ZFVHOOSGT6HFV5YVQ.jpg 1200w,https:\/\/www.infobae.com\/new-resizer\/o4bOQ_vct0UwkEBMalfhccnxfnI=\/1440x810\/filters:format(webp):quality(85)\/cloudfront-us-east-1.images.arcpublishing.com\/infobae\/CBWCOB6A7ZFVHOOSGT6HFV5YVQ.jpg 1440w\" sizes=\"auto, (min-width: 800px) 50vw, 90vw\" loading=\"lazy\"\/><figcaption class=\"\">Mauro Colagreco<\/figcaption><\/div>\n<p class=\"paragraph\">El famoso chef argentino <b>Mauro Colagreco<\/b>, quien est\u00e1 al frente del restaurante franc\u00e9s recientemente <a target=\"_blank\" href=\"https:\/\/www.infobae.com\/tendencias\/2019\/06\/26\/en-primera-persona-un-almuerzo-en-mirazur-el-mejor-restaurante-del-mundo\/\" rel=\"noopener\">elegido como el mejor del mundo<\/a>, decidi\u00f3 abrir tres nuevos locales gastron\u00f3micos de alto nivel en Londres.<\/p>\n<p class=\"paragraph\">El oriundo de La Plata, ganador hasta el momento de tres estrellas Michelin, <b>se asoci\u00f3 para este proyecto con la cadena de hoteles de lujo Raffles London<\/b>, que para fines del 2022 tiene previsto abrir un establecimiento en la zona de Whitehall, ciudad de Westminster, en la capital inglesa.<\/p>\n<p class=\"paragraph\">El edificio, llamado The OWO (por las siglas de Outdated Struggle Workplace, vieja oficina de guerra, en ingl\u00e9s), contar\u00e1 con <b>120 habitaciones y 85 residencias privadas, adem\u00e1s de 11 restaurantes y bares<\/b>, algunos de los cuales estar\u00e1n dirigidos por Colagreco.<\/p>\n<p class=\"paragraph\">De acuerdo con el peri\u00f3dico brit\u00e1nico <i>Night Normal<\/i>, el cocinero platense, nacionalizado italiano, tiene pensado crear \u201cuna brasserie con un toque distintivo\u201d, y un native de \u201calta cocina\u201d, as\u00ed como tambi\u00e9n una \u201cmesa privada del chef\u201d situada en pleno centro de la ciudad.<\/p>\n<p class=\"paragraph\"><b>\u201cLa incre\u00edble ubicaci\u00f3n, combinada con la profesionalidad del equipo del Raffles London, me convenci\u00f3 de que este era el momento y el lugar ideales <\/b>para lanzar por primera vez en Londres con conceptos que estar\u00e1n hechos a la medida del Raffles\u201d, explic\u00f3 al mencionado medio ingl\u00e9s.<\/p>\n<p class=\"paragraph\"><b>Con un enfoque en los ingredientes de temporada, locales, sostenibles y org\u00e1nicos<\/b>, los men\u00fas que propone Colagreco para estas tres nuevas experiencias parecen continuar con la elegante simplicidad que implement\u00f3 en Mirazur, el restaurante que dirige desde hace varios a\u00f1os en la Costa Azul de Francia y que en 2019 fu elegido como <a target=\"_blank\" href=\"https:\/\/www.infobae.com\/tendencias\/2019\/06\/25\/mirazur-del-chef-argentino-mauro-colagreco-fue-elegido-como-el-mejor-restaurante-del-mundo\/\" rel=\"noopener\">el n\u00famero uno en el mundo, seg\u00fan la lista <i>The World\u2019s 50 Best Restaurants<\/i><\/a>.<\/p>\n<div class=\"visual__image \"><img decoding=\"async\" alt=\"El chef se caracteriza por utilizar productos org\u00e1nicos (EFE\/ Mariscal)\" src=\"https:\/\/www.infobae.com\/new-resizer\/Reybi4yiDeo121i6I_1np4sl1iE=\/420x280\/filters:format(webp):quality(85)\/cloudfront-us-east-1.images.arcpublishing.com\/infobae\/R2JLO5HZPFDSBDGQ77TVEKWX4I.jpg 420w\" height=\"2992\" width=\"4496\" srcset=\"https:\/\/www.infobae.com\/new-resizer\/Reybi4yiDeo121i6I_1np4sl1iE=\/420x280\/filters:format(webp):quality(85)\/cloudfront-us-east-1.images.arcpublishing.com\/infobae\/R2JLO5HZPFDSBDGQ77TVEKWX4I.jpg 420w,https:\/\/www.infobae.com\/new-resizer\/Un8CQOK9GPyNXyh5-6TquAP7l7I=\/768x512\/filters:format(webp):quality(85)\/cloudfront-us-east-1.images.arcpublishing.com\/infobae\/R2JLO5HZPFDSBDGQ77TVEKWX4I.jpg 768w,https:\/\/www.infobae.com\/new-resizer\/auf3kCyMJYJSHttLsb69qDzYv0E=\/992x661\/filters:format(webp):quality(85)\/cloudfront-us-east-1.images.arcpublishing.com\/infobae\/R2JLO5HZPFDSBDGQ77TVEKWX4I.jpg 992w,https:\/\/www.infobae.com\/new-resizer\/V8oV96LXezTpVauOqgijAOmcjT0=\/1200x800\/filters:format(webp):quality(85)\/cloudfront-us-east-1.images.arcpublishing.com\/infobae\/R2JLO5HZPFDSBDGQ77TVEKWX4I.jpg 1200w,https:\/\/www.infobae.com\/new-resizer\/QqCDEncsOWu3H9BVwVlpwkClp20=\/1440x960\/filters:format(webp):quality(85)\/cloudfront-us-east-1.images.arcpublishing.com\/infobae\/R2JLO5HZPFDSBDGQ77TVEKWX4I.jpg 1440w\" sizes=\"auto, (min-width: 800px) 50vw, 90vw\" loading=\"lazy\"\/><figcaption class=\"\">El chef se caracteriza por utilizar productos org\u00e1nicos (EFE\/ Mariscal)<\/figcaption><\/div>\n<p class=\"paragraph\">El cocinero naci\u00f3 en La Plata en 1976, obtuvo su t\u00edtulo en la escuela del Gato Dumas y, luego de especializarse con Beatriz Chomnalez, se mud\u00f3 a Francia en 2001. Una vez instalado en la tierra del <i>foie<\/i> y la <i>raclette,<\/i> trabaj\u00f3 con el c\u00e9lebre chef<b> Bernard Loiseau,<\/b> con <b>Alain Passard, en Arp\u00e8ge, y <\/b>con<b> Alain Ducasse, <\/b>en el <b>Resort Plaza Ath\u00e9n\u00e9e,<\/b> antes de instalarse en <b>Menton,<\/b> en 2006, en la frontera italiana-francesa.<\/p>\n<p class=\"paragraph\">\u201cCuando me fui de la <b>Argentina<\/b>, lo hice contento de irme a hacer una experiencia afuera. Y, aunque ten\u00eda la idea de volver, de hacer una experiencia de tres o cuatro a\u00f1os, la vida me fue cambiando el rumbo. <b>Cuando uno est\u00e1 alejado de sus afectos siempre le surge la pregunta de si en alg\u00fan momento deber\u00eda volver\u201d, <\/b>reflexion\u00f3 a\u00f1os atr\u00e1s<a target=\"_blank\" href=\"https:\/\/www.infobae.com\/tendencias\/2019\/07\/20\/mauro-colagreco-a-solas-con-infobae-nunca-fui-alguien-que-se-arraigara-demasiado-a-las-tradiciones\/\" rel=\"noopener\"> en una entrevista con<b> Infobae<\/b>.<\/a><\/p>\n<p class=\"paragraph\">Cuando lleg\u00f3 a <b>Menton,<\/b> el pueblo en la Costa Azul donde se afinca su restaurante, no conoc\u00eda a nadie. Nunca antes hab\u00eda estado en esa parte del litoral mediterr\u00e1neo en el sureste franc\u00e9s, no sab\u00eda de sus productores ni hab\u00eda probado su cocina. Sin embargo, todo eso le permiti\u00f3 seg\u00fan cont\u00f3 <b>tener una mirada muy libre<\/b> <b>en la creaci\u00f3n de los platos<\/b> que despu\u00e9s se hicieron realidad en <b>Mirazur.<\/b><\/p>\n<div class=\"visual__image \"><img decoding=\"async\" alt=\"Mauro Colagreco junto a su equipo de cocineros \" src=\"https:\/\/www.infobae.com\/new-resizer\/Jn7Ez_p9v__sv9EDfBQzHo-a3oc=\/420x236\/filters:format(webp):quality(85)\/cloudfront-us-east-1.images.arcpublishing.com\/infobae\/NYDC5DRP6FGSDMMPRW75DH6ELY.jpg 420w\" height=\"1080\" width=\"1920\" srcset=\"https:\/\/www.infobae.com\/new-resizer\/Jn7Ez_p9v__sv9EDfBQzHo-a3oc=\/420x236\/filters:format(webp):quality(85)\/cloudfront-us-east-1.images.arcpublishing.com\/infobae\/NYDC5DRP6FGSDMMPRW75DH6ELY.jpg 420w,https:\/\/www.infobae.com\/new-resizer\/p7NJG5tX1kzuY11aNtaGutYzaYQ=\/768x432\/filters:format(webp):quality(85)\/cloudfront-us-east-1.images.arcpublishing.com\/infobae\/NYDC5DRP6FGSDMMPRW75DH6ELY.jpg 768w,https:\/\/www.infobae.com\/new-resizer\/6Yotj9PwK3kSMe4XVbewVUIQdTs=\/992x558\/filters:format(webp):quality(85)\/cloudfront-us-east-1.images.arcpublishing.com\/infobae\/NYDC5DRP6FGSDMMPRW75DH6ELY.jpg 992w,https:\/\/www.infobae.com\/new-resizer\/3EucjFKi7748z_0nqBTEXAh7KDg=\/1200x675\/filters:format(webp):quality(85)\/cloudfront-us-east-1.images.arcpublishing.com\/infobae\/NYDC5DRP6FGSDMMPRW75DH6ELY.jpg 1200w,https:\/\/www.infobae.com\/new-resizer\/BWYc4AqEbAihBFE9fSrj2fyIGkM=\/1440x810\/filters:format(webp):quality(85)\/cloudfront-us-east-1.images.arcpublishing.com\/infobae\/NYDC5DRP6FGSDMMPRW75DH6ELY.jpg 1440w\" sizes=\"auto, (min-width: 800px) 50vw, 90vw\" loading=\"lazy\"\/><figcaption class=\"\">Mauro Colagreco junto a su equipo de cocineros <\/figcaption><\/div>\n<p class=\"paragraph\">Una de las caracter\u00edsticas del lugar es que atiende sin carta y el comensal solo se limita a informar si hay algo que por gusto o cuestiones de salud no puede comer. <b>Adem\u00e1s, el men\u00fa var\u00eda cada temporada, ya que los ingredientes son frescos, y provienen de la huerta que mantiene Colagreco.<\/b><\/p>\n<p class=\"paragraph\">Meses atr\u00e1s el native tuvo que cerrar durante el per\u00edodo de la cuarentena estricta que se impuso en Francia para combatir el coronavirus: \u201cFueron momentos dif\u00edciles. Sin embargo,<b> la pandemia nos demostr\u00f3 la capacidad que tenemos los seres humanos de adaptarnos y reinventarnos. <\/b>Afortunadamente, a m\u00ed me toc\u00f3 en un momento donde, ya en mi carrera, ten\u00eda un piso importante. Y, econ\u00f3micamente, a pesar de ser duro, pude sostener a los equipos y a toda la estructura\u201d, explic\u00f3 el destacado chef argentino que ahora va por m\u00e1s.<\/p>\n<p class=\"paragraph\"><b>SEGUIR LEYENDO:<\/b><\/p>\n<div class=\"text-element\"><a target=\"_blank\" href=\"https:\/\/www.infobae.com\/sociedad\/2021\/10\/05\/productos-frescos-la-luna-y-los-sentimientos-las-tres-claves-de-la-cocina-de-mauro-colagreco-el-mejor-chef-del-mundo\/\" rel=\"noopener\">Productos frescos, la Luna y los sentimientos: las tres claves de la cocina de Mauro Colagreco, el mejor chef del mundo<\/a><\/div>\n<div class=\"text-element\"><a target=\"_blank\" href=\"https:\/\/www.infobae.com\/tendencias\/2021\/12\/16\/de-rio-cuarto-para-todo-el-mundo-quien-es-carito-lourenco-la-primera-mujer-argentina-en-ganar-una-estrella-michelin\/\" rel=\"noopener\">De R\u00edo Cuarto para todo el mundo: qui\u00e9n es Carito Louren\u00e7o, la primera mujer argentina en ganar una estrella Michelin<\/a><\/div>\n<\/div>\n<p><script defer=\"\">!function(f,b,e,v,n,t,s) {if(f.fbq)return;n=f.fbq=function(){n.callMethod? n.callMethod.apply(n,arguments):n.queue.push(arguments)}; if(!f._fbq)f._fbq=n;n.push=n;n.loaded=!0;n.version='2.0'; n.queue=[];t=b.createElement(e);t.async=!0; t.src=v;s=b.getElementsByTagName(e)[0]; s.parentNode.insertBefore(t,s)}(window, document,'script', 'https:\/\/connect.facebook.net\/en_US\/fbevents.js'); fbq('init', '336383993555320'); fbq('track', 'PageView'); fbq('track', 'ViewContent');<\/script><br \/>\n<br \/><\/p>\n<p><em> \u2018 The preceding article may include information circulated by third parties \u2019 <\/em><\/p>\n<p><em> \u2018 Some details of this article were extracted from the following source www.infobae.com \u2019 <\/em><\/p>\n","protected":false},"excerpt":{"rendered":"<p>Mauro Colagreco El famoso chef argentino Mauro Colagreco, quien est\u00e1 al frente del restaurante franc\u00e9s recientemente elegido como el mejor del mundo, decidi\u00f3 abrir tres nuevos locales gastron\u00f3micos de alto nivel en Londres. El oriundo de La Plata, ganador hasta el momento de tres estrellas Michelin, se asoci\u00f3 para este proyecto con la cadena de [&hellip;]<\/p>\n","protected":false},"author":2,"featured_media":253490,"comment_status":"open","ping_status":"closed","sticky":false,"template":"","format":"standard","meta":{"om_disable_all_campaigns":false,"jnews-multi-image_gallery":[],"jnews_single_post":[],"jnews_primary_category":[],"jnews_social_meta":[],"footnotes":""},"categories":[43],"tags":[],"class_list":["post-253489","post","type-post","status-publish","format-standard","has-post-thumbnail","hentry","category-gourmet"],"_links":{"self":[{"href":"https:\/\/dimensionturistica.com\/es\/wp-json\/wp\/v2\/posts\/253489","targetHints":{"allow":["GET"]}}],"collection":[{"href":"https:\/\/dimensionturistica.com\/es\/wp-json\/wp\/v2\/posts"}],"about":[{"href":"https:\/\/dimensionturistica.com\/es\/wp-json\/wp\/v2\/types\/post"}],"author":[{"embeddable":true,"href":"https:\/\/dimensionturistica.com\/es\/wp-json\/wp\/v2\/users\/2"}],"replies":[{"embeddable":true,"href":"https:\/\/dimensionturistica.com\/es\/wp-json\/wp\/v2\/comments?post=253489"}],"version-history":[{"count":0,"href":"https:\/\/dimensionturistica.com\/es\/wp-json\/wp\/v2\/posts\/253489\/revisions"}],"wp:featuredmedia":[{"embeddable":true,"href":"https:\/\/dimensionturistica.com\/es\/wp-json\/wp\/v2\/media\/253490"}],"wp:attachment":[{"href":"https:\/\/dimensionturistica.com\/es\/wp-json\/wp\/v2\/media?parent=253489"}],"wp:term":[{"taxonomy":"category","embeddable":true,"href":"https:\/\/dimensionturistica.com\/es\/wp-json\/wp\/v2\/categories?post=253489"},{"taxonomy":"post_tag","embeddable":true,"href":"https:\/\/dimensionturistica.com\/es\/wp-json\/wp\/v2\/tags?post=253489"}],"curies":[{"name":"wp","href":"https:\/\/api.w.org\/{rel}","templated":true}]}}