{"id":253281,"date":"2022-01-01T16:28:19","date_gmt":"2022-01-01T16:28:19","guid":{"rendered":"https:\/\/dimensionturistica.com\/es\/?p=253281"},"modified":"2022-01-01T16:28:20","modified_gmt":"2022-01-01T16:28:20","slug":"la-nacion-rio-de-janeiro-quemo-14-toneladas-de-fuegos-artificiales","status":"publish","type":"post","link":"https:\/\/dimensionturistica.com\/es\/la-nacion-rio-de-janeiro-quemo-14-toneladas-de-fuegos-artificiales\/","title":{"rendered":"La Naci\u00f3n \/ R\u00edo de Janeiro quem\u00f3 14 toneladas de fuegos artificiales"},"content":{"rendered":"<p> <br \/>\n<\/p>\n<div>\n<p class=\"paragraph\">Al son de \u201cGarota de Ipanema\u201d y otros cl\u00e1sicos brasile\u00f1os, 14 toneladas de fuegos artificiales encantaron a los cariocas y turistas que bajaron hasta la playa, en una noche de tiempo inestable y menos aglomeraciones que antes de la pandemia.<\/p>\n<p class=\"paragraph\">\u201cFue emocionante, porque pasamos mucho tiempo en pandemia y ahora que los fuegos volvieron, parecen m\u00e1s bonitos, son m\u00e1s significativos\u201d, dijo a la AFP la carioca Andreia Viana, 47, que observ\u00f3 atenta los 16 minutos de present pirot\u00e9cnico junto a familiares y amigos, vestida con un mono amarillo \u201cpara atraer prosperidad\u201d.<\/p>\n<p class=\"paragraph\">Con sus fuegos artificiales y la tradici\u00f3n de vestirse de blanco, R\u00edo de Janeiro volvi\u00f3 este viernes pasado a celebrar su fiesta de fin de a\u00f1o en la playa de Copacabana, aunque con menos p\u00fablico debido a la lluvia y las restricciones por la pandemia.<\/p>\n<p class=\"paragraph\"><a rel=\"nofollow noopener\" target=\"_blank\" href=\"https:\/\/vos.lanacion.com.py\/2021\/12\/22\/canciones-de-yatra-jay-z-y-beyonce-en-pelea-por-el-oscar\/\"><b>Lea m\u00e1s: Canciones de Yatra, Jay-Z y Beyonc\u00e9 en pelea por el Oscar<\/b><\/a><\/p>\n<p class=\"paragraph\">La llovizna intermitente que cay\u00f3 a lo largo del d\u00eda dio una tregua a la medianoche y anim\u00f3 a quienes bajaron a la area para descorchar sus espumantes, arrojar flores al mar y sacarse selfis en la famosa fiesta de fin de a\u00f1o, que debe extenderse hasta entrada la madrugada.<\/p>\n<p class=\"paragraph\">La expectativa del sector hotelero es de una ocupaci\u00f3n cercana al 100% el fin de semana. Pero ante la llegada de la variante \u00f3micron, las autoridades tomaron una serie de medidas para reducir las aglomeraciones en Copacabana, como la cancelaci\u00f3n de los exhibits musicales, el cierre del metro, la prohibici\u00f3n de circulaci\u00f3n de coches despu\u00e9s de cierto horario y el desv\u00edo de \u00f3mnibus provenientes de otros barrios.<\/p>\n<p class=\"paragraph\">El resultado fue una imagen muy distante al \u00faltimo \u2018Reveillon\u2019, a inicios de 2020, cuando un r\u00e9cord de casi tres millones de personas colm\u00f3 la playa de punta a punta. El a\u00f1o pasado la fiesta se cancel\u00f3 debido a la pandemia, que ha causado m\u00e1s de 619.000 muertes en Brasil.<\/p>\n<p class=\"paragraph\">La ciudad quem\u00f3 fuegos en otros nueve puntos de la urbe, alentando al p\u00fablico a acudir al m\u00e1s cercano para evitar aglomeraciones. \u201cEsperaba mucha m\u00e1s gente, que fuera estresante, pero est\u00e1 tranquilo, me gusta\u201d, admiti\u00f3 la neurocient\u00edfica colombiana Alejandra Luna, de 28 a\u00f1os, que vive en Austria y resolvi\u00f3 cruzar el Atl\u00e1ntico para festejar el nuevo a\u00f1o con amigos colombianos y europeos.<\/p>\n<p class=\"paragraph\">Su deseo para 2022 es poder \u201cdar besos y abrazos sin pensar mucho\u201d, algo que la pandemia le ha quitado. Luna se mostr\u00f3 satisfecha en tener que presentar su comprobante de vacunaci\u00f3n para hospedarse en la ciudad, una medida de las autoridades locales que volvi\u00f3 a ser criticada por el presidente ultraderechista Jair Bolsonaro en su \u00faltimo discurso del a\u00f1o, previamente grabado y transmitido por cadena nacional el viernes por la noche.<\/p>\n<p class=\"paragraph\">\u201cNo apoyamos el pase sanitario ni cualquier restricci\u00f3n a aquellos que no desean vacunarse\u201d, dijo el mandatario en su discurso, que transcurri\u00f3 en medio de un intenso \u2018cacerolazo\u2019 de protesta en varias capitales de Brasil.<\/p>\n<p class=\"paragraph\"><a rel=\"nofollow noopener\" target=\"_blank\" href=\"https:\/\/www.lanacion.com.py\/pais\/2021\/12\/22\/horario-de-vacunacion-en-vispera-de-navidad-sera-hasta-el-mediodia\/\"><b>Lea m\u00e1s: Horario de vacunaci\u00f3n en v\u00edspera de Navidad ser\u00e1 hasta el mediod\u00eda<\/b><\/a><\/p>\n<p class=\"paragraph\">Otras capitales brasile\u00f1as como Sao Paulo o Salvador cancelaron sus festejos de fin de a\u00f1o ante el vertiginoso aumento de casos en el mundo provocados por la variante \u00f3micron. Al rev\u00e9s que otros pa\u00edses, el n\u00famero de casos de coronavirus todav\u00eda se mantiene bajo management en Brasil, aunque los datos recopilados en las \u00faltimas semanas son parciales debido a un ciberataque que sufri\u00f3 el sitio del ministerio de Salud a principios de mes.<\/p>\n<p class=\"paragraph\">El alcalde de Rio, Eduardo Paes, afirm\u00f3 el jueves que la ciudad debe preparase para un \u201caumento significativo de casos\u201d, ya que el porcentaje de resultados positivos entre los assessments realizados aument\u00f3 de 0,7% para 5,5% en la \u00faltima semana. M\u00e1s del 67% de los 213 millones de brasile\u00f1os ha recibido hasta ahora dos dosis anti-COVID y 12% una tercera inyecci\u00f3n.<\/p>\n<p class=\"paragraph\">Mientras ciudades como Mosc\u00fa y Sidney recibieron el a\u00f1o nuevo con fuegos artificiales, muchos gobiernos han decidido recuperar las restricciones para este periodo festivo. Ciudad de M\u00e9xico o Bangkok cancelaron sus celebraciones de A\u00f1o Nuevo, Grecia prohibi\u00f3 la m\u00fasica en bares y restaurantes y el papa Francisco suspendi\u00f3 su recurring visita de Nochevieja al pesebre de la plaza San Pedro.<\/p>\n<p class=\"paragraph\">Fuente: AFP.<\/p>\n<\/div>\n<p><script>!function(f,b,e,v,n,t,s)\n          {if(f.fbq)return;n=f.fbq=function(){n.callMethod?\n          n.callMethod.apply(n,arguments):n.queue.push(arguments)};\n          if(!f._fbq)f._fbq=n;n.push=n;n.loaded=!0;n.version='2.0';\n          n.queue=[];t=b.createElement(e);t.async=!0;\n          t.src=v;s=b.getElementsByTagName(e)[0];\n          s.parentNode.insertBefore(t,s)}(window, document,'script',\n          'https:\/\/connect.facebook.net\/en_US\/fbevents.js');\n          fbq('init', '291189108605310');\n          fbq('track', 'PageView');<\/script><br \/>\n<br \/><\/p>\n<p><em> &#8221; Fuentes www.lanacion.com.py &#8221; <\/em><\/p>\n","protected":false},"excerpt":{"rendered":"<p>Al son de \u201cGarota de Ipanema\u201d y otros cl\u00e1sicos brasile\u00f1os, 14 toneladas de fuegos artificiales encantaron a los cariocas y turistas que bajaron hasta la playa, en una noche de tiempo inestable y menos aglomeraciones que antes de la pandemia. \u201cFue emocionante, porque pasamos mucho tiempo en pandemia y ahora que los fuegos volvieron, parecen [&hellip;]<\/p>\n","protected":false},"author":4,"featured_media":253282,"comment_status":"open","ping_status":"closed","sticky":false,"template":"","format":"standard","meta":{"om_disable_all_campaigns":false,"jnews-multi-image_gallery":[],"jnews_single_post":[],"jnews_primary_category":[],"jnews_social_meta":[],"footnotes":""},"categories":[40],"tags":[9241,6504,1824,38470,10386],"class_list":["post-253281","post","type-post","status-publish","format-standard","has-post-thumbnail","hentry","category-industria","tag-9241","tag-ano-nuevo","tag-brasil","tag-fuegos-artificales","tag-rio-de-janeiro"],"_links":{"self":[{"href":"https:\/\/dimensionturistica.com\/es\/wp-json\/wp\/v2\/posts\/253281","targetHints":{"allow":["GET"]}}],"collection":[{"href":"https:\/\/dimensionturistica.com\/es\/wp-json\/wp\/v2\/posts"}],"about":[{"href":"https:\/\/dimensionturistica.com\/es\/wp-json\/wp\/v2\/types\/post"}],"author":[{"embeddable":true,"href":"https:\/\/dimensionturistica.com\/es\/wp-json\/wp\/v2\/users\/4"}],"replies":[{"embeddable":true,"href":"https:\/\/dimensionturistica.com\/es\/wp-json\/wp\/v2\/comments?post=253281"}],"version-history":[{"count":0,"href":"https:\/\/dimensionturistica.com\/es\/wp-json\/wp\/v2\/posts\/253281\/revisions"}],"wp:featuredmedia":[{"embeddable":true,"href":"https:\/\/dimensionturistica.com\/es\/wp-json\/wp\/v2\/media\/253282"}],"wp:attachment":[{"href":"https:\/\/dimensionturistica.com\/es\/wp-json\/wp\/v2\/media?parent=253281"}],"wp:term":[{"taxonomy":"category","embeddable":true,"href":"https:\/\/dimensionturistica.com\/es\/wp-json\/wp\/v2\/categories?post=253281"},{"taxonomy":"post_tag","embeddable":true,"href":"https:\/\/dimensionturistica.com\/es\/wp-json\/wp\/v2\/tags?post=253281"}],"curies":[{"name":"wp","href":"https:\/\/api.w.org\/{rel}","templated":true}]}}