{"id":251793,"date":"2021-12-29T11:20:51","date_gmt":"2021-12-29T11:20:51","guid":{"rendered":"https:\/\/dimensionturistica.com\/es\/?p=251793"},"modified":"2021-12-29T11:20:51","modified_gmt":"2021-12-29T11:20:51","slug":"la-tasa-turistica-es-una-daga-en-el-corazon-del-turismo-valenciano-2","status":"publish","type":"post","link":"https:\/\/dimensionturistica.com\/es\/la-tasa-turistica-es-una-daga-en-el-corazon-del-turismo-valenciano-2\/","title":{"rendered":"&#8220;La tasa tur\u00edstica es una daga en el coraz\u00f3n del turismo valenciano&#8221;"},"content":{"rendered":"<p> <br \/>\n<\/p>\n<div id=\"article-body-content\" data-action=\"toggle\" data-status=\"on\">\n<section class=\"rel-news\" data-mrf-recirculation=\"noticias-relacionadas-noticia\">\n<h4>Noticias relacionadas<\/h4>\n<\/section>\n<p id=\"paragraph_1\">El <strong>Partido Widespread de la Comuindad Valenciana (PPCV)<\/strong> a trav\u00e9s de su portavoz de Turismo en les Corts, <strong>Manuel P\u00e9rez Fenoll<\/strong>, ha se\u00f1alado que &#8220;la tasa tur\u00edstica de la izquierda es<strong> una daga en el centro del coraz\u00f3n del turismo valenciano<\/strong>&#8220;.\u00a0<\/p>\n<p id=\"paragraph_2\">P\u00e9rez Fenoll ha indicado que &#8220;la anunciada y firmada ley creadora del <strong>Impuesto Valenciano de Estancias Tur\u00edsticas<\/strong> da\u00f1a directamente nuestra principal industria y desde el PP <strong>nos vamos a oponer con firmeza en todos los frentes como ya ha anunciado Carlos Maz\u00f3n<\/strong>&#8220;.\u00a0<\/p>\n<p id=\"paragraph_3\">El portavoz widespread ha afirmado que &#8220;si todos estamos de acuerdo en que la<strong> industria tur\u00edstica es el principal motor de la Comunitat Valenciana en t\u00e9rminos de PIB<\/strong>, no se entiende esa cabezoner\u00eda por imponer una tasa como un elemento distorsionador en unos momentos en que <strong>necesitamos a la industria tur\u00edstica para la recuperaci\u00f3n de la econom\u00eda de la Comunitat Valenciana<\/strong>. Hay que apoyarla no atacarla&#8221;.\u00a0<\/p>\n<p id=\"paragraph_4\">Manuel P\u00e9rez Fenoll ha indicado que &#8220;<a rel=\"nofollow noopener\" target=\"_blank\" href=\"https:\/\/www.elespanol.com\/alicante\/economia\/turismo\/20211126\/generalitat-valenciana-estalla-imserso-gobierno-esquilmar-sector-turistico\/630187665_0.html\">despu\u00e9s de la chapuza del Imserso<\/a> la izquierda se dedica a se\u00f1alar con el dedo al sector pretendiendo que aquellos turistas que eligen <strong>venir a pasar temporadas y dejar aqu\u00ed su capacidad econ\u00f3mica<\/strong>, tengan que pagar m\u00e1s por venir, mandando un mensaje claro a los mercados internacionales. En vez de alfombra roja les vamos a decir que <strong>les ponemos el precio por venir a la Comunitat<\/strong>&#8220;.\u00a0<\/p>\n<p id=\"paragraph_5\">&#8220;<strong>Los comunistas y nacionalistas de Compromis y Podemos arrastran a los socialistas a una aut\u00e9ntica sinraz\u00f3n<\/strong>, abriendo la puerta por detr\u00e1s. Estamos ante un ataque al modelo productivo ante el que el <strong>secretario auton\u00f3mico de turismo algo tendr\u00e1 que decir<\/strong>. A Colomer solo le queda la dimisi\u00f3n si realmente llega a aprobarse una ley de esta naturaleza, tal y como ha pactado su partido en Les Corts. Asegur\u00f3 al sector que no saldr\u00eda adelante esta tasa y no pueden seguir enga\u00f1ando a la industria tur\u00edstica. Puig n<strong>o ha sido capaz de plantarse<\/strong> y, en lugar de pensar en lo m\u00e1s beneficioso para los valencianos, solo piensa en<strong> componendas pol\u00edticas y los intereses de partido<\/strong>\u201d, ha continuado.<\/p>\n<h3 class=\"follow-topics-title\"><span class=\"follow-topics-title__icon\"\/>Sigue los temas que te interesan<\/h3>\n<\/p><\/div>\n\n<p><em> &#8221; Fuentes www.elespanol.com &#8221; <\/em><\/p>\n","protected":false},"excerpt":{"rendered":"<p>Noticias relacionadas El Partido Widespread de la Comuindad Valenciana (PPCV) a trav\u00e9s de su portavoz de Turismo en les Corts, Manuel P\u00e9rez Fenoll, ha se\u00f1alado que &#8220;la tasa tur\u00edstica de la izquierda es una daga en el centro del coraz\u00f3n del turismo valenciano&#8220;.\u00a0 P\u00e9rez Fenoll ha indicado que &#8220;la anunciada y firmada ley creadora del [&hellip;]<\/p>\n","protected":false},"author":4,"featured_media":251794,"comment_status":"open","ping_status":"closed","sticky":false,"template":"","format":"standard","meta":{"om_disable_all_campaigns":false,"jnews-multi-image_gallery":[],"jnews_single_post":[],"jnews_primary_category":[],"jnews_social_meta":[],"footnotes":""},"categories":[40],"tags":[6178,19663,3005,715,544],"class_list":["post-251793","post","type-post","status-publish","format-standard","has-post-thumbnail","hentry","category-industria","tag-alicante","tag-alicante-provincia","tag-comunidad-valenciana","tag-economia","tag-turismo"],"_links":{"self":[{"href":"https:\/\/dimensionturistica.com\/es\/wp-json\/wp\/v2\/posts\/251793","targetHints":{"allow":["GET"]}}],"collection":[{"href":"https:\/\/dimensionturistica.com\/es\/wp-json\/wp\/v2\/posts"}],"about":[{"href":"https:\/\/dimensionturistica.com\/es\/wp-json\/wp\/v2\/types\/post"}],"author":[{"embeddable":true,"href":"https:\/\/dimensionturistica.com\/es\/wp-json\/wp\/v2\/users\/4"}],"replies":[{"embeddable":true,"href":"https:\/\/dimensionturistica.com\/es\/wp-json\/wp\/v2\/comments?post=251793"}],"version-history":[{"count":0,"href":"https:\/\/dimensionturistica.com\/es\/wp-json\/wp\/v2\/posts\/251793\/revisions"}],"wp:featuredmedia":[{"embeddable":true,"href":"https:\/\/dimensionturistica.com\/es\/wp-json\/wp\/v2\/media\/251794"}],"wp:attachment":[{"href":"https:\/\/dimensionturistica.com\/es\/wp-json\/wp\/v2\/media?parent=251793"}],"wp:term":[{"taxonomy":"category","embeddable":true,"href":"https:\/\/dimensionturistica.com\/es\/wp-json\/wp\/v2\/categories?post=251793"},{"taxonomy":"post_tag","embeddable":true,"href":"https:\/\/dimensionturistica.com\/es\/wp-json\/wp\/v2\/tags?post=251793"}],"curies":[{"name":"wp","href":"https:\/\/api.w.org\/{rel}","templated":true}]}}