{"id":251249,"date":"2021-12-28T17:37:19","date_gmt":"2021-12-28T17:37:19","guid":{"rendered":"https:\/\/dimensionturistica.com\/es\/?p=251249"},"modified":"2021-12-28T17:37:20","modified_gmt":"2021-12-28T17:37:20","slug":"turismo-en-el-caribe-mexicano-se-recupera-al-cierra-del-2021","status":"publish","type":"post","link":"https:\/\/dimensionturistica.com\/es\/turismo-en-el-caribe-mexicano-se-recupera-al-cierra-del-2021\/","title":{"rendered":"Turismo en el Caribe mexicano se recupera al cierra del 2021"},"content":{"rendered":"<p> <br \/>\n<\/p>\n<div id=\"content-body\" itemprop=\"articleBody\">\n<p>Ni la variante del covid-19 <b>\u00f3micron<\/b>, con su <a rel=\"nofollow noopener\" target=\"_blank\" href=\"https:\/\/www.milenio.com\/internacional\/8-mil-vuelos-cancelados-mundo-omicron-covid-19\">arrolladora ola de cancelaci\u00f3n de vuelos en Estados Unidos y Europa<\/a>, lograron detener la recuperaci\u00f3n del <b>turismo<\/b> en M\u00e9xico al cierre del 2021, con cifras mejores que la \u00e9poca prepandemia.<\/p>\n<p>El Caribe mexicano, con <b>Canc\u00fan<\/b> como principal atractivo, espera terminar 2021 con 1<b>2.5 millones de turistas<\/b>, lo que representa una recuperaci\u00f3n del 83 por ciento comparado con las cifras alcanzadas en 2019.<\/p>\n<p><b>Andr\u00e9s Aguilar<\/b>, encargado de despacho de la <b>Secretar\u00eda de Turismo de Quintana Roo<\/b>, dijo a <i>Efe<\/i> que durante la presente temporada invernal, considerada hist\u00f3ricamente como una de las mejores para el Caribe mexicano, se esperan niveles de ocupaci\u00f3n del 80 por ciento y 90 por ciento, con d\u00edas que superan las 600 operaciones a\u00e9reas en el aeropuerto de Canc\u00fan.<\/p>\n<blockquote><p>&#8220;Esperamos una temporada de invierno bastante positiva para el destino, del 18 de diciembre al 2 de enero prevemos el arribo de 1.3 millones de visitantes&#8221;, inform\u00f3.<\/p><\/blockquote>\n<blockquote><p>&#8220;Para el pr\u00f3ximo a\u00f1o, si mantenemos las mismas tendencias en cuanto a la contingencia, los <b>niveles de certificaci\u00f3n en protecci\u00f3n<\/b> y <b>prevenci\u00f3n sanitaria<\/b>, y los esquemas de vacunaci\u00f3n en poblaci\u00f3n local, no solamente se va a restablecer la actividad respecto a lo que tuvimos en 2019, que fueron un poco m\u00e1s de 16 millones de turistas, sino que, adem\u00e1s, se espera un <b>ligero aumento<\/b>&#8220;, agreg\u00f3.<\/p><\/blockquote>\n<p>Para enero hay ya reservados m\u00e1s de<b> 1.6 millones de asientos de avi\u00f3n<\/b> y una cantidad comparable para los meses de febrero y marzo, lo que atestigua el optimismo para el primer trimestre de 2022.<\/p>\n<h2><span style=\"color: rgb(192, 80, 77);\">Optimismo de hoteles<\/span><\/h2>\n<p>En la <a rel=\"nofollow noopener\" target=\"_blank\" href=\"https:\/\/www.milenio.com\/temas\/rivieramaya\">Riviera Maya<\/a>, donde hay m\u00e1s de 43 mil habitaciones de lodge, los primeros quince d\u00edas de diciembre se alcanz\u00f3 una ocupaci\u00f3n promedio del 80 por ciento y se espera que para el cierre de 2021 supere el 85 por ciento.<\/p>\n<p>Estas cifras, seg\u00fan destaca Toni Chaves, presidente de la <b>A<b>sociaci\u00f3n<\/b> de Hoteles de la Riviera Maya<\/b>, representan una <b>recuperaci\u00f3n<\/b> del 95 por ciento comparado con 2019, ya que el a\u00f1o pasado el cierre de fronteras y las restricciones impuestas por la pandemia de coronavirus apenas permitieron un 30 por ciento de ocupaci\u00f3n.<\/p>\n<blockquote><p>&#8220;El Caribe mexicano se ha beneficiado de la estrategia del gobierno federal de aplicar medidas sanitarias y mantener las puertas abiertas en contraste con otros destinos. Tambi\u00e9n se muestra la confianza que la marca Canc\u00fan\/M\u00e9xico se ha ganado con los a\u00f1os&#8221;, asegur\u00f3 Javier Monje, director de ventas de la cadena <b>RIU<\/b> en el Caribe Mexicano <\/p><\/blockquote>\n<blockquote><p>&#8220;En nuestro caso vemos claramente reflejadas estas cifras en las <b>ocupaciones de nuestros hoteles<\/b>, con altos porcentajes dentro de lo establecido por el sem\u00e1foro epidemiol\u00f3gico&#8221;, agreg\u00f3. <\/p><\/blockquote>\n<blockquote><p>&#8220;Despu\u00e9s de lo dif\u00edcil que fue arrancar en 2020 y lo bien que ha respondido el turismo ante el avance de la pandemia, Canc\u00fan se sit\u00faa como una de las ciudades m\u00e1s visitadas tras la pandemia, como resultado de la colaboraci\u00f3n p\u00fablico-privada&#8221;, indic\u00f3 Javier Monje.<\/p><\/blockquote>\n<p>Para Jes\u00fas Almaguer Salazar, director comercial de la cadena espa\u00f1ola Oasis Hoteles &amp; Resorts para la zona del Caribe, en Canc\u00fan y la Riviera Maya el pr\u00f3ximo a\u00f1o se espera un i<b>ncremento importante<\/b> en la llegada de turistas.<\/p>\n<p>Almaguer Salazar sostuvo que los buenos resultados obtenidos hasta el momento y las proyecciones favorables para 2022, se deben a que como destino se logr\u00f3 generar confianza entre los visitantes por el manejo de la pandemia.<\/p>\n<blockquote><p>&#8220;Hemos captado la mayor parte del turismo norteamericano que ha viajado a la regi\u00f3n al Caribe, de Sudam\u00e9rica los mercados importantes como Brasil, Colombia, Chile e incluso Argentina. Si hacemos las cosas bien, tenemos garantizado una muy buena temporada&#8221;, dijo a Efe.<\/p><\/blockquote>\n<p>Por su parte, <b>Roberto Cintr\u00f3n<\/b>, presidente de la Asociaci\u00f3n de Hoteles de Canc\u00fan, Puerto Morelos e Isla Mujeres, destac\u00f3 la necesidad de reforzar no s\u00f3lo las estrategias de promoci\u00f3n y publicidad, sino tambi\u00e9n lograr que <b>la experiencia de los turistas <\/b>les haga querer regresar no una sino varias veces.<\/p>\n<blockquote><p>&#8220;Tenemos ya una previsi\u00f3n de cerca del 75 por ciento de reservas en vuelos para los primeros meses de 2022 que son meses que hist\u00f3ricamente el viajero viene por el fr\u00edo en sus lugares de origen&#8221;, agreg\u00f3.<\/p><\/blockquote>\n<p>Sin embargo, <b>Roberto Cintr\u00f3n<\/b> advirti\u00f3 sobre el &#8220;riesgo de perder&#8221; parte de los turistas captados una vez que se reactiven otros destinos.<\/p>\n<blockquote><p>&#8220;Tenemos turismo prestado, esa es la realidad, porque no ha abierto en su totalidad Europa, porque se prefiere venir a un lugar a dos o tres horas de vuelo contra 6 o 9 horas de vuelo hacia Europa o hacia el centro de Suram\u00e9rica donde la situaci\u00f3n de seguridad no contribuye mucho y se prefiere venir a M\u00e9xico&#8221;, reconoci\u00f3.<\/p><\/blockquote>\n<blockquote><p>&#8220;Tenemos que lograr que esos turistas regresen al menos dos o tres veces m\u00e1s al Caribe mexicano ante la futura publicidad de pa\u00edses como Jamaica, Rep\u00fablica Dominicana, Cuba y otros europeos que necesitan del gran mercado que es Estados Unidos y Canad\u00e1&#8221;, se\u00f1al\u00f3.\u00a0<\/p><\/blockquote>\n<p>DMZ<\/p>\n<\/p><\/div>\n<p><script async defer crossorigin=\"anonymous\" src=\"https:\/\/connect.facebook.net\/es_LA\/sdk.js\"><\/script><br \/>\n<br \/><\/p>\n<p><em> &#8221; Fuentes www.milenio.com &#8221; <\/em><\/p>\n","protected":false},"excerpt":{"rendered":"<p>Ni la variante del covid-19 \u00f3micron, con su arrolladora ola de cancelaci\u00f3n de vuelos en Estados Unidos y Europa, lograron detener la recuperaci\u00f3n del turismo en M\u00e9xico al cierre del 2021, con cifras mejores que la \u00e9poca prepandemia. El Caribe mexicano, con Canc\u00fan como principal atractivo, espera terminar 2021 con 12.5 millones de turistas, lo [&hellip;]<\/p>\n","protected":false},"author":4,"featured_media":251250,"comment_status":"open","ping_status":"closed","sticky":false,"template":"","format":"standard","meta":{"om_disable_all_campaigns":false,"jnews-multi-image_gallery":[],"jnews_single_post":[],"jnews_primary_category":[],"jnews_social_meta":[],"footnotes":""},"categories":[39],"tags":[2010,9915,769,1701,544],"class_list":["post-251249","post","type-post","status-publish","format-standard","has-post-thumbnail","hentry","category-viajes","tag-cancun","tag-caribe-mexicano","tag-mexico","tag-recuperacion","tag-turismo"],"_links":{"self":[{"href":"https:\/\/dimensionturistica.com\/es\/wp-json\/wp\/v2\/posts\/251249","targetHints":{"allow":["GET"]}}],"collection":[{"href":"https:\/\/dimensionturistica.com\/es\/wp-json\/wp\/v2\/posts"}],"about":[{"href":"https:\/\/dimensionturistica.com\/es\/wp-json\/wp\/v2\/types\/post"}],"author":[{"embeddable":true,"href":"https:\/\/dimensionturistica.com\/es\/wp-json\/wp\/v2\/users\/4"}],"replies":[{"embeddable":true,"href":"https:\/\/dimensionturistica.com\/es\/wp-json\/wp\/v2\/comments?post=251249"}],"version-history":[{"count":0,"href":"https:\/\/dimensionturistica.com\/es\/wp-json\/wp\/v2\/posts\/251249\/revisions"}],"wp:featuredmedia":[{"embeddable":true,"href":"https:\/\/dimensionturistica.com\/es\/wp-json\/wp\/v2\/media\/251250"}],"wp:attachment":[{"href":"https:\/\/dimensionturistica.com\/es\/wp-json\/wp\/v2\/media?parent=251249"}],"wp:term":[{"taxonomy":"category","embeddable":true,"href":"https:\/\/dimensionturistica.com\/es\/wp-json\/wp\/v2\/categories?post=251249"},{"taxonomy":"post_tag","embeddable":true,"href":"https:\/\/dimensionturistica.com\/es\/wp-json\/wp\/v2\/tags?post=251249"}],"curies":[{"name":"wp","href":"https:\/\/api.w.org\/{rel}","templated":true}]}}