{"id":250162,"date":"2021-12-26T22:50:12","date_gmt":"2021-12-26T22:50:12","guid":{"rendered":"https:\/\/dimensionturistica.com\/es\/?p=250162"},"modified":"2021-12-26T22:50:13","modified_gmt":"2021-12-26T22:50:13","slug":"colombianos-han-vuelto-120-viajes-en-su-trabajo","status":"publish","type":"post","link":"https:\/\/dimensionturistica.com\/es\/colombianos-han-vuelto-120-viajes-en-su-trabajo\/","title":{"rendered":"Colombianos han vuelto 120 viajes en su trabajo"},"content":{"rendered":"<p> <br \/>\n<\/p>\n<div>\n<p>El sue\u00f1o de muchos es<a rel=\"nofollow noopener\" target=\"_blank\" href=\"https:\/\/www.debate.com.mx\/seccion\/viajes\/\"> viajar<\/a>, y qu\u00e9 mejor que te paguen por hacerlo. Ese es el trabajo de un par de amigos colombianos, provenientes del departamento de Santander, los cuales han <strong>convertido los viajes en su trabajo<\/strong> tras fundar la empresa Feelin Travels, ya han realizado 120 viajes.<\/p>\n<p>Se trata de Juan Karim Ospina, un administrador de empresas de 30 a\u00f1os y Catalina Arenas, una comunicadora social de 33 a\u00f1os, quienes tras comprender que <strong>su pasi\u00f3n period viajar,<\/strong> comenzaron a mostrarle <a rel=\"nofollow noopener\" target=\"_blank\" href=\"https:\/\/www.debate.com.mx\/america\">Colombia<\/a> al mundo.<\/p>\n<p>Fue en Bucaramanga en donde se conocieron cuando ten\u00edan menos de 20 a\u00f1os, donde comenzaron a construir su sue\u00f1o juntos, sin embargo fue hasta 2016 que cada uno por su lado descubri\u00f3 las maravillas de ser gu\u00edas de<strong> turistas extranjeros<\/strong> y al mismo tiempo disfrutar de Colombia.<\/p>\n<p>Leer m\u00e1s: <a rel=\"nofollow noopener\" target=\"_blank\" href=\"https:\/\/www.debate.com.mx\/viajes\/Cuales-son-las-playas-mas-limpias-y-aptas-para-uso-recreativo-en-Oaxaca-20211224-0313.html\">\u00bfCu\u00e1les son las playas m\u00e1s limpias y aptas para uso recreativo en Oaxaca?<\/a><\/p>\n<p>Juan Karim mencion\u00f3 que a pesar de que su primera intenci\u00f3n period iniciar con viajes en Santander, Catalina ya ten\u00eda experiencia en Bogot\u00e1 con un grupo de extranjeros que hab\u00eda estado guiando, por lo que decidieron comenzar en esa zona.<\/p>\n<p>\u201cAl principio (abrimos) por negocio, pero ahora lo amamos y disfrutamos con los viajeros\u201d, cont\u00f3 Catalina en entrevista a El Tiempo.<\/p>\n<p>Su primer viaje fue a las rocas de Suesca, en Cundinamarca, junto a ten turistas estadounidenses y aunque solo dur\u00f3 24 horas, dio inicio a un sue\u00f1o que ahora logra 1 mil viajeros y<strong> 120 viajes <\/strong>a trav\u00e9s de Colombia.<\/p>\n<p>\u201cEn los primeros 10 viajes siempre hubo cosas por mejorar; era un aprendizaje diario, nosotros \u00edbamos conociendo a la par con los viajeros las idiosincrasias de cada cultura, pero ya luego le \u00edbamos cogiendo el tiro\u201d, explic\u00f3 Juan.<\/p>\n<p>Con el tiempo, Feelin se volvi\u00f3 una empresa que m\u00e1s que vender viajes acompa\u00f1ados por Juan y Catalina, por lo que se enfocan en la forma que se siente, es decir \u201ces muy importante la parte emocional, los viajes se vuelven inolvidables por eso que sientes mientras viajas\u201d.<\/p>\n<p>\u201cJuan es muy espiritual, es cristiano y \u00e9l ha hecho que yo reciba a Dios de una manera diferente. Nosotros nos dimos cuenta de que mucha gente busca alimentar ese esp\u00edritu, as\u00ed que comenzamos a ofrecer esta manera en la que nosotros viajamos, esta es nuestra esencia\u201d, dijo Catalina.<\/p>\n<p>Con la llegada de la <strong>pandemia del Covid-19<\/strong> y las restricciones sanitarias fue imposible que siguieran con sus viajes, por lo que invirtieron el tiempo en reinventarse y comenzaron con Feelin Colombia, una ramificaci\u00f3n de su primer concept pero dirigida a turistas nacionales, siendo San Andr\u00e9s su destino m\u00e1 common.<\/p>\n<p>Ah\u00ed comenzaron con una experiencia social, en donde asisten a una fundaci\u00f3n que funge como guarder\u00eda de corales, \u201ccareteamos y aparte de eso nos hacen un curso de apnea, es algo completamente retador y hace que la gente ame esta actividad\u201d, cont\u00f3 Catalina.<\/p>\n<p>Juan y Catalina viajan al menos dos veces al mes, pero se trata de viajes planeados a la perfecci\u00f3n de acuerdo a las especificaciones y <strong>preferencias de los viajeros<\/strong> que los contactan a trav\u00e9s de su p\u00e1gina net, ah\u00ed responden algunas preguntas y entonces los responsables inician la planeaci\u00f3n.<\/p>\n<p>\u201cLos extranjeros son muy estructurados, ellos quieren un listado de lo que van a hacer y c\u00f3mo lo van a hacer, eso nos ha ayudado a ser muy estructurados, hemos aprendido de esa organizaci\u00f3n de ellos\u201d, dijo Juan.<\/p>\n<p>Un viaje de dos noches y tres d\u00edas con Juan y Cara tiene un costo de entre<strong> 6 mil 200 y 8 mil 300 pesos mexicanos<\/strong> para destinos como Santa Marta y San Andr\u00e9s, por lo que a pesar de que es bastante rentable, al turismo nacional no le interesa pagar tanto por un destino colombiano y prefieren viajar fuera del pa\u00eds.<\/p>\n<p>Leer m\u00e1s:\u00a0<a rel=\"nofollow noopener\" target=\"_blank\" href=\"https:\/\/www.debate.com.mx\/viajes\/Cuales-son-los-dias-mas-baratos-para-volar-en-avion-en-2022-20211225-0103.html\">\u00bfCu\u00e1les son los d\u00edas m\u00e1s baratos para volar en avi\u00f3n en 2022?<\/a><\/p>\n<p>Por esa raz\u00f3n, el mercado de Feeling est\u00e1 enfocado en los turistas extranjeros que quieren disfrutar Colombia de forma segura, aun as\u00ed tienen como esperanza poder llevar a sus compatriotas a disfrutar del pa\u00eds de una manera distinta.<\/p>\n<div class=\"ck-video-player\"> <amp-iframe width=\"640\" height=\"360\" sandbox=\"allow-scripts allow-same-origin allow-presentation\" allowfullscreen=\"\" frameborder=\"0\" layout=\"responsive\" src=\"https:\/\/iframe.debate.com.mx\/ajax\/get_share_video.html?id=\/videos\/video-flash\/2021\/12\/26\/muxeca-regalo-viral.mp4\" class=\"i-amphtml-layout-responsive i-amphtml-layout-size-defined\" i-amphtml-layout=\"responsive\"><i-amphtml-sizer style=\"display:block;padding-top:56.25%\"\/> <amp-img src=\"https:\/\/www.debate.com.mx\/img\/2021\/12\/26\/muxeca-navidad-viral_1.jpg\" layout=\"fill\" placeholder=\"\" class=\"i-amphtml-layout-fill i-amphtml-layout-size-defined\" i-amphtml-layout=\"fill\"\/> <\/amp-iframe><figcaption> Mujer mayor llora al recibir una mu\u00f1eca como regalo de Navidad <\/figcaption><\/div>\n<\/div>\n\n<p><em> &#8221; Fuentes www.debate.com.mx &#8221; <\/em><\/p>\n","protected":false},"excerpt":{"rendered":"<p>El sue\u00f1o de muchos es viajar, y qu\u00e9 mejor que te paguen por hacerlo. Ese es el trabajo de un par de amigos colombianos, provenientes del departamento de Santander, los cuales han convertido los viajes en su trabajo tras fundar la empresa Feelin Travels, ya han realizado 120 viajes. Se trata de Juan Karim Ospina, [&hellip;]<\/p>\n","protected":false},"author":4,"featured_media":250163,"comment_status":"open","ping_status":"closed","sticky":false,"template":"","format":"standard","meta":{"om_disable_all_campaigns":false,"jnews-multi-image_gallery":[],"jnews_single_post":[],"jnews_primary_category":[],"jnews_social_meta":[],"footnotes":""},"categories":[39],"tags":[771],"class_list":["post-250162","post","type-post","status-publish","format-standard","has-post-thumbnail","hentry","category-viajes","tag-colombia"],"_links":{"self":[{"href":"https:\/\/dimensionturistica.com\/es\/wp-json\/wp\/v2\/posts\/250162","targetHints":{"allow":["GET"]}}],"collection":[{"href":"https:\/\/dimensionturistica.com\/es\/wp-json\/wp\/v2\/posts"}],"about":[{"href":"https:\/\/dimensionturistica.com\/es\/wp-json\/wp\/v2\/types\/post"}],"author":[{"embeddable":true,"href":"https:\/\/dimensionturistica.com\/es\/wp-json\/wp\/v2\/users\/4"}],"replies":[{"embeddable":true,"href":"https:\/\/dimensionturistica.com\/es\/wp-json\/wp\/v2\/comments?post=250162"}],"version-history":[{"count":0,"href":"https:\/\/dimensionturistica.com\/es\/wp-json\/wp\/v2\/posts\/250162\/revisions"}],"wp:featuredmedia":[{"embeddable":true,"href":"https:\/\/dimensionturistica.com\/es\/wp-json\/wp\/v2\/media\/250163"}],"wp:attachment":[{"href":"https:\/\/dimensionturistica.com\/es\/wp-json\/wp\/v2\/media?parent=250162"}],"wp:term":[{"taxonomy":"category","embeddable":true,"href":"https:\/\/dimensionturistica.com\/es\/wp-json\/wp\/v2\/categories?post=250162"},{"taxonomy":"post_tag","embeddable":true,"href":"https:\/\/dimensionturistica.com\/es\/wp-json\/wp\/v2\/tags?post=250162"}],"curies":[{"name":"wp","href":"https:\/\/api.w.org\/{rel}","templated":true}]}}