{"id":249671,"date":"2021-12-25T16:25:13","date_gmt":"2021-12-25T16:25:13","guid":{"rendered":"https:\/\/dimensionturistica.com\/es\/?p=249671"},"modified":"2021-12-25T16:25:13","modified_gmt":"2021-12-25T16:25:13","slug":"de-vuelta-vuelos-cruceros-y-disfrute-de-todas-sus-instalaciones","status":"publish","type":"post","link":"https:\/\/dimensionturistica.com\/es\/de-vuelta-vuelos-cruceros-y-disfrute-de-todas-sus-instalaciones\/","title":{"rendered":"de vuelta vuelos, cruceros y disfrute de todas sus instalaciones"},"content":{"rendered":"<p> <br \/>\n<\/p>\n<div id=\"\">\n\t\t\t\t\t\t\t\t&#13;<\/p>\n<p><img decoding=\"async\" src=\"https:\/\/dimensionturistica.com\/es\/wp-content\/uploads\/2021\/12\/de-vuelta-vuelos-cruceros-y-disfrute-de-todas-sus-instalaciones.jpg\" alt=\"2512-stg3.jpg\" width=\"800\" height=\"533\"\/><\/p>\n<p>&#13;<\/p>\n<p>Santiago de Cuba, 25 dic (ACN) La reapertura del turismo en la provincia de Santiago de Cuba, luego de abrirse las fronteras al mercado internacional, trajo consigo el reinicio de las operaciones a\u00e9reas y cruceros a esta ciudad caribe\u00f1a, ausentes por largo tiempo debido a la pandemia.<\/p>\n<p>&#13;<\/p>\n<p>Con un vuelo de Aerogaviota procedente de Kingston, capital de Jamaica, el aeropuerto Antonio Maceo, se abri\u00f3 al mundo y le siguieron muchos m\u00e1s de otras latitudes, cumpliendo el protocolo sanitario establecido con los viajeros.<\/p>\n<p>&#13;<\/p>\n<p>Este 25 de diciembre la terminal de cruceros de la urbe oriental vuelve al ajetreo caracter\u00edstico de a\u00f1os atr\u00e1s, con el atraque de la nave World Voyager, con turistas alemanes, de una compa\u00f1\u00eda europea.<\/p>\n<p>&#13;<\/p>\n<p>La<a rel=\"nofollow noopener\" target=\"_blank\" href=\"http:\/\/www.acn.cu\/component\/tags\/tag\/havanatur-s-a\"><strong> Agencia de Viajes Havanatur<\/strong><\/a> fue el receptivo y para la ocasi\u00f3n organiz\u00f3 excursiones que llevar\u00e1n a los visitantes a sitios de inter\u00e9s hist\u00f3rico, patrimonial y cultural en la urbe oriental reconocidos en el mundo.<\/p>\n<p>&#13;<\/p>\n<p><img decoding=\"async\" src=\"https:\/\/dimensionturistica.com\/es\/wp-content\/uploads\/2021\/12\/1640449508_825_de-vuelta-vuelos-cruceros-y-disfrute-de-todas-sus-instalaciones.jpg\" alt=\"2512-stg.jpg\" width=\"800\" height=\"533\"\/><\/p>\n<p>&#13;<\/p>\n<p>Otra buena noticia en la temporada de invierno fue la reapertura en noviembre, por la Sucursal Santiago de la Empresa Extrahotelera Palmares, del restaurante El Morro, su producto l\u00edder, de privilegiada ubicaci\u00f3n en el litoral, con vista infinita y un servicio de calidad.<\/p>\n<p>&#13;<\/p>\n<p>Ahora los clientes nacionales y extranjeros encuentran una instalaci\u00f3n pr\u00e1cticamente nueva, luego de su reparaci\u00f3n capital, que recrea una embarcaci\u00f3n de los tiempos del corso y la pirater\u00eda, y en todas sus \u00e1reas elementos de esa \u00e9poca.<\/p>\n<p>&#13;<\/p>\n<p>En cuanto a los servicios a\u00f1adidos dispone de un \u00e1rea de p\u00e9rgolas, bar climatizado y un mirador con vista al mar, inspirado en el Balc\u00f3n de la Reina existente con ese nombre en la antigua fortaleza militar, ubicada muy cerca y comprendida en el Sitio Hist\u00f3rico declarado en 1997 por la Unesco Patrimonio de la Humanidad.<\/p>\n<p>&#13;<\/p>\n<p>Otra novedad del restaurante es que tiene un solo nivel para estar en correspondencia con el Turismo Accesible y que los servicios puedan ser disfrutados en igualdad de condiciones por cualquier persona con o sin discapacidad.<\/p>\n<p>&#13;<\/p>\n<p><img decoding=\"async\" src=\"https:\/\/dimensionturistica.com\/es\/wp-content\/uploads\/2021\/12\/1640449509_488_de-vuelta-vuelos-cruceros-y-disfrute-de-todas-sus-instalaciones.jpg\" alt=\"2512-stg4.jpg\" width=\"800\" height=\"1067\"\/><\/p>\n<p>&#13;<\/p>\n<p>Hace pocos d\u00edas, Palmares reabri\u00f3 el acogedor Patio del Bolero, en el restaurante Don Antonio, en la Plaza de Dolores, los fines de semana en lo que resta de a\u00f1o, y recibe a los boleristas que acud\u00edan a ese common y c\u00e9ntrico espacio, al aire libre, a descargar con canciones que cantan al amor.<\/p>\n<p>&#13;<\/p>\n<p>Las agencias de viajes est\u00e1n de lleno en la temporada, con sus productos tradicionales y otros dise\u00f1ados para ampliar las ofertas como Ecotur y la Empresa Flora y Fauna Santiago, que invitan a disfrutar de las bondades de la naturaleza de excursiones dentro y fuera de la provincia.<\/p>\n<p>&#13;<\/p>\n<p>En <strong>Santiago de Cuba, l<\/strong>a vuelta a la nueva normalidad estuvo antecedida por la creaci\u00f3n de alianzas entre el sector y organismos y entidades, entre esas de producci\u00f3n agr\u00edcola y la filial del Fondo Cubano de Bienes Culturales.<\/p>\n<p>&#13;<\/p>\n<p>Adem\u00e1s, exposiciones culinarias, de nuevos actores de la econom\u00eda y eventos en los cuales cantineros y cooks de cocina elaboraron platos, reposter\u00eda, dulces en alm\u00edbar y cocteles, con recursos nacionales, originalidad y buen gusto, al tiempo que sustitu\u00edan importaciones.<br \/>Igualmente, representantes de agencias de viajes visitaron el Museo del ron, en una jornada provechosa para insertarse en turismo con mayores ofertas, en especial para conocer la historia de la gustaba bebida y acceder a variedad de marcas.<\/p>\n<p>&#13;<\/p>\n<p>Fue rigurosa la declaraci\u00f3n de las unidades de la industria del ocio en Santiago con la certificaci\u00f3n de Turismo m\u00e1s Higi\u00e9nico y Seguro, en coordinaci\u00f3n con el Ministerio de Salud P\u00fablica, con la finalidad de preservar la salud de trabajadores y clientes, generar confianza y cumplir con los nuevos requerimientos en materia de higiene, seguridad y protecci\u00f3n.<\/p>\n<\/p><\/div>\n\n<p><em> &#8221; Fuentes www.acn.cu &#8221; <\/em><\/p>\n","protected":false},"excerpt":{"rendered":"<p>&#13; &#13; Santiago de Cuba, 25 dic (ACN) La reapertura del turismo en la provincia de Santiago de Cuba, luego de abrirse las fronteras al mercado internacional, trajo consigo el reinicio de las operaciones a\u00e9reas y cruceros a esta ciudad caribe\u00f1a, ausentes por largo tiempo debido a la pandemia. &#13; Con un vuelo de Aerogaviota [&hellip;]<\/p>\n","protected":false},"author":4,"featured_media":249672,"comment_status":"open","ping_status":"closed","sticky":false,"template":"","format":"standard","meta":{"om_disable_all_campaigns":false,"jnews-multi-image_gallery":[],"jnews_single_post":[],"jnews_primary_category":[],"jnews_social_meta":[],"footnotes":""},"categories":[41],"tags":[956,715,14525,705,2322,1701,23384],"class_list":["post-249671","post","type-post","status-publish","format-standard","has-post-thumbnail","hentry","category-cruceros","tag-cuba","tag-economia","tag-huracanes","tag-noticias","tag-pib","tag-recuperacion","tag-zafra-azucarera"],"_links":{"self":[{"href":"https:\/\/dimensionturistica.com\/es\/wp-json\/wp\/v2\/posts\/249671","targetHints":{"allow":["GET"]}}],"collection":[{"href":"https:\/\/dimensionturistica.com\/es\/wp-json\/wp\/v2\/posts"}],"about":[{"href":"https:\/\/dimensionturistica.com\/es\/wp-json\/wp\/v2\/types\/post"}],"author":[{"embeddable":true,"href":"https:\/\/dimensionturistica.com\/es\/wp-json\/wp\/v2\/users\/4"}],"replies":[{"embeddable":true,"href":"https:\/\/dimensionturistica.com\/es\/wp-json\/wp\/v2\/comments?post=249671"}],"version-history":[{"count":0,"href":"https:\/\/dimensionturistica.com\/es\/wp-json\/wp\/v2\/posts\/249671\/revisions"}],"wp:featuredmedia":[{"embeddable":true,"href":"https:\/\/dimensionturistica.com\/es\/wp-json\/wp\/v2\/media\/249672"}],"wp:attachment":[{"href":"https:\/\/dimensionturistica.com\/es\/wp-json\/wp\/v2\/media?parent=249671"}],"wp:term":[{"taxonomy":"category","embeddable":true,"href":"https:\/\/dimensionturistica.com\/es\/wp-json\/wp\/v2\/categories?post=249671"},{"taxonomy":"post_tag","embeddable":true,"href":"https:\/\/dimensionturistica.com\/es\/wp-json\/wp\/v2\/tags?post=249671"}],"curies":[{"name":"wp","href":"https:\/\/api.w.org\/{rel}","templated":true}]}}