{"id":249520,"date":"2021-12-25T01:56:52","date_gmt":"2021-12-25T01:56:52","guid":{"rendered":"https:\/\/dimensionturistica.com\/es\/?p=249520"},"modified":"2021-12-25T01:56:52","modified_gmt":"2021-12-25T01:56:52","slug":"la-autoridad-de-transporte-maritimo-suspende-viajes-el-terminal-de-san-juan-el-dia-de-navidad-agencias","status":"publish","type":"post","link":"https:\/\/dimensionturistica.com\/es\/la-autoridad-de-transporte-maritimo-suspende-viajes-el-terminal-de-san-juan-el-dia-de-navidad-agencias\/","title":{"rendered":"La Autoridad de Transporte Mar\u00edtimo suspende viajes el terminal de San Juan el d\u00eda de Navidad | Agencias"},"content":{"rendered":"<p> <br \/>\n<\/p>\n<div itemprop=\"articleBody\">\n                                <meta itemprop=\"isAccessibleForFree\" content=\"true\"\/><\/p>\n<p>El director ejecutivo de la Autoridad de Transporte Mar\u00edtimo (ATM), Jorge Droz Yapur, inform\u00f3 que el servicio entre San Juan y Cata\u00f1o no estar\u00e1 disponible ma\u00f1ana s\u00e1bado 25 de diciembre, debido a la celebraci\u00f3n del d\u00eda de Navidad.<\/p>\n<p>\u00a0Seg\u00fan indic\u00f3 el director ejecutivo, el servicio se ofrecer\u00e1 seg\u00fan el itinerario oficial y se reanudar\u00e1 el domingo 26 de diciembre en su horario common.<\/p>\n<p>Droz Yapur indic\u00f3 que el cambio en el itinerario ser\u00e1 solo en el \u00e1rea metropolitana y que el servicio de transporte en Ceiba para las islas municipio de Vieques y Culebra continuar\u00e1 operando con normalidad en el horario establecido, seg\u00fan el calendario de viajes.<\/p>\n<p>Adem\u00e1s, notific\u00f3 que tampoco estar\u00e1 en servicio la transportaci\u00f3n mediante guaguas de la Autoridad Metropolitana de Autobuses (AMA) entre San Juan y Cata\u00f1o.<\/p>\n<p>\u201cDe igual forma notificamos a los usuarios de la ruta de San Juan a Cata\u00f1o que el s\u00e1bado 1 de enero de 2022, no habr\u00e1 servicio en esta ruta\u201d, expres\u00f3 el director ejecutivo en declaraciones escritas.<\/p>\n<\/p><\/div>\n<p><script>\n!function(f,b,e,v,n,t,s)\n{if(f.fbq)return;n=f.fbq=function(){n.callMethod?\nn.callMethod.apply(n,arguments):n.queue.push(arguments)};\nif(!f._fbq)f._fbq=n;n.push=n;n.loaded=!0;n.version='2.0';\nn.queue=[];t=b.createElement(e);t.async=!0;\nt.src=v;s=b.getElementsByTagName(e)[0];\ns.parentNode.insertBefore(t,s)}(window, document,'script',\n'https:\/\/connect.facebook.net\/en_US\/fbevents.js');\nfbq('init', '1815340891988198');\nfbq('track', 'PageView');\n<\/script><br \/>\n<br \/><\/p>\n<p><em> &#8221; Fuentes www.elvocero.com &#8221; <\/em><\/p>\n","protected":false},"excerpt":{"rendered":"<p>El director ejecutivo de la Autoridad de Transporte Mar\u00edtimo (ATM), Jorge Droz Yapur, inform\u00f3 que el servicio entre San Juan y Cata\u00f1o no estar\u00e1 disponible ma\u00f1ana s\u00e1bado 25 de diciembre, debido a la celebraci\u00f3n del d\u00eda de Navidad. \u00a0Seg\u00fan indic\u00f3 el director ejecutivo, el servicio se ofrecer\u00e1 seg\u00fan el itinerario oficial y se reanudar\u00e1 el [&hellip;]<\/p>\n","protected":false},"author":4,"featured_media":249521,"comment_status":"open","ping_status":"closed","sticky":false,"template":"","format":"standard","meta":{"om_disable_all_campaigns":false,"jnews-multi-image_gallery":[],"jnews_single_post":[],"jnews_primary_category":[],"jnews_social_meta":[],"footnotes":""},"categories":[39],"tags":[1161],"class_list":["post-249520","post","type-post","status-publish","format-standard","has-post-thumbnail","hentry","category-viajes","tag-agencias"],"_links":{"self":[{"href":"https:\/\/dimensionturistica.com\/es\/wp-json\/wp\/v2\/posts\/249520","targetHints":{"allow":["GET"]}}],"collection":[{"href":"https:\/\/dimensionturistica.com\/es\/wp-json\/wp\/v2\/posts"}],"about":[{"href":"https:\/\/dimensionturistica.com\/es\/wp-json\/wp\/v2\/types\/post"}],"author":[{"embeddable":true,"href":"https:\/\/dimensionturistica.com\/es\/wp-json\/wp\/v2\/users\/4"}],"replies":[{"embeddable":true,"href":"https:\/\/dimensionturistica.com\/es\/wp-json\/wp\/v2\/comments?post=249520"}],"version-history":[{"count":0,"href":"https:\/\/dimensionturistica.com\/es\/wp-json\/wp\/v2\/posts\/249520\/revisions"}],"wp:featuredmedia":[{"embeddable":true,"href":"https:\/\/dimensionturistica.com\/es\/wp-json\/wp\/v2\/media\/249521"}],"wp:attachment":[{"href":"https:\/\/dimensionturistica.com\/es\/wp-json\/wp\/v2\/media?parent=249520"}],"wp:term":[{"taxonomy":"category","embeddable":true,"href":"https:\/\/dimensionturistica.com\/es\/wp-json\/wp\/v2\/categories?post=249520"},{"taxonomy":"post_tag","embeddable":true,"href":"https:\/\/dimensionturistica.com\/es\/wp-json\/wp\/v2\/tags?post=249520"}],"curies":[{"name":"wp","href":"https:\/\/api.w.org\/{rel}","templated":true}]}}