{"id":249489,"date":"2021-12-24T22:44:18","date_gmt":"2021-12-24T22:44:18","guid":{"rendered":"https:\/\/dimensionturistica.com\/es\/?p=249489"},"modified":"2021-12-24T22:44:19","modified_gmt":"2021-12-24T22:44:19","slug":"puerto-vallarta-niega-acceso-a-crucero-por-brote-covid-19","status":"publish","type":"post","link":"https:\/\/dimensionturistica.com\/es\/puerto-vallarta-niega-acceso-a-crucero-por-brote-covid-19\/","title":{"rendered":"Puerto Vallarta niega acceso a crucero por brote COVID-19"},"content":{"rendered":"<p> <br \/>\n<\/p>\n<div>\n<p>Luego de que el d\u00eda de ayer, jueves 23 de diciembre se confirmara el brote de <b>COVID-19<\/b> entre los miembros de la tripulaci\u00f3n, las autoridades sanitarias de Jalisco prohibieron el desembarque del <b>crucero <\/b>a fin de evitar contagios en los habitantes y turistas de <b>Puerto Vallarta<\/b>.<\/p>\n<p>A trav\u00e9s de un comunicado y siguiendo el protocolo de vigilancia epidemiol\u00f3gica, las autoridades jaliscienses informaron que aunque no se han detectado casos de<b> COVID-19 <\/b>entre los pasajeros, no fue posible autorizar el desembarque en<b> Puerto Vallarta<\/b>. <\/p>\n<div class=\"Enhancement\">\n<p><h2>Niegan desembarque de crucero en Puerto Vallarta por COVID-19<\/h2>\n<\/p><\/div>\n<p>Tras detectar los casos positivos de <b>COVID-19<\/b> se mantuvo comunicaci\u00f3n con la empresa naviera y se analiz\u00f3 la alternativa de que todo aquel pasajero que quisiera desembarcar en <b>Puerto Vallarta<\/b> pudiera descender bajo ciertas restricciones y presentando una prueba de ant\u00edgeno negativa. Sin embargo, esta opci\u00f3n se descart\u00f3 debido a los protocolos de salud.<\/p>\n<div class=\"Enhancement\">\n<div class=\"Enhancement-item\">\n<div class=\"TweetEmbed\">\n<blockquote class=\"twitter-tweet\">\n<p lang=\"es\" dir=\"ltr\">Puerto Vallarta dio inicio a la reactivaci\u00f3n gradual de los cruceros, con el arribo del Carnival Panorama, estos viajes se suman a la recuperaci\u00f3n econ\u00f3mica y tur\u00edstica del estado, sin descuidar los protocolos de salud establecidos. Inf\u00f3rmate aqu\u00ed: <a rel=\"nofollow noopener\" target=\"_blank\" href=\"https:\/\/t.co\/GQ7kd0rJH9\" data-cms-ai=\"0\">https:\/\/t.co\/GQ7kd0rJH9<\/a> <a rel=\"nofollow noopener\" target=\"_blank\" href=\"https:\/\/t.co\/Q0XNvIN4OU\" data-cms-ai=\"0\">pic.twitter.com\/Q0XNvIN4OU<\/a><\/p>\n<p>\u2014 Secretar\u00eda de Turismo de Jalisco (@Secturjal) <a rel=\"nofollow noopener\" target=\"_blank\" href=\"https:\/\/twitter.com\/Secturjal\/status\/1430241081325539330?ref_src=twsrc%5Etfw\" data-cms-ai=\"0\">August 24, 2021<\/a><\/p><\/blockquote>\n<\/div>\n<\/div><\/div>\n<p>Antes de iniciar el viaje, el 18 de diciembre de 2021, se realizaron pruebas de detecci\u00f3n del SARS-CoV-2 al 100 por ciento de los tripulantes, dando un caso positivo; por lo que el 19 de diciembre el <u><span class=\"Enhancement\"><span class=\"Enhancement-item\"><a rel=\"nofollow noopener\" target=\"_blank\" class=\"Link \" href=\"https:\/\/www.adn40.mx\/internacional\/crucero-mundo-noches-paises-sga\" style=\"text-decoration:none;\" data-elementdataevent=\"{&#10;                \" event=\"\" https:=\"\" data-cms-ai=\"0\"><br \/>\n            crucero<br \/>\n        <\/a><\/span><\/span><\/u> parti\u00f3 de San Diego, California, con 874 tripulantes y 1,035 pasajeros.<\/p>\n<p>Previo a su arribo a <b>Puerto Vallarta<\/b>, el <b>crucero <\/b>visit\u00f3 Cabo San Lucas y Mazatl\u00e1n, pero inmediatamente report\u00f3 la presencia de algunos casos activos de <b>COVID-19<\/b> entre la tripulaci\u00f3n.<\/p>\n<div class=\"Enhancement\">\n<p><h2>Casos activos de COVID-19 en Jalisco<\/h2>\n<\/p><\/div>\n<p>Dados los sucesos, la Secretar\u00eda de Salud <u><span class=\"Enhancement\"><span class=\"Enhancement-item\"><a rel=\"nofollow noopener\" target=\"_blank\" class=\"Link \" href=\"https:\/\/www.adn40.mx\/poder\/alfaro-homicidios-dolosos-jalisco-pfp\" style=\"text-decoration:none;\" data-elementdataevent=\"{&#10;                \" event=\"\" https:=\"\" data-cms-ai=\"0\"><br \/>\n            Jalisco<br \/>\n        <\/a><\/span><\/span><\/u> analiz\u00f3 la situaci\u00f3n epidemiol\u00f3gica y determin\u00f3 que se ten\u00eda un brote activo en la embarcaci\u00f3n, provocando el crecimiento exponencial de los casos confirmados en los tripulantes.<\/p>\n<p>Hasta el momento suman 21 contagios de <b>COVID-19<\/b>, motivo por el que se neg\u00f3 la autorizaci\u00f3n para el desembarque en <b>Puerto Vallarta <\/b>y por lo que el <b>crucero <\/b>tuvo que seguir con su ruta.<\/p>\n<div class=\"Enhancement\">\n<div class=\"Enhancement-item\">\n<div class=\"TweetEmbed\">\n<blockquote class=\"twitter-tweet\">\n<p lang=\"es\" dir=\"ltr\">Durante este 2021 participamos en 7 ferias nacionales e internacionales que benefician al sector tur\u00edstico, con apego a los protocolos sanitarios, los viajes en <a rel=\"nofollow noopener\" target=\"_blank\" href=\"https:\/\/twitter.com\/hashtag\/Jalisco?src=hash&amp;ref_src=twsrc%5Etfw\" data-cms-ai=\"0\">#Jalisco<\/a> se han reactivado de manera positiva. <a rel=\"nofollow noopener\" target=\"_blank\" href=\"https:\/\/t.co\/XKm3LRoKgp\" data-cms-ai=\"0\">pic.twitter.com\/XKm3LRoKgp<\/a><\/p>\n<p>\u2014 Secretar\u00eda de Turismo de Jalisco (@Secturjal) <a rel=\"nofollow noopener\" target=\"_blank\" href=\"https:\/\/twitter.com\/Secturjal\/status\/1473730782384594952?ref_src=twsrc%5Etfw\" data-cms-ai=\"0\">December 22, 2021<\/a><\/p><\/blockquote>\n<\/div>\n<\/div><\/div>\n<p>En el \u00faltimo corte de la SSJ del 23 de diciembre, la Entidad registr\u00f3 184 casos positivos de <b>COVID-19 <\/b>y siete defunciones, por lo que Jalisco suma 399 mil 854 contagios y 17 mil 591 muertes por esta enfermedad.<\/p>\n<p>De acuerdo con lo reportado por la plataforma internacional GISAID (World Initiative on Sharing All Influenza Information) y por las Secretar\u00edas de Salud locales, hasta el momento se han identificado menos de 50 casos por la variante <u><span class=\"Enhancement\"><span class=\"Enhancement-item\"><a rel=\"nofollow noopener\" target=\"_blank\" class=\"Link \" href=\"https:\/\/www.adn40.mx\/ciudad\/festejos-navidenos-omicron-cdmx-sheinbaum-lhp\" style=\"text-decoration:none;\" data-elementdataevent=\"{&#10;                \" event=\"\" https:=\"\" data-cms-ai=\"0\"><br \/>\n            \u00d3micron<br \/>\n        <\/a><\/span><\/span><\/u> en cinco estados de M\u00e9xico.<\/p>\n<p>La noticia por todos los medios. Descarga nuestra <span class=\"Enhancement\"><span class=\"Enhancement-item\"><a rel=\"nofollow noopener\" target=\"_blank\" class=\"Link \" href=\"https:\/\/www.adn40.mx\/app\/\" style=\"text-decoration:none;\" data-elementdataevent=\"{&#10;                \" event=\"\" https:=\"\" data-cms-ai=\"0\"><br \/>\n            <u>app<\/u><br \/>\n        <\/a><\/span><\/span><\/p>\n<p>deps<\/p>\n<\/div>\n<p><script async src=\"\/\/platform.twitter.com\/widgets.js\" charset=\"utf-8\"><\/script><script>\n    var azExperiencesData;\n    if (!localStorage.getItem('azExperiencesData')) azExperiencesData = {};\n    else azExperiencesData = JSON.parse(localStorage.getItem('azExperiencesData'));\n    azExperiencesData.fbAppId = 1863151617342338;\n    localStorage.setItem('azExperiencesData', JSON.stringify(azExperiencesData));\n    azExperiencesData = undefined;\n    delete(azExperiencesData);\n  window.fbSdkLoadedEvent = window.fbSdkLoadedEvent || new Event('fbSdkLoaded');\n  window.fbLoginButtonStateEvent = window.fbLoginButtonStateEvent || new Event('fbLoginButtonState');\n  window.checkFBLoginButtonState = function() {\n    document.dispatchEvent(window.fbLoginButtonStateEvent);\n  }\n  window.fbAsyncInit = function() {\n    FB.init({\n      appId: '1863151617342338',\n      status: true,\n      xfbml: true,\n      cookie: true,\n      oauth: true,\n      autoLogAppEvents: true,\n      version: 'v11.0'\n    });\n    document.dispatchEvent(window.fbSdkLoadedEvent);\n  };\n  (function(d, s, id) {\n  var js, fjs = d.getElementsByTagName(s)[0];\n  if (d.getElementById(id)) {return};\n  js = d.createElement(s); js.id = id;\n  js.src=\"https:\/\/connect.facebook.net\/es_ES\/sdk.js\";\n  fjs.parentNode.insertBefore(js, fjs);\n  }(document, 'script', 'facebook-jssdk'));\n<\/script><br \/>\n<br \/><\/p>\n<p><em> &#8221; Fuentes www.adn40.mx &#8221; <\/em><\/p>\n","protected":false},"excerpt":{"rendered":"<p>Luego de que el d\u00eda de ayer, jueves 23 de diciembre se confirmara el brote de COVID-19 entre los miembros de la tripulaci\u00f3n, las autoridades sanitarias de Jalisco prohibieron el desembarque del crucero a fin de evitar contagios en los habitantes y turistas de Puerto Vallarta. A trav\u00e9s de un comunicado y siguiendo el protocolo [&hellip;]<\/p>\n","protected":false},"author":4,"featured_media":249490,"comment_status":"open","ping_status":"closed","sticky":false,"template":"","format":"standard","meta":{"om_disable_all_campaigns":false,"jnews-multi-image_gallery":[],"jnews_single_post":[],"jnews_primary_category":[],"jnews_social_meta":[],"footnotes":""},"categories":[41],"tags":[510,1280],"class_list":["post-249489","post","type-post","status-publish","format-standard","has-post-thumbnail","hentry","category-cruceros","tag-covid-19","tag-crucero"],"_links":{"self":[{"href":"https:\/\/dimensionturistica.com\/es\/wp-json\/wp\/v2\/posts\/249489","targetHints":{"allow":["GET"]}}],"collection":[{"href":"https:\/\/dimensionturistica.com\/es\/wp-json\/wp\/v2\/posts"}],"about":[{"href":"https:\/\/dimensionturistica.com\/es\/wp-json\/wp\/v2\/types\/post"}],"author":[{"embeddable":true,"href":"https:\/\/dimensionturistica.com\/es\/wp-json\/wp\/v2\/users\/4"}],"replies":[{"embeddable":true,"href":"https:\/\/dimensionturistica.com\/es\/wp-json\/wp\/v2\/comments?post=249489"}],"version-history":[{"count":0,"href":"https:\/\/dimensionturistica.com\/es\/wp-json\/wp\/v2\/posts\/249489\/revisions"}],"wp:featuredmedia":[{"embeddable":true,"href":"https:\/\/dimensionturistica.com\/es\/wp-json\/wp\/v2\/media\/249490"}],"wp:attachment":[{"href":"https:\/\/dimensionturistica.com\/es\/wp-json\/wp\/v2\/media?parent=249489"}],"wp:term":[{"taxonomy":"category","embeddable":true,"href":"https:\/\/dimensionturistica.com\/es\/wp-json\/wp\/v2\/categories?post=249489"},{"taxonomy":"post_tag","embeddable":true,"href":"https:\/\/dimensionturistica.com\/es\/wp-json\/wp\/v2\/tags?post=249489"}],"curies":[{"name":"wp","href":"https:\/\/api.w.org\/{rel}","templated":true}]}}