{"id":249287,"date":"2021-12-24T16:11:35","date_gmt":"2021-12-24T16:11:35","guid":{"rendered":"https:\/\/dimensionturistica.com\/es\/?p=249287"},"modified":"2021-12-24T16:11:35","modified_gmt":"2021-12-24T16:11:35","slug":"cruceros-fin-de-ano-traera-mas-de-8-mil-turistas-el-universal","status":"publish","type":"post","link":"https:\/\/dimensionturistica.com\/es\/cruceros-fin-de-ano-traera-mas-de-8-mil-turistas-el-universal\/","title":{"rendered":"Cruceros: fin de a\u00f1o traer\u00e1 m\u00e1s de 8 mil turistas | EL UNIVERSAL"},"content":{"rendered":"<p> <br \/>\n<\/p>\n<div mlnid=\"idcon=5653402;order=7.0\">\n<p>En lo que resta de diciembre de 2021, cuatro son los cruceros que est\u00e1n programados para arribar a Cartagena, con m\u00e1s de 8 mil turistas y m\u00e1s de 4.000 tripulantes, en desarrollo de la temporada 2021-2022. <b><a rel=\"nofollow noopener\" target=\"_blank\" href=\"https:\/\/www.eluniversal.com.co\/cartagena\/impidieron-que-crucero-con-infectados-desembarcara-en-cartagena-GY5890239\">(Lea aqu\u00ed: La pol\u00e9mica que caus\u00f3 el impedir arribo de crucero en Cartagena).<\/a><\/b><\/p>\n<p>Ma\u00f1ana arribar\u00e1 la embarcaci\u00f3n Insignia, con 777 pasajeros y 375 tripulantes.<\/p>\n<p>El domingo 26 de diciembre arribar\u00e1 el crucero Norwegian Pearl, con 3.130 pasajeros y 1.162 tripulantes. El lunes 27 est\u00e1 programado Constelation, con 2.170 pasajeros y 999 tripulantes y cerrar\u00e1 el a\u00f1o la nave Silhouette, con 2886 pasajeros y 1.500 tripulantes.<\/p>\n<p>La temporada contempla 107 recaladas, con 249.674 pasajeros y 94.688 tripulantes entre el 24 de agosto de 2021 y el 23 de mayo de 2022.<\/p>\n<\/p><\/div>\n<p><script>\/*<![CDATA[*\/(function(e,a,f){var c,b=e.getElementsByTagName(a)[0];if(e.getElementById(f)){return}c=e.createElement(a);c.id=f;c.src=\"https:\/\/connect.facebook.net\/es_LA\/sdk.js#xfbml=1&#038;version=v3.2&#038;appId=1434085360147717&#038;autoLogAppEvents=1\";b.parentNode.insertBefore(c,b)}(document,\"script\",\"facebook-jssdk\"));\/*]]>*\/<\/script><br \/>\n<br \/><\/p>\n<p><em> &#8221; Fuentes www.eluniversal.com.co &#8221; <\/em><\/p>\n","protected":false},"excerpt":{"rendered":"<p>En lo que resta de diciembre de 2021, cuatro son los cruceros que est\u00e1n programados para arribar a Cartagena, con m\u00e1s de 8 mil turistas y m\u00e1s de 4.000 tripulantes, en desarrollo de la temporada 2021-2022. (Lea aqu\u00ed: La pol\u00e9mica que caus\u00f3 el impedir arribo de crucero en Cartagena). Ma\u00f1ana arribar\u00e1 la embarcaci\u00f3n Insignia, con [&hellip;]<\/p>\n","protected":false},"author":4,"featured_media":249288,"comment_status":"open","ping_status":"closed","sticky":false,"template":"","format":"standard","meta":{"om_disable_all_campaigns":false,"jnews-multi-image_gallery":[],"jnews_single_post":[],"jnews_primary_category":[],"jnews_social_meta":[],"footnotes":""},"categories":[41],"tags":[24352],"class_list":["post-249287","post","type-post","status-publish","format-standard","has-post-thumbnail","hentry","category-cruceros","tag-temporada-de-cruceros"],"_links":{"self":[{"href":"https:\/\/dimensionturistica.com\/es\/wp-json\/wp\/v2\/posts\/249287","targetHints":{"allow":["GET"]}}],"collection":[{"href":"https:\/\/dimensionturistica.com\/es\/wp-json\/wp\/v2\/posts"}],"about":[{"href":"https:\/\/dimensionturistica.com\/es\/wp-json\/wp\/v2\/types\/post"}],"author":[{"embeddable":true,"href":"https:\/\/dimensionturistica.com\/es\/wp-json\/wp\/v2\/users\/4"}],"replies":[{"embeddable":true,"href":"https:\/\/dimensionturistica.com\/es\/wp-json\/wp\/v2\/comments?post=249287"}],"version-history":[{"count":0,"href":"https:\/\/dimensionturistica.com\/es\/wp-json\/wp\/v2\/posts\/249287\/revisions"}],"wp:featuredmedia":[{"embeddable":true,"href":"https:\/\/dimensionturistica.com\/es\/wp-json\/wp\/v2\/media\/249288"}],"wp:attachment":[{"href":"https:\/\/dimensionturistica.com\/es\/wp-json\/wp\/v2\/media?parent=249287"}],"wp:term":[{"taxonomy":"category","embeddable":true,"href":"https:\/\/dimensionturistica.com\/es\/wp-json\/wp\/v2\/categories?post=249287"},{"taxonomy":"post_tag","embeddable":true,"href":"https:\/\/dimensionturistica.com\/es\/wp-json\/wp\/v2\/tags?post=249287"}],"curies":[{"name":"wp","href":"https:\/\/api.w.org\/{rel}","templated":true}]}}