{"id":248702,"date":"2021-12-23T14:38:52","date_gmt":"2021-12-23T14:38:52","guid":{"rendered":"https:\/\/dimensionturistica.com\/es\/?p=248702"},"modified":"2021-12-23T14:38:53","modified_gmt":"2021-12-23T14:38:53","slug":"inicia-aerolinea-polaca-lot-operaciones-en-aeropuerto-de-villa-clara","status":"publish","type":"post","link":"https:\/\/dimensionturistica.com\/es\/inicia-aerolinea-polaca-lot-operaciones-en-aeropuerto-de-villa-clara\/","title":{"rendered":"Inicia aerol\u00ednea polaca Lot operaciones en aeropuerto de Villa Clara"},"content":{"rendered":"<p> <br \/>\n<\/p>\n<div id=\"\">\n\t\t\t\t\t\t\t\t&#13;<\/p>\n<p><img decoding=\"async\" src=\"http:\/\/www.acn.cu\/images\/2021\/Diciembre\/2312-lot-en-cuba4.jpg\" alt=\"2312-lot-en-cuba4.jpg\" width=\"800\" height=\"480\"\/><\/p>\n<p>&#13;<\/p>\n<p>Santa Clara, 23 dic (ACN) Con un vuelo con 289 pasajeros procedentes desde Varsovia y con Itaka como turoperador, la aerol\u00ednea polaca Lot inici\u00f3 hoy sus operaciones en el aeropuerto internacional Abel Santamar\u00eda de esta ciudad.<\/p>\n<p>&#13;<\/p>\n<p><strong>Lea:<\/strong><a rel=\"nofollow noopener\" target=\"_blank\" itemprop=\"url\" href=\"http:\/\/www.acn.cu\/economia\/88477-agentes-de-viajes-y-turistas-coinciden-en-la-seguridad-del-destino-cuba\"><strong>Agentes de viajes y turistas coinciden en la seguridad del destino Cuba<\/strong> <\/a><\/p>\n<p>&#13;<\/p>\n<p>Itaka es un tour operador de Polonia que opera en varios pa\u00edses como Espa\u00f1a y otras naciones del Viejo Continente.<\/p>\n<p>&#13;<\/p>\n<p>En declaraciones a la prensa Mildred Gonz\u00e1lez Gonz\u00e1lez, subdelegada del Ministerio del Turismo (MINTUR) en Villa Clara, inform\u00f3 que los visitantes polacos arribar\u00e1n al destino tur\u00edstico de Cayo Santamar\u00eda, uno de los principales polos de la industria sin chimeneas en el pa\u00eds.<\/p>\n<p>&#13;<\/p>\n<p><img decoding=\"async\" src=\"http:\/\/www.acn.cu\/images\/2021\/Diciembre\/2312-lot-en-cuba-.jpg\" alt=\"2312-lot-en-cuba-.jpg\" width=\"800\" height=\"480\"\/><\/p>\n<p>&#13;<\/p>\n<p>Realmente para nosotros resulta muy bueno contar con mayor diversidad de clientes y as\u00ed ampliamos tambi\u00e9n el producto tur\u00edstico que tenemos ac\u00e1 en Villa Clara, apunt\u00f3 la subdelegada del MINTUR.<\/p>\n<p>&#13;<\/p>\n<p>Hoy Canad\u00e1 contin\u00faa siendo el principal mercado para nosotros, pero con la afluencia de clientes de otras naciones tendremos la posibilidad de tener este vuelo con frecuencia semanal, destac\u00f3.<\/p>\n<p>&#13;<\/p>\n<p>Refiri\u00f3 adem\u00e1s que han reforzado todo lo relacionado con la calidad en materia de turismo m\u00e1s higi\u00e9nico y seguro de ah\u00ed que est\u00e9n convencidos del deleite de los clientes.<\/p>\n<p>&#13;<\/p>\n<p><img decoding=\"async\" src=\"http:\/\/www.acn.cu\/images\/2021\/Diciembre\/2312-lot-en-cuba8.jpg\" alt=\"2312-lot-en-cuba8.jpg\" width=\"800\" height=\"480\"\/><\/p>\n<p>&#13;<\/p>\n<p>El aeropuerto internacional Abel Santamar\u00eda reinici\u00f3 las operaciones de vuelos comerciales el pasado d\u00eda 2 de noviembre luego de casi un a\u00f1o de paralizaci\u00f3n debido a la<\/p>\n<p>&#13;<\/p>\n<p>COVID-19, con un vuelo de la aerol\u00ednea canadiense Sunwing Airways procedente de Toronto.<\/p>\n<p>&#13;<\/p>\n<p>Esta terminal a\u00e9rea se prepar\u00f3 en cumplimiento de los nuevos protocolos sanitarios como la se\u00f1alizaci\u00f3n de donde debe ir cada persona a fin de mantener el distanciamiento social, la utilizaci\u00f3n de la mascarilla, el empleo del gel hidroalcoh\u00f3lico y el chequeo de la documentaci\u00f3n de salud correspondiente.<\/p>\n<p>&#13;<\/p>\n<p><img decoding=\"async\" src=\"http:\/\/www.acn.cu\/images\/2021\/Diciembre\/2312-lot-en-cuba7.jpg\" alt=\"2312-lot-en-cuba7.jpg\" width=\"800\" height=\"480\"\/><\/p>\n<p>&#13;<\/p><\/div>\n\n<p><em> &#8221; Fuentes www.acn.cu &#8221; <\/em><\/p>\n","protected":false},"excerpt":{"rendered":"<p>&#13; &#13; Santa Clara, 23 dic (ACN) Con un vuelo con 289 pasajeros procedentes desde Varsovia y con Itaka como turoperador, la aerol\u00ednea polaca Lot inici\u00f3 hoy sus operaciones en el aeropuerto internacional Abel Santamar\u00eda de esta ciudad. &#13; Lea:Agentes de viajes y turistas coinciden en la seguridad del destino Cuba &#13; Itaka es un [&hellip;]<\/p>\n","protected":false},"author":4,"featured_media":248703,"comment_status":"open","ping_status":"closed","sticky":false,"template":"","format":"standard","meta":{"om_disable_all_campaigns":false,"jnews-multi-image_gallery":[],"jnews_single_post":[],"jnews_primary_category":[],"jnews_social_meta":[],"footnotes":""},"categories":[40],"tags":[956,715,14525,705,2322,1701,23384],"class_list":["post-248702","post","type-post","status-publish","format-standard","has-post-thumbnail","hentry","category-industria","tag-cuba","tag-economia","tag-huracanes","tag-noticias","tag-pib","tag-recuperacion","tag-zafra-azucarera"],"_links":{"self":[{"href":"https:\/\/dimensionturistica.com\/es\/wp-json\/wp\/v2\/posts\/248702","targetHints":{"allow":["GET"]}}],"collection":[{"href":"https:\/\/dimensionturistica.com\/es\/wp-json\/wp\/v2\/posts"}],"about":[{"href":"https:\/\/dimensionturistica.com\/es\/wp-json\/wp\/v2\/types\/post"}],"author":[{"embeddable":true,"href":"https:\/\/dimensionturistica.com\/es\/wp-json\/wp\/v2\/users\/4"}],"replies":[{"embeddable":true,"href":"https:\/\/dimensionturistica.com\/es\/wp-json\/wp\/v2\/comments?post=248702"}],"version-history":[{"count":0,"href":"https:\/\/dimensionturistica.com\/es\/wp-json\/wp\/v2\/posts\/248702\/revisions"}],"wp:featuredmedia":[{"embeddable":true,"href":"https:\/\/dimensionturistica.com\/es\/wp-json\/wp\/v2\/media\/248703"}],"wp:attachment":[{"href":"https:\/\/dimensionturistica.com\/es\/wp-json\/wp\/v2\/media?parent=248702"}],"wp:term":[{"taxonomy":"category","embeddable":true,"href":"https:\/\/dimensionturistica.com\/es\/wp-json\/wp\/v2\/categories?post=248702"},{"taxonomy":"post_tag","embeddable":true,"href":"https:\/\/dimensionturistica.com\/es\/wp-json\/wp\/v2\/tags?post=248702"}],"curies":[{"name":"wp","href":"https:\/\/api.w.org\/{rel}","templated":true}]}}