{"id":248205,"date":"2021-12-22T17:31:09","date_gmt":"2021-12-22T17:31:09","guid":{"rendered":"https:\/\/dimensionturistica.com\/es\/?p=248205"},"modified":"2021-12-22T17:31:10","modified_gmt":"2021-12-22T17:31:10","slug":"la-comarca-del-matarrana-recibira-17-millones-de-euros-para-desarrollar-su-plan-de-sostenibilidad-turistica-en-destino","status":"publish","type":"post","link":"https:\/\/dimensionturistica.com\/es\/la-comarca-del-matarrana-recibira-17-millones-de-euros-para-desarrollar-su-plan-de-sostenibilidad-turistica-en-destino\/","title":{"rendered":"La Comarca del Matarra\u00f1a recibir\u00e1 1,7 millones de euros para desarrollar su Plan de Sostenibilidad Tur\u00edstica en Destino"},"content":{"rendered":"<p> <br \/>\n<\/p>\n<div> La Comarca utiliza cookies y se sirve de herramientas y plataformas tecnol\u00f3gicas para garantizar su correcto funcionamiento, recoger informaci\u00f3n sobre su uso y mejorar sus servicios. <\/p>\n<p>Este sitio net utiliza cookies propias y de terceros para ofrecerte una experiencia completa en la navegaci\u00f3n. Puedes aceptar todas o cambiar la configuraci\u00f3n y preferencias. <a rel=\"nofollow noopener\" target=\"_blank\" id=\"wt-cli-settings-btn\" tabindex=\"0\" role=\"button' style=\" border-bottom:1px=\"\" solid=\"\" text-decoration:none=\"\" class=\"wt-cli-element medium cli-plugin-button cli-plugin-main-button cli_settings_button\">Configuraci\u00f3n<\/a><\/p>\n<\/div>\n\n<p><em> &#8221; Fuentes www.lacomarca.net &#8221; <\/em><\/p>\n","protected":false},"excerpt":{"rendered":"<p>La Comarca utiliza cookies y se sirve de herramientas y plataformas tecnol\u00f3gicas para garantizar su correcto funcionamiento, recoger informaci\u00f3n sobre su uso y mejorar sus servicios. Este sitio net utiliza cookies propias y de terceros para ofrecerte una experiencia completa en la navegaci\u00f3n. Puedes aceptar todas o cambiar la configuraci\u00f3n y preferencias. Configuraci\u00f3n &#8221; Fuentes [&hellip;]<\/p>\n","protected":false},"author":4,"featured_media":248206,"comment_status":"open","ping_status":"closed","sticky":false,"template":"","format":"standard","meta":{"om_disable_all_campaigns":false,"jnews-multi-image_gallery":[],"jnews_single_post":[],"jnews_primary_category":[],"jnews_social_meta":[],"footnotes":""},"categories":[40],"tags":[544],"class_list":["post-248205","post","type-post","status-publish","format-standard","has-post-thumbnail","hentry","category-industria","tag-turismo"],"_links":{"self":[{"href":"https:\/\/dimensionturistica.com\/es\/wp-json\/wp\/v2\/posts\/248205","targetHints":{"allow":["GET"]}}],"collection":[{"href":"https:\/\/dimensionturistica.com\/es\/wp-json\/wp\/v2\/posts"}],"about":[{"href":"https:\/\/dimensionturistica.com\/es\/wp-json\/wp\/v2\/types\/post"}],"author":[{"embeddable":true,"href":"https:\/\/dimensionturistica.com\/es\/wp-json\/wp\/v2\/users\/4"}],"replies":[{"embeddable":true,"href":"https:\/\/dimensionturistica.com\/es\/wp-json\/wp\/v2\/comments?post=248205"}],"version-history":[{"count":0,"href":"https:\/\/dimensionturistica.com\/es\/wp-json\/wp\/v2\/posts\/248205\/revisions"}],"wp:featuredmedia":[{"embeddable":true,"href":"https:\/\/dimensionturistica.com\/es\/wp-json\/wp\/v2\/media\/248206"}],"wp:attachment":[{"href":"https:\/\/dimensionturistica.com\/es\/wp-json\/wp\/v2\/media?parent=248205"}],"wp:term":[{"taxonomy":"category","embeddable":true,"href":"https:\/\/dimensionturistica.com\/es\/wp-json\/wp\/v2\/categories?post=248205"},{"taxonomy":"post_tag","embeddable":true,"href":"https:\/\/dimensionturistica.com\/es\/wp-json\/wp\/v2\/tags?post=248205"}],"curies":[{"name":"wp","href":"https:\/\/api.w.org\/{rel}","templated":true}]}}