{"id":248203,"date":"2021-12-22T17:36:34","date_gmt":"2021-12-22T17:36:34","guid":{"rendered":"https:\/\/dimensionturistica.com\/es\/?p=248203"},"modified":"2021-12-22T17:36:34","modified_gmt":"2021-12-22T17:36:34","slug":"anuncia-american-airlines-su-nuevo-equipo-directivo-para-america-latina-y-el-caribe","status":"publish","type":"post","link":"https:\/\/dimensionturistica.com\/es\/anuncia-american-airlines-su-nuevo-equipo-directivo-para-america-latina-y-el-caribe\/","title":{"rendered":"\u00a0 Anuncia American Airlines, su nuevo Equipo Directivo para Am\u00e9rica Latina y El Caribe"},"content":{"rendered":"<p>American Airlines anunci\u00f3 hoy al nuevo equipo directivo que supervisar\u00e1 las regiones del Caribe y Am\u00e9rica Latina.<br \/>\nJos\u00e9 Mar\u00eda Giraldo se desempe\u00f1ar\u00e1 como Director Gerente para M\u00e9xico, Centroam\u00e9rica y el Caribe, y Gonzalo Schames ser\u00e1 el Director para Am\u00e9rica del Sur y Alianzas Estrat\u00e9gicas.<\/p>\n<figure id=\"attachment_248211\" aria-describedby=\"caption-attachment-248211\" style=\"width: 300px\" class=\"wp-caption alignleft\"><img decoding=\"async\" class=\"size-medium wp-image-248211\" src=\"https:\/\/dimensionturistica.com\/es\/wp-content\/uploads\/2021\/12\/Gonzalo-Schames-300x200.jpg\" alt=\"\" width=\"300\" height=\"200\" srcset=\"https:\/\/dimensionturistica.com\/es\/wp-content\/uploads\/2021\/12\/Gonzalo-Schames-300x200.jpg 300w, https:\/\/dimensionturistica.com\/es\/wp-content\/uploads\/2021\/12\/Gonzalo-Schames-1024x681.jpg 1024w, https:\/\/dimensionturistica.com\/es\/wp-content\/uploads\/2021\/12\/Gonzalo-Schames-768x511.jpg 768w, https:\/\/dimensionturistica.com\/es\/wp-content\/uploads\/2021\/12\/Gonzalo-Schames-1536x1022.jpg 1536w, https:\/\/dimensionturistica.com\/es\/wp-content\/uploads\/2021\/12\/Gonzalo-Schames-2048x1363.jpg 2048w, https:\/\/dimensionturistica.com\/es\/wp-content\/uploads\/2021\/12\/Gonzalo-Schames-750x499.jpg 750w, https:\/\/dimensionturistica.com\/es\/wp-content\/uploads\/2021\/12\/Gonzalo-Schames-1140x759.jpg 1140w\" sizes=\"(max-width: 300px) 100vw, 300px\" \/><figcaption id=\"caption-attachment-248211\" class=\"wp-caption-text\">American Airlines New Hire, Employee&#8217;s<\/figcaption><\/figure>\n<p>Ambos l\u00edderes reportar\u00e1n a Jos\u00e9 A. Freig, Vicepresidente de Internacional, trabajando juntos para fortalecer la creciente presencia de la aerol\u00ednea en Am\u00e9rica Latina y el Caribe, sin perder de vista sus alianzas clave en Am\u00e9rica del Sur.<br \/>\nEste a\u00f1o las regiones de Am\u00e9rica Latina y el Caribe han tenido un gran crecimiento, con siete nuevos destinos, m\u00e1s de 40 nuevas rutas y alianzas estrat\u00e9gicas en Am\u00e9rica del Sur que van en aument, dijo Jos\u00e9 Freig, Vicepresidente de Internacional en American.<br \/>\nTenemos l\u00edderes destacados en nuestro equipo que continuar\u00e1n fortaleciendo la divisi\u00f3n internacional y personalmente estoy muy contento de ver a Jos\u00e9 Mar\u00eda y a Gonzalo desempe\u00f1arse en sus nuevos roles..<br \/>\nJos\u00e9 Mar\u00eda Giraldo se uni\u00f3 a American hace m\u00e1s de 30 a\u00f1os desempe\u00f1\u00e1ndose en distintas \u00e1reas de la empresa en los departamentos de Flight Service, Ventas, Carga y Operaciones.<br \/>\nEn su cargo actual, Jos\u00e9 Mar\u00eda supervisa la operaci\u00f3n de la aerol\u00ednea en M\u00e9xico,<\/p>\n<figure id=\"attachment_248215\" aria-describedby=\"caption-attachment-248215\" style=\"width: 225px\" class=\"wp-caption alignleft\"><img decoding=\"async\" class=\"size-medium wp-image-248215\" src=\"https:\/\/dimensionturistica.com\/es\/wp-content\/uploads\/2021\/12\/Jose-Maria-Giraldo-225x300.jpg\" alt=\"\" width=\"225\" height=\"300\" srcset=\"https:\/\/dimensionturistica.com\/es\/wp-content\/uploads\/2021\/12\/Jose-Maria-Giraldo-225x300.jpg 225w, https:\/\/dimensionturistica.com\/es\/wp-content\/uploads\/2021\/12\/Jose-Maria-Giraldo.jpg 235w\" sizes=\"(max-width: 225px) 100vw, 225px\" \/><figcaption id=\"caption-attachment-248215\" class=\"wp-caption-text\">????????????????????????????????????<\/figcaption><\/figure>\n<p>Centroam\u00e9rica, Ecuador y Colombia.<br \/>\nGonzalo Schames se incorpor\u00f3 a American en 1993 como agente de atenci\u00f3n al pasajero en Buenos Aires (EZE). Actualmente lidera las operaciones en el cono sur, incluyendo Argentina, Brasil, Chile, Per\u00fa y Uruguay.<br \/>\nActualmente, American opera aproximadamente 2,200 vuelos semanales en cerca de 90 destinos en Am\u00e9rica Latina y el Caribe, con cuatro nuevos vuelos que se inauguraron en diciembre: Anguila (AXA), Dominica (DOM), San Andr\u00e9s (ADZ) y Chetumal (CTM).<\/p>\n","protected":false},"excerpt":{"rendered":"<p>American Airlines anunci\u00f3 hoy al nuevo equipo directivo que supervisar\u00e1 las regiones del Caribe y Am\u00e9rica Latina. Jos\u00e9 Mar\u00eda Giraldo se desempe\u00f1ar\u00e1 como Director Gerente para M\u00e9xico, Centroam\u00e9rica y el Caribe, y Gonzalo Schames ser\u00e1 el Director para Am\u00e9rica del Sur y Alianzas Estrat\u00e9gicas. Ambos l\u00edderes reportar\u00e1n a Jos\u00e9 A. Freig, Vicepresidente de Internacional, trabajando [&hellip;]<\/p>\n","protected":false},"author":1,"featured_media":245906,"comment_status":"open","ping_status":"closed","sticky":false,"template":"","format":"standard","meta":{"om_disable_all_campaigns":false,"jnews-multi-image_gallery":[],"jnews_single_post":{"source_name":"","source_url":"","via_name":"","via_url":"","override_template":"0","override":[{"template":"1","single_blog_custom":"","parallax":"1","fullscreen":"1","layout":"right-sidebar","sidebar":"default-sidebar","second_sidebar":"default-sidebar","sticky_sidebar":"1","share_position":"top","share_float_style":"share-monocrhome","show_share_counter":"1","show_view_counter":"1","show_featured":"1","show_post_meta":"1","show_post_author":"1","show_post_author_image":"1","show_post_date":"1","post_date_format":"default","post_date_format_custom":"Y\/m\/d","show_post_category":"1","show_post_reading_time":"0","post_reading_time_wpm":"300","show_zoom_button":"0","zoom_button_out_step":"2","zoom_button_in_step":"3","show_post_tag":"1","show_prev_next_post":"1","show_popup_post":"1","number_popup_post":"1","show_author_box":"0","show_post_related":"0","show_inline_post_related":"0"}],"override_image_size":"0","image_override":[{"single_post_thumbnail_size":"crop-500","single_post_gallery_size":"crop-500"}],"trending_post":"0","trending_post_position":"meta","trending_post_label":"Trending","sponsored_post":"0","sponsored_post_label":"Sponsored by","sponsored_post_name":"","sponsored_post_url":"","sponsored_post_logo_enable":"0","sponsored_post_logo":"","sponsored_post_desc":"","disable_ad":"0"},"jnews_primary_category":{"id":""},"jnews_social_meta":{"fb_title":"","fb_description":"","fb_image":"","twitter_title":"","twitter_description":"","twitter_image":""},"footnotes":""},"categories":[40],"tags":[],"class_list":["post-248203","post","type-post","status-publish","format-standard","has-post-thumbnail","hentry","category-industria"],"_links":{"self":[{"href":"https:\/\/dimensionturistica.com\/es\/wp-json\/wp\/v2\/posts\/248203","targetHints":{"allow":["GET"]}}],"collection":[{"href":"https:\/\/dimensionturistica.com\/es\/wp-json\/wp\/v2\/posts"}],"about":[{"href":"https:\/\/dimensionturistica.com\/es\/wp-json\/wp\/v2\/types\/post"}],"author":[{"embeddable":true,"href":"https:\/\/dimensionturistica.com\/es\/wp-json\/wp\/v2\/users\/1"}],"replies":[{"embeddable":true,"href":"https:\/\/dimensionturistica.com\/es\/wp-json\/wp\/v2\/comments?post=248203"}],"version-history":[{"count":0,"href":"https:\/\/dimensionturistica.com\/es\/wp-json\/wp\/v2\/posts\/248203\/revisions"}],"wp:featuredmedia":[{"embeddable":true,"href":"https:\/\/dimensionturistica.com\/es\/wp-json\/wp\/v2\/media\/245906"}],"wp:attachment":[{"href":"https:\/\/dimensionturistica.com\/es\/wp-json\/wp\/v2\/media?parent=248203"}],"wp:term":[{"taxonomy":"category","embeddable":true,"href":"https:\/\/dimensionturistica.com\/es\/wp-json\/wp\/v2\/categories?post=248203"},{"taxonomy":"post_tag","embeddable":true,"href":"https:\/\/dimensionturistica.com\/es\/wp-json\/wp\/v2\/tags?post=248203"}],"curies":[{"name":"wp","href":"https:\/\/api.w.org\/{rel}","templated":true}]}}