{"id":248153,"date":"2021-12-22T16:57:55","date_gmt":"2021-12-22T16:57:55","guid":{"rendered":"https:\/\/dimensionturistica.com\/es\/?p=248153"},"modified":"2021-12-22T16:57:55","modified_gmt":"2021-12-22T16:57:55","slug":"ixtapa-zihuatanejo-fortalece-su-conectividad-aerea-con-estados-unidos-y-canada-para-la-temporada-invernal-2021-2022","status":"publish","type":"post","link":"https:\/\/dimensionturistica.com\/es\/ixtapa-zihuatanejo-fortalece-su-conectividad-aerea-con-estados-unidos-y-canada-para-la-temporada-invernal-2021-2022\/","title":{"rendered":"Ixtapa Zihuatanejo fortalece su conectividad a\u00e9rea con Estados Unidos y Canad\u00e1 para la temporada invernal 2021 \u2013 2022."},"content":{"rendered":"<p><img decoding=\"async\" class=\"size-medium wp-image-248165 alignright\" src=\"https:\/\/dimensionturistica.com\/es\/wp-content\/uploads\/2021\/12\/unnamed-11-300x200.jpg\" alt=\"\" width=\"300\" height=\"200\" srcset=\"https:\/\/dimensionturistica.com\/es\/wp-content\/uploads\/2021\/12\/unnamed-11-300x200.jpg 300w, https:\/\/dimensionturistica.com\/es\/wp-content\/uploads\/2021\/12\/unnamed-11-768x512.jpg 768w, https:\/\/dimensionturistica.com\/es\/wp-content\/uploads\/2021\/12\/unnamed-11-750x500.jpg 750w, https:\/\/dimensionturistica.com\/es\/wp-content\/uploads\/2021\/12\/unnamed-11.jpg 1024w\" sizes=\"(max-width: 300px) 100vw, 300px\" \/>\u00a0Ixtapa Zihuatanejo fortalece su conectividad a\u00e9rea con la llegada de los vuelos directos de la temporada invernal provenientes de Estados Unidos y Canad\u00e1, y el incremento en las frecuencias en vuelos nacionales esperando recibir a m\u00e1s de 40,000 viajeros en el destino tan solo durante el mes de diciembre por esta v\u00eda.<br \/>\nLa temporada dio inicio desde el pasado 6 de noviembre cuando recibi\u00f3 el primer vuelo del mercado canadiense proveniente de Calgary, Canad\u00e1, con la aerol\u00ednea WestJet con un total de 170 pasajeros, casi al 100% de su capacidad. La ruta inici\u00f3 operaciones con 2 frecuencias semanales y a mediados de <img decoding=\"async\" class=\"size-medium wp-image-248166 alignleft\" src=\"https:\/\/dimensionturistica.com\/es\/wp-content\/uploads\/2021\/12\/th-4-300x169.jpg\" alt=\"\" width=\"300\" height=\"169\" srcset=\"https:\/\/dimensionturistica.com\/es\/wp-content\/uploads\/2021\/12\/th-4-300x169.jpg 300w, https:\/\/dimensionturistica.com\/es\/wp-content\/uploads\/2021\/12\/th-4.jpg 303w\" sizes=\"(max-width: 300px) 100vw, 300px\" \/>diciembre increment\u00f3 a una tercera, volando los lunes, mi\u00e9rcoles y s\u00e1bados.<br \/>\nEl pasado domingo 5 de diciembre se recibieron los vuelos desde Toronto y Vancouver, los primeros vuelos de la temporada con la Aerol\u00ednea Air Canad\u00e1, con una frecuencia los d\u00edas domingo que se complementa con el tercer vuelo proveniente de Montreal el cual lleg\u00f3 el pasado 19 de diciembre con frecuencias los d\u00edas jueves y domingos.<br \/>\nPor otra parte, el jueves 9 de diciembre se recibi\u00f3 a los viajeros de Saskatoon con Sunwing<img decoding=\"async\" class=\"size-full wp-image-248167 alignright\" src=\"https:\/\/dimensionturistica.com\/es\/wp-content\/uploads\/2021\/12\/th-4-1.jpg\" alt=\"\" width=\"270\" height=\"180\" \/> Airlines, que operar\u00e1 con una frecuencia semanal los d\u00edas jueves. Esta es la \u00fanica ciudad que hasta el momento operar\u00e1 la aerol\u00ednea chartera hacia el destino.<br \/>\nEl mi\u00e9rcoles 15 de diciembre se recibi\u00f3 el primer vuelo de la temporada para el mercado de Estados Unidos con Sun Country Airlines que vol\u00f3 desde Minneapolis, Minnesota y que mantendr\u00e1 una frecuencia semanal los d\u00edas mi\u00e9rcoles.<br \/>\nEl s\u00e1bado 18 de diciembre se dio la bienvenida al vuelo inaugural de una nueva ruta para el destino desde San Francisco, California con Alaska Airlines el cual tendr\u00e1 una frecuencia semanal los d\u00edas s\u00e1bados arribando en un horario de 15:20 hrs. con 146 plazas disponibles.<br \/>\n<img decoding=\"async\" class=\"size-medium wp-image-248168 alignleft\" src=\"https:\/\/dimensionturistica.com\/es\/wp-content\/uploads\/2021\/12\/th-3-1-300x155.jpg\" alt=\"\" width=\"300\" height=\"155\" srcset=\"https:\/\/dimensionturistica.com\/es\/wp-content\/uploads\/2021\/12\/th-3-1-300x155.jpg 300w, https:\/\/dimensionturistica.com\/es\/wp-content\/uploads\/2021\/12\/th-3-1.jpg 326w\" sizes=\"(max-width: 300px) 100vw, 300px\" \/>Por otra parte, el mismo s\u00e1bado 18 de diciembre se recibieron los primeros vuelos desde Chicago y Los \u00c1ngeles con United Airlines y, ese mismo d\u00eda, lleg\u00f3 el vuelo desde Houston el cual a partir del 16 de diciembre inici\u00f3 operaciones diarias. Con esto se espera la llegada de m\u00e1s turistas desde estos mercados tan importantes para el destino.<br \/>\nCon estas rutas se recupera la operaci\u00f3n de todas las l\u00edneas a\u00e9reas que operaban en el Aeropuerto Internacional de Zihuatanejo antes de la pandemia, siendo Canad\u00e1 junto con Estados Unidos, los mercados internacionales m\u00e1s importantes para el destino para la temporada de invierno, que va de noviembre hasta abril de 2022.<br \/>\nPedro Castel\u00e1n Reyna, Director Ejecutivo de la Oficina de Convenciones y Visitantes de<img decoding=\"async\" class=\"size-full wp-image-248169 alignright\" src=\"https:\/\/dimensionturistica.com\/es\/wp-content\/uploads\/2021\/12\/th-2-1.jpg\" alt=\"\" width=\"281\" height=\"188\" \/> Ixtapa Zihuatanejo (OCVIZ) coment\u00f3 que \u201ceste reinicio de operaciones de las l\u00edneas a\u00e9reas canadienses son un buen augurio para la recuperaci\u00f3n econ\u00f3mica y tur\u00edstica de Ixtapa Zihuatanejo, que prev\u00e9 una muy buena temporada invernal para este mercado. Con esto esperamos recuperar buena parte de la conectividad a\u00e9rea hacia el destino despu\u00e9s de una pausa obligada por el COVID-19 en la temporada pasada. Esperamos que todos nuestros viajeros disfruten de nuestro para\u00edso tropical.\u201d<br \/>\nActualmente el Aeropuerto Internacional de Ixtapa Zihuatanejo cuenta con 7 aerol\u00edneas internacionales que vuelan desde 12 destinos internacionales, en temporada invernal arriban desde Estados Unidos con pasajeros desde Chicago, San Francisco y Minneapolis, <img decoding=\"async\" class=\"size-full wp-image-248170 alignleft\" src=\"https:\/\/dimensionturistica.com\/es\/wp-content\/uploads\/2021\/12\/th-1-1.jpg\" alt=\"\" width=\"296\" height=\"177\" \/>que se suman a los vuelos regulares desde Houston, Los \u00c1ngeles, Dallas y Phoenix de la mano de las aerol\u00edneas American Airlines, United Airlines, Sun Country Airlines y Alaska Airlines.<br \/>\nPara el mercado canadiense el destino est\u00e1 recibiendo vuelos directos desde las ciudades de Toronto, Montreal, Vancouver, Calgary y Saskatoon, operados por las aerol\u00edneas Air Canad\u00e1, WestJet y Sunwing, que mantendr\u00e1n sus rutas durante todo el invierno hasta finales de abril del 2022.<br \/>\nEn cuanto a vuelos nacionales, el binomio del pac\u00edfico continuar\u00e1 recibiendo vuelos nacionales de 5 aerol\u00edneas: Aerom\u00e9xico, Magnicharters (temporada), Aeromar, Volaris y Viva Aerobus; que conectan en vuelo directo a 3 destinos nacionales: Ciudad de M\u00e9xico y Tijuana de manera regular y Monterrey en temporada alta, a estos se sumar\u00e1 el reci\u00e9n anunciado vuelo desde la Ciudad de Puebla a partir de marzo del 2022 con Aeromar.<br \/>\nActualmente, las l\u00edneas a\u00e9reas Viva Aerob\u00fas y Volaris han incrementado a partir de noviembre, sus operaciones a una frecuencia diaria desde la Ciudad de M\u00e9xico para atender la demanda de la temporada. Gracias al constante fortalecimiento en su conectividad, Ixtapa Zihuatanejo se ha establecido como uno de los destinos preferidos en el mercado tanto nacional como internacional, esperando que, para esta temporada vacacional de invierno, se reciba una gran cantidad de viajeros v\u00eda a\u00e9rea logrando un gran derrame econ\u00f3mico en el destino que beneficie a todos.<\/p>\n","protected":false},"excerpt":{"rendered":"<p>\u00a0Ixtapa Zihuatanejo fortalece su conectividad a\u00e9rea con la llegada de los vuelos directos de la temporada invernal provenientes de Estados Unidos y Canad\u00e1, y el incremento en las frecuencias en vuelos nacionales esperando recibir a m\u00e1s de 40,000 viajeros en el destino tan solo durante el mes de diciembre por esta v\u00eda. La temporada dio [&hellip;]<\/p>\n","protected":false},"author":1,"featured_media":248164,"comment_status":"open","ping_status":"closed","sticky":false,"template":"","format":"standard","meta":{"om_disable_all_campaigns":false,"jnews-multi-image_gallery":[],"jnews_single_post":{"source_name":"","source_url":"","via_name":"","via_url":"","override_template":"0","override":[{"template":"1","single_blog_custom":"","parallax":"1","fullscreen":"1","layout":"right-sidebar","sidebar":"default-sidebar","second_sidebar":"default-sidebar","sticky_sidebar":"1","share_position":"top","share_float_style":"share-monocrhome","show_share_counter":"1","show_view_counter":"1","show_featured":"1","show_post_meta":"1","show_post_author":"1","show_post_author_image":"1","show_post_date":"1","post_date_format":"default","post_date_format_custom":"Y\/m\/d","show_post_category":"1","show_post_reading_time":"0","post_reading_time_wpm":"300","show_zoom_button":"0","zoom_button_out_step":"2","zoom_button_in_step":"3","show_post_tag":"1","show_prev_next_post":"1","show_popup_post":"1","number_popup_post":"1","show_author_box":"0","show_post_related":"0","show_inline_post_related":"0"}],"override_image_size":"0","image_override":[{"single_post_thumbnail_size":"crop-500","single_post_gallery_size":"crop-500"}],"trending_post":"0","trending_post_position":"meta","trending_post_label":"Trending","sponsored_post":"0","sponsored_post_label":"Sponsored by","sponsored_post_name":"","sponsored_post_url":"","sponsored_post_logo_enable":"0","sponsored_post_logo":"","sponsored_post_desc":"","disable_ad":"0"},"jnews_primary_category":{"id":""},"jnews_social_meta":{"fb_title":"","fb_description":"","fb_image":"","twitter_title":"","twitter_description":"","twitter_image":""},"footnotes":""},"categories":[39],"tags":[],"class_list":["post-248153","post","type-post","status-publish","format-standard","has-post-thumbnail","hentry","category-viajes"],"_links":{"self":[{"href":"https:\/\/dimensionturistica.com\/es\/wp-json\/wp\/v2\/posts\/248153","targetHints":{"allow":["GET"]}}],"collection":[{"href":"https:\/\/dimensionturistica.com\/es\/wp-json\/wp\/v2\/posts"}],"about":[{"href":"https:\/\/dimensionturistica.com\/es\/wp-json\/wp\/v2\/types\/post"}],"author":[{"embeddable":true,"href":"https:\/\/dimensionturistica.com\/es\/wp-json\/wp\/v2\/users\/1"}],"replies":[{"embeddable":true,"href":"https:\/\/dimensionturistica.com\/es\/wp-json\/wp\/v2\/comments?post=248153"}],"version-history":[{"count":0,"href":"https:\/\/dimensionturistica.com\/es\/wp-json\/wp\/v2\/posts\/248153\/revisions"}],"wp:featuredmedia":[{"embeddable":true,"href":"https:\/\/dimensionturistica.com\/es\/wp-json\/wp\/v2\/media\/248164"}],"wp:attachment":[{"href":"https:\/\/dimensionturistica.com\/es\/wp-json\/wp\/v2\/media?parent=248153"}],"wp:term":[{"taxonomy":"category","embeddable":true,"href":"https:\/\/dimensionturistica.com\/es\/wp-json\/wp\/v2\/categories?post=248153"},{"taxonomy":"post_tag","embeddable":true,"href":"https:\/\/dimensionturistica.com\/es\/wp-json\/wp\/v2\/tags?post=248153"}],"curies":[{"name":"wp","href":"https:\/\/api.w.org\/{rel}","templated":true}]}}