{"id":247870,"date":"2021-12-22T04:12:41","date_gmt":"2021-12-22T04:12:41","guid":{"rendered":"https:\/\/dimensionturistica.com\/es\/?p=247870"},"modified":"2021-12-22T04:12:42","modified_gmt":"2021-12-22T04:12:42","slug":"tribuna-del-atlantico-panderetas-por-un-crucero","status":"publish","type":"post","link":"https:\/\/dimensionturistica.com\/es\/tribuna-del-atlantico-panderetas-por-un-crucero\/","title":{"rendered":"TRIBUNA DEL ATL\u00c1NTICO &#8211; Panderetas por un crucero"},"content":{"rendered":"<p> <br \/>\n<\/p>\n<div id=\"ArticleBody\" style=\"margin-top:10px;\">\n<p>Proviniendo de una familia cat\u00f3lica y profesando esa fe, resulta, sin embargo, que un c\u00e1lido recuerdo de la ni\u00f1ez proviene precisamente de una iglesia evang\u00e9lica, en especial por la forma de cantar los temas religiosos.<\/p>\n<p>Mis padres no ten\u00edan inconvenientes en dejarnos ir a la escuela dominical de la Iglesia Evang\u00e9lica Dominicana, conocida popularmente entonces como \u201cla \u201cchorcha\u201d, por, church, iglesia en ingl\u00e9s, \u00edbamos invitados por do\u00f1a Rosa Polanco a la escuela dominical y particip\u00e1bamos del culto, la tradici\u00f3n musical de esa iglesia que se remonta a sus ra\u00edces en la iglesia wesleyana, tiene mucho de la herencia norteamericana del g\u00f3spel, pero para no perderme en ritmos, basta decir que me impresionaron siempre los coros, la simetr\u00eda de sus voces altas y, la pandereta.<\/p>\n<p>Desde entonces, siento ese humilde instrumento como elementary para los c\u00e1nticos que reflejan alegr\u00eda, inolvidables como aquel que cube \u201cYo tengo un gozo en mi alma\u2026 r\u00edos de agua viva hay en mi ser\u2026\u201d, con la fuerza vibrante de las panderetas.<\/p>\n<p>El mi\u00e9rcoles al bajar por la calle 12 de julio y observar la dominante escena de del crucero MSC Seashore anclado en el nuevo puerto Taino Bay, a la altura de la intersecci\u00f3n con la calle Eugenio Deschamps, cerca de esa iglesia, el crucero daba la impresi\u00f3n de cerrar el paso al ultimate de la calle, record\u00e9 las panderetas.<\/p>\n<p>Y las panderetas siguieron sonando por Fb, por Instagram, por Twitter,\u00a0 en cada publicaci\u00f3n de la gente de Puerto Plata, en la noticia de que cientos se apostaron desde temprano en la puntilla para ver entrar el crucero, en el entusiasmo de la gente en las calles, en las impresionantes tomas a\u00e9reas de los drones que surcaron el lugar, en las im\u00e1genes hechas en tierra desde el muelle, desde la calle Duarte o cualquier otro punto de la ciudad.<\/p>\n<p>El inusitado entusiasmo nos hizo recordar, aquella hist\u00f3rica llegada del Boheme, que siendo muchachos vimos en enero de 1971, apretujados en un mar de gente, acompa\u00f1ados de nuestra t\u00eda Francisca.<\/p>\n<p>Cuando se iniciaba la construcci\u00f3n del puerto Amber Cove dec\u00edamos en el espacio radial vespertino de la L\u2019 Area 92.5 FM, que nuestro \u00fanico reparo es que prefer\u00edamos que el muelle fuera en la bah\u00eda de Puerto Plata, convencidos de que una parte de los turistas, por peque\u00f1a que sea, determine andar por su cuenta en la ciudad y esos, son los que les llegan a los peque\u00f1os negocios. Amber Cove abon\u00f3 el terreno para Taino Bay.<\/p>\n<p>En la \u00e9poca del Boheme, el Caribe, el Track of Norway, el Volendam y tantos otros trasatl\u00e1nticos que visitaban Puerto Plata entre el 71 y el 93, como ahora, la gente respiraba al ritmo vibrante de la m\u00fasica, con el entusiasmo de un \u201callegro molto vivace\u201d, muy vivo y r\u00e1pido.<\/p>\n<p>Luego de unos 27 u 28 a\u00f1os sin tener cruceros regulares en el muelle de Puerto Plata, period inevitable este desborde de alegr\u00eda de la gente con el retorno de los cruceros, en esta bah\u00eda, un resultado fruto de la continuidad del Estado, en nuestra imperfecta democracia. Entusiasmo y esperanza de mejores tiempos.<\/p>\n<p>Alguien al escribir la historia podr\u00eda decir: Y tocaron panderetas, por un crucero, punto de partida del arribo de muchos.<\/p>\n<\/p><\/div>\n<p><script>\n        !function (f, b, e, v, n, t, s) {\n            if (f.fbq) return; n = f.fbq = function () {\n                n.callMethod ?\n                n.callMethod.apply(n, arguments) : n.queue.push(arguments)\n            }; if (!f._fbq) f._fbq = n;\n            n.push = n; n.loaded = !0; n.version = '2.0'; n.queue = []; t = b.createElement(e); t.async = !0;\n            t.src = v; s = b.getElementsByTagName(e)[0]; s.parentNode.insertBefore(t, s)\n        }(window,\n        document, 'script', 'https:\/\/connect.facebook.net\/en_US\/fbevents.js');\n        fbq('init', '336505603402465', {\n        });\n        fbq('track', 'PageView');\n    <\/script><script>\n        !function (f, b, e, v, n, t, s) {\n            if (f.fbq) return; n = f.fbq = function () {\n                n.callMethod ?\n                n.callMethod.apply(n, arguments) : n.queue.push(arguments)\n            }; if (!f._fbq) f._fbq = n;\n            n.push = n; n.loaded = !0; n.version = '2.0'; n.queue = []; t = b.createElement(e); t.async = !0;\n            t.src = v; s = b.getElementsByTagName(e)[0]; s.parentNode.insertBefore(t, s)\n        }(window,\n        document, 'script', 'https:\/\/connect.facebook.net\/en_US\/fbevents.js');\n        fbq('init', '871551932912625', {\n        });\n        fbq('track', 'PageView');\n    <\/script><script>\n    window.fbAsyncInit = function () {\n        FB.init({\n            appId: '482294438637972',\n            xfbml: true,\n            version: 'v2.7'\n        });\n    };\n    (function (d, s, id) {\n        var js, fjs = d.getElementsByTagName(s)[0];\n        if (d.getElementById(id)) { return; }\n        js = d.createElement(s); js.id = id;\n        js.src = \"https:\/\/connect.facebook.net\/en_US\/sdk.js\";\n        fjs.parentNode.insertBefore(js, fjs);\n    }(document, 'script', 'facebook-jssdk'));\n<\/script><br \/>\n<br \/><\/p>\n<p><em> &#8221; Fuentes listindiario.com &#8221; <\/em><\/p>\n","protected":false},"excerpt":{"rendered":"<p>Proviniendo de una familia cat\u00f3lica y profesando esa fe, resulta, sin embargo, que un c\u00e1lido recuerdo de la ni\u00f1ez proviene precisamente de una iglesia evang\u00e9lica, en especial por la forma de cantar los temas religiosos. Mis padres no ten\u00edan inconvenientes en dejarnos ir a la escuela dominical de la Iglesia Evang\u00e9lica Dominicana, conocida popularmente entonces [&hellip;]<\/p>\n","protected":false},"author":4,"featured_media":247871,"comment_status":"open","ping_status":"closed","sticky":false,"template":"","format":"standard","meta":{"om_disable_all_campaigns":false,"jnews-multi-image_gallery":[],"jnews_single_post":[],"jnews_primary_category":[],"jnews_social_meta":[],"footnotes":""},"categories":[41],"tags":[547,1431,1432,1433,229,1427,705,1428,1136,1430,1429],"class_list":["post-247870","post","type-post","status-publish","format-standard","has-post-thumbnail","hentry","category-cruceros","tag-informacion","tag-listin","tag-listin-diario","tag-listin-digital","tag-news","tag-newspaper","tag-noticias","tag-periodicos","tag-prensa","tag-republica-dominicana","tag-santo-domingo"],"_links":{"self":[{"href":"https:\/\/dimensionturistica.com\/es\/wp-json\/wp\/v2\/posts\/247870","targetHints":{"allow":["GET"]}}],"collection":[{"href":"https:\/\/dimensionturistica.com\/es\/wp-json\/wp\/v2\/posts"}],"about":[{"href":"https:\/\/dimensionturistica.com\/es\/wp-json\/wp\/v2\/types\/post"}],"author":[{"embeddable":true,"href":"https:\/\/dimensionturistica.com\/es\/wp-json\/wp\/v2\/users\/4"}],"replies":[{"embeddable":true,"href":"https:\/\/dimensionturistica.com\/es\/wp-json\/wp\/v2\/comments?post=247870"}],"version-history":[{"count":0,"href":"https:\/\/dimensionturistica.com\/es\/wp-json\/wp\/v2\/posts\/247870\/revisions"}],"wp:featuredmedia":[{"embeddable":true,"href":"https:\/\/dimensionturistica.com\/es\/wp-json\/wp\/v2\/media\/247871"}],"wp:attachment":[{"href":"https:\/\/dimensionturistica.com\/es\/wp-json\/wp\/v2\/media?parent=247870"}],"wp:term":[{"taxonomy":"category","embeddable":true,"href":"https:\/\/dimensionturistica.com\/es\/wp-json\/wp\/v2\/categories?post=247870"},{"taxonomy":"post_tag","embeddable":true,"href":"https:\/\/dimensionturistica.com\/es\/wp-json\/wp\/v2\/tags?post=247870"}],"curies":[{"name":"wp","href":"https:\/\/api.w.org\/{rel}","templated":true}]}}