{"id":247555,"date":"2021-12-21T18:51:15","date_gmt":"2021-12-21T18:51:15","guid":{"rendered":"https:\/\/dimensionturistica.com\/es\/?p=247555"},"modified":"2021-12-21T18:51:16","modified_gmt":"2021-12-21T18:51:16","slug":"no-bajan-los-viajes-a-pesar-del-aumento-en-los-casos-de-covid-19-finanzas","status":"publish","type":"post","link":"https:\/\/dimensionturistica.com\/es\/no-bajan-los-viajes-a-pesar-del-aumento-en-los-casos-de-covid-19-finanzas\/","title":{"rendered":"No bajan los viajes a pesar del aumento en los casos de covid-19 | Finanzas"},"content":{"rendered":"<p> <br \/>\n<\/p>\n<div itemprop=\"articleBody\">\n                                <meta itemprop=\"isAccessibleForFree\" content=\"true\"\/><\/p>\n<p>A pesar de un aumento en los casos de covid-19 y las nuevas restricciones que surgen en todo Estados Unidos, <a rel=\"nofollow noopener\" target=\"_blank\" title=\"Obligatoria la vacuna o prueba para chinchorrear\" href=\"https:\/\/www.elvocero.com\/tncms\/asset\/editorial\/11b89d14-61fd-11ec-92cc-ffa869c91631\/\">los pasajeros en los aeropuertos no parecen estar disuadidos de cumplir con sus planes de vacaciones.<\/a><\/p>\n<p><strong>M\u00e1s de 2 millones de pasajeros pasaron por revisi\u00f3n de seguridad en los aeropuertos de EE.UU. el 16, 17 y 18 de diciembre,<\/strong> seg\u00fan datos de puntos de management de la Administraci\u00f3n de Seguridad del Transporte.<\/p>\n<p>Esas cifras de pasajeros en los aeropuertos son casi el doble de lo que eran hace un a\u00f1o, pero no alcanzan las cifras previas a la pandemia de 2019, seg\u00fan muestran los datos.<\/p>\n<div class=\"inline-asset inline-article  subscriber-hide tnt-inline-asset tnt-inline-relcontent tnt-inline-article tnt-inline-relation-child tnt-inline-presentation-short-summary tnt-inline-alignment-default tnt-inline-width-default\">\n<article id=\"card-summary-fbb2f5e2-625f-11ec-ba59-2b688c5b6d32\" class=\"tnt-asset-type-article clearfix card summary has-image  letterbox-style-default  tnt-section-actualidad tnt-sub-section-salud\">\n<div class=\"card-container\">\n<div class=\"card-image \">\n<div class=\"media-preview-fbb2f5e2-625f-11ec-ba59-2b688c5b6d32 media-preview article-asset \" data-aspect=\"\">\n<figure class=\"photo layout-horizontal letterbox-style-default\">\n<div class=\"image\">\n<p>                    <a rel=\"nofollow noopener\" target=\"_blank\" href=\"https:\/\/www.elvocero.com\/actualidad\/salud\/micron-c-mo-act-a-y-lo-que-falta-por-aprender\/article_fbb2f5e2-625f-11ec-ba59-2b688c5b6d32.html\" class=\"tnt-asset-link\">                <\/p>\n<p>                &#13;<br \/>\n        &#13;<br \/>\n                        <img loading=\"lazy\" decoding=\"async\" src=\"data:image\/png;base64,iVBORw0KGgoAAAANSUhEUgAAAAQAAAADCAQAAAAe\/WZNAAAAEElEQVR42mM8U88ABowYDABAxQPltt5zqAAAAABJRU5ErkJggg==\" alt=\"&#xD3;micron: c&#xF3;mo act&#xFA;a y lo que falta por aprender\" class=\"img-responsive lazyload ap-photo full default\" width=\"825\" height=\"550\" data-sizes=\"auto\" data-srcset=\"https:\/\/bloximages.newyork1.vip.townnews.com\/elvocero.com\/content\/tncms\/assets\/v3\/editorial\/c\/a7\/ca7dfad4-6260-11ec-94b6-73bda90b4241\/61c1d4dd23d4a.image.jpg?resize=150%2C100 150w, https:\/\/bloximages.newyork1.vip.townnews.com\/elvocero.com\/content\/tncms\/assets\/v3\/editorial\/c\/a7\/ca7dfad4-6260-11ec-94b6-73bda90b4241\/61c1d4dd23d4a.image.jpg?resize=200%2C133 200w, https:\/\/bloximages.newyork1.vip.townnews.com\/elvocero.com\/content\/tncms\/assets\/v3\/editorial\/c\/a7\/ca7dfad4-6260-11ec-94b6-73bda90b4241\/61c1d4dd23d4a.image.jpg?resize=225%2C150 225w, https:\/\/bloximages.newyork1.vip.townnews.com\/elvocero.com\/content\/tncms\/assets\/v3\/editorial\/c\/a7\/ca7dfad4-6260-11ec-94b6-73bda90b4241\/61c1d4dd23d4a.image.jpg?resize=300%2C200 300w, https:\/\/bloximages.newyork1.vip.townnews.com\/elvocero.com\/content\/tncms\/assets\/v3\/editorial\/c\/a7\/ca7dfad4-6260-11ec-94b6-73bda90b4241\/61c1d4dd23d4a.image.jpg?resize=400%2C267 400w, https:\/\/bloximages.newyork1.vip.townnews.com\/elvocero.com\/content\/tncms\/assets\/v3\/editorial\/c\/a7\/ca7dfad4-6260-11ec-94b6-73bda90b4241\/61c1d4dd23d4a.image.jpg?resize=540%2C360 540w, https:\/\/bloximages.newyork1.vip.townnews.com\/elvocero.com\/content\/tncms\/assets\/v3\/editorial\/c\/a7\/ca7dfad4-6260-11ec-94b6-73bda90b4241\/61c1d4dd23d4a.image.jpg?resize=640%2C427 640w, https:\/\/bloximages.newyork1.vip.townnews.com\/elvocero.com\/content\/tncms\/assets\/v3\/editorial\/c\/a7\/ca7dfad4-6260-11ec-94b6-73bda90b4241\/61c1d4dd23d4a.image.jpg?resize=750%2C500 750w, https:\/\/bloximages.newyork1.vip.townnews.com\/elvocero.com\/content\/tncms\/assets\/v3\/editorial\/c\/a7\/ca7dfad4-6260-11ec-94b6-73bda90b4241\/61c1d4dd23d4a.image.jpg?resize=825%2C550 990w\"\/><br \/>\n                <\/a><\/p><\/div>\n<\/figure>\n<\/div><\/div><\/div>\n<\/article>\n<\/div>\n<p>Este aumento en los n\u00fameros de pasajeros en los aeropuertos se produce cuando las ciudades luchan por controlar el aumento de casos y hospitalizaciones de covid-19:<\/p>\n<p>\u2022 Este a\u00f1o, 2.063 millones pasajeros pasaron por los aeropuertos el 16 de diciembre, 2.234 millones viajaron el 17 de diciembre y 2.035 millones viajaron el 18 de diciembre.<\/p>\n<p>\u2022 En esos mismos d\u00edas de 2020, 846,934 viajaron el 16 de diciembre, 1.067 millones viajaron el 17 de diciembre y 1.074 millones viajaron el 18 de diciembre.<\/p>\n<p>\u2022 En 2019, 2.471 millones pasajeros viajaron a trav\u00e9s de aeropuertos el 16 de diciembre, 2.608 millones viajaron el 17 de diciembre y 2.488 millones viajaron el 18 de diciembre.<\/p>\n<p><strong>El hecho de que la cantidad de viajeros sea casi la misma que antes de la pandemia sugiere que hasta ahora la gente no est\u00e1 cancelando planes a pesar de las nuevas advertencias sobre \u00f3micron.<\/strong><\/p>\n<p><span>El principal especialista en enfermedades infecciosas de Estados Unidos,<\/span>\u00a0Anthony Fauci y otros funcionarios de salud est\u00e1n alentando a los viajeros a ser cautelosos, a ponerse un refuerzo y a usar mascarilla tanto como sea posible, pero a diferencia del invierno pasado, no le est\u00e1n diciendo a la gente que cancele sus planes.<\/p>\n<div class=\"inline-asset inline-article  subscriber-hide tnt-inline-asset tnt-inline-relcontent tnt-inline-article tnt-inline-relation-child tnt-inline-presentation-short-summary tnt-inline-alignment-default tnt-inline-width-default\">\n<article id=\"card-summary-4cb135a0-61fa-11ec-afe3-ef270186eca6\" class=\"tnt-asset-type-article clearfix card summary has-image  letterbox-style-default  tnt-section-economia tnt-sub-section-otros\">\n<div class=\"card-container\">\n<div class=\"card-image \">\n<div class=\"media-preview-4cb135a0-61fa-11ec-afe3-ef270186eca6 media-preview article-asset \" data-aspect=\"\">\n<figure class=\"photo layout-horizontal letterbox-style-default\">\n<div class=\"image\">\n<p>                    <a rel=\"nofollow noopener\" target=\"_blank\" href=\"https:\/\/www.elvocero.com\/economia\/otros\/favorecen-reforzar-las-medidas-contra-el-covid-19\/article_4cb135a0-61fa-11ec-afe3-ef270186eca6.html\" class=\"tnt-asset-link\">                <\/p>\n<p>                &#13;<br \/>\n        &#13;<br \/>\n                        <img loading=\"lazy\" decoding=\"async\" src=\"data:image\/png;base64,iVBORw0KGgoAAAANSUhEUgAAAAQAAAADCAQAAAAe\/WZNAAAAEElEQVR42mM8U88ABowYDABAxQPltt5zqAAAAABJRU5ErkJggg==\" alt=\"Favorecen reforzar las medidas contra el covid-19\" class=\"img-responsive lazyload full default\" width=\"1763\" height=\"1175\" data-sizes=\"auto\" data-srcset=\"https:\/\/bloximages.newyork1.vip.townnews.com\/elvocero.com\/content\/tncms\/assets\/v3\/editorial\/6\/37\/6374aaf6-61fa-11ec-b148-c75d6322e8a5\/61c128f88eaaf.image.jpg?resize=150%2C100 150w, https:\/\/bloximages.newyork1.vip.townnews.com\/elvocero.com\/content\/tncms\/assets\/v3\/editorial\/6\/37\/6374aaf6-61fa-11ec-b148-c75d6322e8a5\/61c128f88eaaf.image.jpg?resize=200%2C133 200w, https:\/\/bloximages.newyork1.vip.townnews.com\/elvocero.com\/content\/tncms\/assets\/v3\/editorial\/6\/37\/6374aaf6-61fa-11ec-b148-c75d6322e8a5\/61c128f88eaaf.image.jpg?resize=225%2C150 225w, https:\/\/bloximages.newyork1.vip.townnews.com\/elvocero.com\/content\/tncms\/assets\/v3\/editorial\/6\/37\/6374aaf6-61fa-11ec-b148-c75d6322e8a5\/61c128f88eaaf.image.jpg?resize=300%2C200 300w, https:\/\/bloximages.newyork1.vip.townnews.com\/elvocero.com\/content\/tncms\/assets\/v3\/editorial\/6\/37\/6374aaf6-61fa-11ec-b148-c75d6322e8a5\/61c128f88eaaf.image.jpg?resize=400%2C267 400w, https:\/\/bloximages.newyork1.vip.townnews.com\/elvocero.com\/content\/tncms\/assets\/v3\/editorial\/6\/37\/6374aaf6-61fa-11ec-b148-c75d6322e8a5\/61c128f88eaaf.image.jpg?resize=540%2C360 540w, https:\/\/bloximages.newyork1.vip.townnews.com\/elvocero.com\/content\/tncms\/assets\/v3\/editorial\/6\/37\/6374aaf6-61fa-11ec-b148-c75d6322e8a5\/61c128f88eaaf.image.jpg?resize=640%2C427 640w, https:\/\/bloximages.newyork1.vip.townnews.com\/elvocero.com\/content\/tncms\/assets\/v3\/editorial\/6\/37\/6374aaf6-61fa-11ec-b148-c75d6322e8a5\/61c128f88eaaf.image.jpg?resize=750%2C500 750w, https:\/\/bloximages.newyork1.vip.townnews.com\/elvocero.com\/content\/tncms\/assets\/v3\/editorial\/6\/37\/6374aaf6-61fa-11ec-b148-c75d6322e8a5\/61c128f88eaaf.image.jpg?resize=990%2C660 990w, https:\/\/bloximages.newyork1.vip.townnews.com\/elvocero.com\/content\/tncms\/assets\/v3\/editorial\/6\/37\/6374aaf6-61fa-11ec-b148-c75d6322e8a5\/61c128f88eaaf.image.jpg?resize=1035%2C690 1035w, https:\/\/bloximages.newyork1.vip.townnews.com\/elvocero.com\/content\/tncms\/assets\/v3\/editorial\/6\/37\/6374aaf6-61fa-11ec-b148-c75d6322e8a5\/61c128f88eaaf.image.jpg?resize=1200%2C800 1200w, https:\/\/bloximages.newyork1.vip.townnews.com\/elvocero.com\/content\/tncms\/assets\/v3\/editorial\/6\/37\/6374aaf6-61fa-11ec-b148-c75d6322e8a5\/61c128f88eaaf.image.jpg?resize=1333%2C888 1333w, https:\/\/bloximages.newyork1.vip.townnews.com\/elvocero.com\/content\/tncms\/assets\/v3\/editorial\/6\/37\/6374aaf6-61fa-11ec-b148-c75d6322e8a5\/61c128f88eaaf.image.jpg?resize=1476%2C984 1476w, https:\/\/bloximages.newyork1.vip.townnews.com\/elvocero.com\/content\/tncms\/assets\/v3\/editorial\/6\/37\/6374aaf6-61fa-11ec-b148-c75d6322e8a5\/61c128f88eaaf.image.jpg?resize=1763%2C1175 2008w\"\/><br \/>\n                <\/a><\/p><\/div>\n<\/figure>\n<\/div><\/div><\/div>\n<\/article>\n<\/div>\n<p>En ABC el domingo, Fauci defendi\u00f3 una afirmaci\u00f3n que hizo a principios de semana de que las personas deber\u00edan sentirse c\u00f3modas viajando con la familia, pero tambi\u00e9n dijo que no se reunieran con aquellos cuyo estado de vacunaci\u00f3n se desconoce.<\/p>\n<p>&#8220;Ser\u00e1n unas semanas o meses dif\u00edciles a medida que nos adentremos en el invierno&#8221;, le dijo Fauci a Jake Tapper de superstar.land, reconociendo la dificultad de usar mascarilla todo el tiempo.<\/p>\n<p><em>*Con informaci\u00f3n de superstar.land en espa\u00f1ol.<\/em><\/p>\n<\/p><\/div>\n<p><script>\n!function(f,b,e,v,n,t,s)\n{if(f.fbq)return;n=f.fbq=function(){n.callMethod?\nn.callMethod.apply(n,arguments):n.queue.push(arguments)};\nif(!f._fbq)f._fbq=n;n.push=n;n.loaded=!0;n.version='2.0';\nn.queue=[];t=b.createElement(e);t.async=!0;\nt.src=v;s=b.getElementsByTagName(e)[0];\ns.parentNode.insertBefore(t,s)}(window, document,'script',\n'https:\/\/connect.facebook.net\/en_US\/fbevents.js');\nfbq('init', '1815340891988198');\nfbq('track', 'PageView');\n<\/script><br \/>\n<br \/><\/p>\n<p><em> &#8221; Fuentes www.elvocero.com &#8221; <\/em><\/p>\n","protected":false},"excerpt":{"rendered":"<p>A pesar de un aumento en los casos de covid-19 y las nuevas restricciones que surgen en todo Estados Unidos, los pasajeros en los aeropuertos no parecen estar disuadidos de cumplir con sus planes de vacaciones. M\u00e1s de 2 millones de pasajeros pasaron por revisi\u00f3n de seguridad en los aeropuertos de EE.UU. el 16, 17 [&hellip;]<\/p>\n","protected":false},"author":4,"featured_media":247556,"comment_status":"open","ping_status":"closed","sticky":false,"template":"","format":"standard","meta":{"om_disable_all_campaigns":false,"jnews-multi-image_gallery":[],"jnews_single_post":[],"jnews_primary_category":[],"jnews_social_meta":[],"footnotes":""},"categories":[39],"tags":[1932],"class_list":["post-247555","post","type-post","status-publish","format-standard","has-post-thumbnail","hentry","category-viajes","tag-finanzas"],"_links":{"self":[{"href":"https:\/\/dimensionturistica.com\/es\/wp-json\/wp\/v2\/posts\/247555","targetHints":{"allow":["GET"]}}],"collection":[{"href":"https:\/\/dimensionturistica.com\/es\/wp-json\/wp\/v2\/posts"}],"about":[{"href":"https:\/\/dimensionturistica.com\/es\/wp-json\/wp\/v2\/types\/post"}],"author":[{"embeddable":true,"href":"https:\/\/dimensionturistica.com\/es\/wp-json\/wp\/v2\/users\/4"}],"replies":[{"embeddable":true,"href":"https:\/\/dimensionturistica.com\/es\/wp-json\/wp\/v2\/comments?post=247555"}],"version-history":[{"count":0,"href":"https:\/\/dimensionturistica.com\/es\/wp-json\/wp\/v2\/posts\/247555\/revisions"}],"wp:featuredmedia":[{"embeddable":true,"href":"https:\/\/dimensionturistica.com\/es\/wp-json\/wp\/v2\/media\/247556"}],"wp:attachment":[{"href":"https:\/\/dimensionturistica.com\/es\/wp-json\/wp\/v2\/media?parent=247555"}],"wp:term":[{"taxonomy":"category","embeddable":true,"href":"https:\/\/dimensionturistica.com\/es\/wp-json\/wp\/v2\/categories?post=247555"},{"taxonomy":"post_tag","embeddable":true,"href":"https:\/\/dimensionturistica.com\/es\/wp-json\/wp\/v2\/tags?post=247555"}],"curies":[{"name":"wp","href":"https:\/\/api.w.org\/{rel}","templated":true}]}}