{"id":247287,"date":"2021-12-21T11:53:08","date_gmt":"2021-12-21T11:53:08","guid":{"rendered":"https:\/\/dimensionturistica.com\/es\/?p=247287"},"modified":"2021-12-21T11:53:08","modified_gmt":"2021-12-21T11:53:08","slug":"inauguracion-pressto-foods-en-san-pedro-sula-honduras","status":"publish","type":"post","link":"https:\/\/dimensionturistica.com\/es\/inauguracion-pressto-foods-en-san-pedro-sula-honduras\/","title":{"rendered":"Inauguraci\u00f3n Pressto Foods en San Pedro Sula, Honduras"},"content":{"rendered":"<p> <br \/>\n<\/p>\n<div>\n<p class=\"has-drop-cap\"><strong>San Pedro Sula. <\/strong>Los hermanos <strong>Fernando<\/strong>, <strong>Jorge<\/strong> y <strong>Allan Faraj Larach<\/strong> han celebrado la inauguraci\u00f3n de <strong><em>Pressto Meals<\/em><\/strong>, el primero y m\u00e1s completo <strong><em>meat market<\/em><\/strong> <strong><em>&amp; delishop<\/em><\/strong> de <strong>Honduras<\/strong>. <\/p>\n<div class=\"wp-block-image\">\n<figure class=\"aligncenter size-large\"><img decoding=\"async\" width=\"740\" height=\"900\" loading=\"lazy\" src=\"https:\/\/iconosmag.com\/wp-content\/uploads\/2021\/12\/Pressto-Foods-62.jpg\" alt=\"Inauguraci\u00f3n Pressto Foods\" class=\"wp-image-357088\"\/><figcaption><strong><em>Fotos Cristian Alvarado derechos reservados para ICONOS Magazine<\/em><\/strong><\/figcaption><\/figure>\n<\/div>\n<h3 id=\"h-fotogaler-a-aqu-la-ntima-celebraci-n-de-apertura-por-el-meat-market-delishop-pressto-foods\">Fotogaler\u00eda aqu\u00ed: <a target=\"_blank\" href=\"https:\/\/iconosmag.com\/fotogaleria\/apertura-pressto-foods-honduras\/\" rel=\"noopener\">La \u00edntima celebraci\u00f3n de apertura por el <em>meat market &amp; delishop Pressto Foods <\/em><\/a><\/h3>\n<figure class=\"wp-block-embed aligncenter is-type-wp-embed is-provider-iconos-mag-honduras-san-pedro-sula wp-block-embed-iconos-mag-honduras-san-pedro-sula\"\/>\n<p>Junto a su madre <strong>Carmen Larach de Faraj<\/strong>, han cortado la cinta inaugural de la cinta en un ambiente de orgullo.<\/p>\n<p>Adem\u00e1s, todo el private especializado en atenci\u00f3n al cliente, <strong><em>delicatessen<\/em><\/strong> y especialista en cortes importados de carne, vinos y licores, han acompa\u00f1ado el acontecimiento.<\/p>\n<div class=\"wp-block-image\">\n<figure class=\"aligncenter size-large\"><img decoding=\"async\" width=\"900\" height=\"581\" loading=\"lazy\" src=\"https:\/\/iconosmag.com\/wp-content\/uploads\/2021\/12\/Pressto-Foods-81.jpg\" alt=\"Inauguraci\u00f3n Pressto Foods\" class=\"wp-image-357102\"\/><\/figure>\n<\/div>\n<div class=\"wp-block-jetpack-tiled-gallery aligncenter is-style-rectangular\">\n<div class=\"tiled-gallery__gallery\">\n<div class=\"tiled-gallery__row\">\n<div class=\"tiled-gallery__col\" style=\"flex-basis:50.99547%\">\n<figure class=\"tiled-gallery__item\"><img decoding=\"async\" data-lazy-srcset=\"https:\/\/i0.wp.com\/iconosmag.com\/wp-content\/uploads\/2021\/12\/Pressto-Foods-77-1.jpg?strip=info&amp;w=600&amp;ssl=1 600w,https:\/\/i0.wp.com\/iconosmag.com\/wp-content\/uploads\/2021\/12\/Pressto-Foods-77-1.jpg?strip=info&amp;w=900&amp;ssl=1 900w\" alt=\"\" data-height=\"900\" data-id=\"357099\" data-link=\"https:\/\/iconosmag.com\/?attachment_id=357099\" data-url=\"https:\/\/iconosmag.com\/wp-content\/uploads\/2021\/12\/Pressto-Foods-77-1.jpg\" data-width=\"698\" src=\"data:image\/svg+xml,%3Csvg%20xmlns=\" http:=\"\" data-amp-layout=\"responsive\" data-lazy-src=\"https:\/\/i0.wp.com\/iconosmag.com\/wp-content\/uploads\/2021\/12\/Pressto-Foods-77-1.jpg?ssl=1\"\/><noscript><img decoding=\"async\" srcset=\"https:\/\/i0.wp.com\/iconosmag.com\/wp-content\/uploads\/2021\/12\/Pressto-Foods-77-1.jpg?strip=info&amp;w=600&amp;ssl=1 600w,https:\/\/i0.wp.com\/iconosmag.com\/wp-content\/uploads\/2021\/12\/Pressto-Foods-77-1.jpg?strip=info&amp;w=900&amp;ssl=1 900w\" alt=\"\" data-height=\"900\" data-id=\"357099\" data-link=\"https:\/\/iconosmag.com\/?attachment_id=357099\" data-url=\"https:\/\/iconosmag.com\/wp-content\/uploads\/2021\/12\/Pressto-Foods-77-1.jpg\" data-width=\"698\" src=\"https:\/\/i0.wp.com\/iconosmag.com\/wp-content\/uploads\/2021\/12\/Pressto-Foods-77-1.jpg?ssl=1\" data-amp-layout=\"responsive\"\/><\/noscript><\/figure>\n<\/div>\n<\/div>\n<\/div>\n<\/div>\n<p>A las 10.00 am, las puertas de <strong><em>Pressto Meals<\/em><\/strong> se han abierto para recibir a los primeros clientes que han quedado fascinados con la interminable variedad de productos y a precios fascinantes. <\/p>\n<p>El padre <strong>Vicente Nacher<\/strong> ha bendecido el establecimiento y la visi\u00f3n de los hermanos <strong>Faraj Larach<\/strong>, que han seguido a cabalidad los pasos de su honorable y recordado padre <strong>Jorge Faraj<\/strong>.<\/p>\n<h3 id=\"h-click-aqu-sigue-nuestro-canal-de-youtube-iconosim-y-activa-las-notificaciones\">Click on aqu\u00ed:\u00a0<a target=\"_blank\" href=\"https:\/\/www.youtube.com\/channel\/UCCJtOCYz1sTJg4wabKmNcDg\" rel=\"noopener\">Sigue nuestro canal de Youtube @IconosIM y activa las notificaciones<\/a><\/h3>\n<div class=\"wp-block-image\">\n<figure class=\"aligncenter size-large\"><img decoding=\"async\" width=\"900\" height=\"778\" loading=\"lazy\" src=\"https:\/\/iconosmag.com\/wp-content\/uploads\/2021\/12\/Pressto-Foods-55.jpg\" alt=\"Inauguraci\u00f3n Pressto Foods\" class=\"wp-image-357085\"\/><\/figure>\n<\/div>\n<p>Tras la inauguraci\u00f3n de <strong><em>Pressto Meals<\/em><\/strong>, que ha sido estrictamente acquainted, la clientela ha comenzado a llegar para comprar los vinos y licores.<\/p>\n<p>Adem\u00e1s, los lechones, los cortes importados, los mariscos y la variedad de ingredientes y productos exclusivos.<\/p>\n<p>El establecimiento tambi\u00e9n tiene una pizzer\u00eda artesanal, un men\u00fa de paninis y <strong><em>pastry by Caramella<\/em><\/strong>.<\/p>\n<p>Por si fuese poco, una complet\u00edsima selecci\u00f3n de quesos, jamones y <strong><em>delicatessen<\/em><\/strong> importados de <strong>Italia<\/strong>, <strong>Francia<\/strong> y <strong>Espa\u00f1a<\/strong>. <\/p>\n<div class=\"wp-block-image\">\n<figure class=\"aligncenter size-large\"><img decoding=\"async\" width=\"900\" height=\"615\" loading=\"lazy\" src=\"https:\/\/iconosmag.com\/wp-content\/uploads\/2021\/12\/Pressto-Foods-88-1.jpg\" alt=\"Inauguraci\u00f3n Pressto Foods\" class=\"wp-image-357106\"\/><\/figure>\n<\/div>\n<h3 id=\"h-click-aqu-as-de-espectacular-es-la-meat-market-delishop-pressto-foods-san-pedro-sula\">Click on aqu\u00ed:\u00a0<a target=\"_blank\" href=\"https:\/\/iconosmag.com\/categoria-estilo_de_vida\/categoria-food-drink\/tienda-pressto-foods-honduras-cortes-carnes\/\" rel=\"noopener\">As\u00ed de espectacular es la\u00a0<em>meat market &amp; delishop Pressto Foods<\/em>\u00a0San Pedro Sula<\/a><\/h3>\n<figure class=\"wp-block-embed aligncenter is-type-wp-embed is-provider-iconos-mag-honduras-san-pedro-sula wp-block-embed-iconos-mag-honduras-san-pedro-sula\"\/>\n<div class=\"wp-block-image\">\n<figure class=\"aligncenter size-large\"><img decoding=\"async\" width=\"900\" height=\"602\" loading=\"lazy\" src=\"https:\/\/iconosmag.com\/wp-content\/uploads\/2021\/12\/Pressto-Foods-90.jpg\" alt=\"Inauguraci\u00f3n Pressto Foods\" class=\"wp-image-357108\"\/><\/figure>\n<\/div>\n<div class=\"wp-block-image\">\n<figure class=\"aligncenter size-large\"><img decoding=\"async\" width=\"900\" height=\"568\" loading=\"lazy\" src=\"https:\/\/iconosmag.com\/wp-content\/uploads\/2021\/12\/Pressto-Foods-85-1.jpg\" alt=\"\" class=\"wp-image-357104\"\/><\/figure>\n<\/div>\n<p>La <strong><em>meat market<\/em><\/strong> <strong><em>&amp; delishop<\/em><\/strong> es tendencia entre los amantes del buen comer y aquellos sampedranos que saben de calidad importada.<\/p>\n<p>Desde su apertura, <strong><em>Pressto Meals<\/em><\/strong> recibe a muchos clientes que llegan a conocer, degustar y comprar todo lo que ofrecen con calidad y buen precio. <\/p>\n<\/p><\/div>\n\n<p><em> \u2018 The preceding article may include information circulated by third parties \u2019 <\/em><\/p>\n<p><em> \u2018 Some details of this article were extracted from the following source iconosmag.com \u2019 <\/em><\/p>\n","protected":false},"excerpt":{"rendered":"<p>San Pedro Sula. Los hermanos Fernando, Jorge y Allan Faraj Larach han celebrado la inauguraci\u00f3n de Pressto Meals, el primero y m\u00e1s completo meat market &amp; delishop de Honduras. Fotos Cristian Alvarado derechos reservados para ICONOS Magazine Fotogaler\u00eda aqu\u00ed: La \u00edntima celebraci\u00f3n de apertura por el meat market &amp; delishop Pressto Foods Junto a su [&hellip;]<\/p>\n","protected":false},"author":2,"featured_media":247288,"comment_status":"open","ping_status":"closed","sticky":false,"template":"","format":"standard","meta":{"om_disable_all_campaigns":false,"jnews-multi-image_gallery":[],"jnews_single_post":[],"jnews_primary_category":[],"jnews_social_meta":[],"footnotes":""},"categories":[43],"tags":[],"class_list":["post-247287","post","type-post","status-publish","format-standard","has-post-thumbnail","hentry","category-gourmet"],"_links":{"self":[{"href":"https:\/\/dimensionturistica.com\/es\/wp-json\/wp\/v2\/posts\/247287","targetHints":{"allow":["GET"]}}],"collection":[{"href":"https:\/\/dimensionturistica.com\/es\/wp-json\/wp\/v2\/posts"}],"about":[{"href":"https:\/\/dimensionturistica.com\/es\/wp-json\/wp\/v2\/types\/post"}],"author":[{"embeddable":true,"href":"https:\/\/dimensionturistica.com\/es\/wp-json\/wp\/v2\/users\/2"}],"replies":[{"embeddable":true,"href":"https:\/\/dimensionturistica.com\/es\/wp-json\/wp\/v2\/comments?post=247287"}],"version-history":[{"count":0,"href":"https:\/\/dimensionturistica.com\/es\/wp-json\/wp\/v2\/posts\/247287\/revisions"}],"wp:featuredmedia":[{"embeddable":true,"href":"https:\/\/dimensionturistica.com\/es\/wp-json\/wp\/v2\/media\/247288"}],"wp:attachment":[{"href":"https:\/\/dimensionturistica.com\/es\/wp-json\/wp\/v2\/media?parent=247287"}],"wp:term":[{"taxonomy":"category","embeddable":true,"href":"https:\/\/dimensionturistica.com\/es\/wp-json\/wp\/v2\/categories?post=247287"},{"taxonomy":"post_tag","embeddable":true,"href":"https:\/\/dimensionturistica.com\/es\/wp-json\/wp\/v2\/tags?post=247287"}],"curies":[{"name":"wp","href":"https:\/\/api.w.org\/{rel}","templated":true}]}}