{"id":246928,"date":"2021-12-21T01:30:42","date_gmt":"2021-12-21T01:30:42","guid":{"rendered":"https:\/\/dimensionturistica.com\/es\/?p=246928"},"modified":"2021-12-21T01:30:42","modified_gmt":"2021-12-21T01:30:42","slug":"reactiva-operaciones-yucatan-de-ruta-directa-con-canada","status":"publish","type":"post","link":"https:\/\/dimensionturistica.com\/es\/reactiva-operaciones-yucatan-de-ruta-directa-con-canada\/","title":{"rendered":"Reactiva Operaciones Yucat\u00e1n de ruta directa con Canad\u00e1"},"content":{"rendered":"<p><img decoding=\"async\" class=\"size-medium wp-image-247095 alignright\" src=\"https:\/\/dimensionturistica.com\/es\/wp-content\/uploads\/2021\/12\/Yucatan-reactiva-operacionesde-de-ruta-directa-a-Canada-2-300x200.jpeg\" alt=\"\" width=\"300\" height=\"200\" srcset=\"https:\/\/dimensionturistica.com\/es\/wp-content\/uploads\/2021\/12\/Yucatan-reactiva-operacionesde-de-ruta-directa-a-Canada-2-300x200.jpeg 300w, https:\/\/dimensionturistica.com\/es\/wp-content\/uploads\/2021\/12\/Yucatan-reactiva-operacionesde-de-ruta-directa-a-Canada-2-1024x682.jpeg 1024w, https:\/\/dimensionturistica.com\/es\/wp-content\/uploads\/2021\/12\/Yucatan-reactiva-operacionesde-de-ruta-directa-a-Canada-2-768x512.jpeg 768w, https:\/\/dimensionturistica.com\/es\/wp-content\/uploads\/2021\/12\/Yucatan-reactiva-operacionesde-de-ruta-directa-a-Canada-2-750x500.jpeg 750w, https:\/\/dimensionturistica.com\/es\/wp-content\/uploads\/2021\/12\/Yucatan-reactiva-operacionesde-de-ruta-directa-a-Canada-2-1140x760.jpeg 1140w, https:\/\/dimensionturistica.com\/es\/wp-content\/uploads\/2021\/12\/Yucatan-reactiva-operacionesde-de-ruta-directa-a-Canada-2.jpeg 1280w\" sizes=\"(max-width: 300px) 100vw, 300px\" \/> Desde el pasado 30 de noviembre, la ruta de temporada invernal Toronto \u2013 M\u00e9rida operada por la aerol\u00ednea WestJet se reactiv\u00f3, como parte de las acciones de recuperaci\u00f3n de conectividad implementadas por el Gobierno de Yucat\u00e1n a trav\u00e9s de la Secretar\u00eda de Fomento Tur\u00edstico del Estado (Sefotur).<br \/>\nAl respecto, Michelle Fridman, titular de Sefotur coment\u00f3 \u201cEstamos felices de recibir nuevamente a tantos canadienses que vienen a disfrutar de nuestro clima, nuestra gastronom\u00eda y nuestra diversidad tur\u00edstica. Gracias al protocolo de buenas pr\u00e1cticas sanitarias que hemos implementado en el sector tur\u00edstico, Yucat\u00e1n es un destino ideal para que los canadienses se sientan seguros\u201d.<br \/>\nLa ruta M\u00e9rida \u2013 Toronto estar\u00e1 operando una vez a la semana hasta finalizar la temporada en el mes de abril del 2022. Es importante considerar que el gobierno de<img decoding=\"async\" class=\"size-medium wp-image-247096 alignright\" src=\"https:\/\/dimensionturistica.com\/es\/wp-content\/uploads\/2021\/12\/Yucatan-reactiva-operacionesde-de-ruta-directa-a-Canada-3-300x200.jpeg\" alt=\"\" width=\"300\" height=\"200\" srcset=\"https:\/\/dimensionturistica.com\/es\/wp-content\/uploads\/2021\/12\/Yucatan-reactiva-operacionesde-de-ruta-directa-a-Canada-3-300x200.jpeg 300w, https:\/\/dimensionturistica.com\/es\/wp-content\/uploads\/2021\/12\/Yucatan-reactiva-operacionesde-de-ruta-directa-a-Canada-3-1024x682.jpeg 1024w, https:\/\/dimensionturistica.com\/es\/wp-content\/uploads\/2021\/12\/Yucatan-reactiva-operacionesde-de-ruta-directa-a-Canada-3-768x512.jpeg 768w, https:\/\/dimensionturistica.com\/es\/wp-content\/uploads\/2021\/12\/Yucatan-reactiva-operacionesde-de-ruta-directa-a-Canada-3-750x500.jpeg 750w, https:\/\/dimensionturistica.com\/es\/wp-content\/uploads\/2021\/12\/Yucatan-reactiva-operacionesde-de-ruta-directa-a-Canada-3-1140x760.jpeg 1140w, https:\/\/dimensionturistica.com\/es\/wp-content\/uploads\/2021\/12\/Yucatan-reactiva-operacionesde-de-ruta-directa-a-Canada-3.jpeg 1280w\" sizes=\"(max-width: 300px) 100vw, 300px\" \/> Canad\u00e1 ha implementado protocolos de bioseguridad que deben cumplirse para el ingreso a dicho pa\u00eds, considerando entre ellos la presentaci\u00f3n del certificado de vacunaci\u00f3n o prueba negativa con al menos 72 horas previas al vuelo directo a ese pa\u00eds, por lo que, es necesario visitar las p\u00e1ginas oficiales para mayor informaci\u00f3n.<br \/>\nLo anterior, se logr\u00f3 gracias al reinicio paulatino de la movilidad a\u00e9rea internacional, adem\u00e1s, de la reapertura de fronteras del gobierno canadiense y, al excelente manejo y control de la pandemia realizada por parte del Gobierno de Yucat\u00e1n en todos sus sectores y a la constante comunicaci\u00f3n que se tuvo con la aerol\u00ednea para mantener informados sobre las medidas implementadas en espec\u00edfico para la industria tur\u00edstica, donde desde el inicio de la pandemia se trabaj\u00f3 e implement\u00f3, a trav\u00e9s de la Sefotur, un robusto Programa de Buenas Pr\u00e1cticas Sanitarias, siendo uno de los primeros en M\u00e9xico en recibir el sello Safe Travels Travel\u2019s otorgado por el World Travel &amp; Tourism Council (WTTC), que incluso fue homologado por estados vecinos, aerol\u00edneas internacionales e implementado por toda la cadena de valor para brindar a los visitantes y locales, la seguridad y confianza de una burbuja sanitaria.<img decoding=\"async\" class=\"size-medium wp-image-247097 alignright\" src=\"https:\/\/dimensionturistica.com\/es\/wp-content\/uploads\/2021\/12\/Yucatan-reactiva-operacionesde-de-ruta-directa-a-Canada-4-300x200.jpeg\" alt=\"\" width=\"300\" height=\"200\" srcset=\"https:\/\/dimensionturistica.com\/es\/wp-content\/uploads\/2021\/12\/Yucatan-reactiva-operacionesde-de-ruta-directa-a-Canada-4-300x200.jpeg 300w, https:\/\/dimensionturistica.com\/es\/wp-content\/uploads\/2021\/12\/Yucatan-reactiva-operacionesde-de-ruta-directa-a-Canada-4-1024x682.jpeg 1024w, https:\/\/dimensionturistica.com\/es\/wp-content\/uploads\/2021\/12\/Yucatan-reactiva-operacionesde-de-ruta-directa-a-Canada-4-768x512.jpeg 768w, https:\/\/dimensionturistica.com\/es\/wp-content\/uploads\/2021\/12\/Yucatan-reactiva-operacionesde-de-ruta-directa-a-Canada-4-750x500.jpeg 750w, https:\/\/dimensionturistica.com\/es\/wp-content\/uploads\/2021\/12\/Yucatan-reactiva-operacionesde-de-ruta-directa-a-Canada-4-1140x760.jpeg 1140w, https:\/\/dimensionturistica.com\/es\/wp-content\/uploads\/2021\/12\/Yucatan-reactiva-operacionesde-de-ruta-directa-a-Canada-4.jpeg 1280w\" sizes=\"(max-width: 300px) 100vw, 300px\" \/><br \/>\nCabe destacar que, esta ruta se ha implementado con \u00e9xito desde 2015, llev\u00e1ndose a cabo por cuatro periodos consecutivos, teniendo hasta antes de la suspensi\u00f3n en marzo 2020, por medidas de control y contenci\u00f3n de contagios por Covid-19, un 77% de ocupaci\u00f3n promedio en vuelos de llegada y salida desde el Aeropuerto Internacional de la Ciudad de M\u00e9rida, \u201cManuel Crescencio Rej\u00f3n\u201d. Los aviones utilizados para esta ruta son B737-700 y B737 -800, con capacidad de 142 y hasta 174 pasajeros, respectivamente.<br \/>\nCon la reactivaci\u00f3n de dicho vuelo, al presente mes se tienen en Yucat\u00e1n 5 rutas internacionales con conexi\u00f3n directa al Aeropuerto Internacional de la Ciudad de M\u00e9rida, siendo estas: Miami, Houston, Oakland, Dallas y Toronto, por lo que, el destino contin\u00faa el reforzamiento de la conectividad, asegurando el incremento de visitantes para la temporada de fin de a\u00f1o y con esto el avance paulatino de la recuperaci\u00f3n econ\u00f3mica para el Estado.<br \/>\nContinuando con la conectividad del destino, es necesario recordar que, desde el mes de julio de este a\u00f1o, se reinici\u00f3 el arribo de cruceros a Puerto Progreso, del presente a\u00f1o con la llegada del primer crucero con pasajeros en la era post-pandemia, con un total este a\u00f1o del arribo de 17 cruceros con 39,651 pasajeros. Hasta el pr\u00f3ximo 31 de diciembre se tiene proyectado el arribo de 5 cruceros m\u00e1s al estado y para finalizar el 2021 se espera tambi\u00e9n un primer arribo de la naviera Royal Caribbean y la visita de un primer crucero de Disney, programado para el 24 de diciembre, adem\u00e1s de la reanudaci\u00f3n de llegadas de la naviera francesa Ponant.<\/p>\n<p>&#8212;<\/p>\n","protected":false},"excerpt":{"rendered":"<p>Desde el pasado 30 de noviembre, la ruta de temporada invernal Toronto \u2013 M\u00e9rida operada por la aerol\u00ednea WestJet se reactiv\u00f3, como parte de las acciones de recuperaci\u00f3n de conectividad implementadas por el Gobierno de Yucat\u00e1n a trav\u00e9s de la Secretar\u00eda de Fomento Tur\u00edstico del Estado (Sefotur). Al respecto, Michelle Fridman, titular de Sefotur coment\u00f3 [&hellip;]<\/p>\n","protected":false},"author":1,"featured_media":247094,"comment_status":"open","ping_status":"closed","sticky":false,"template":"","format":"standard","meta":{"om_disable_all_campaigns":false,"jnews-multi-image_gallery":[],"jnews_single_post":{"source_name":"","source_url":"","via_name":"","via_url":"","override_template":"0","override":[{"template":"1","single_blog_custom":"","parallax":"1","fullscreen":"1","layout":"right-sidebar","sidebar":"default-sidebar","second_sidebar":"default-sidebar","sticky_sidebar":"1","share_position":"top","share_float_style":"share-monocrhome","show_share_counter":"1","show_view_counter":"1","show_featured":"1","show_post_meta":"1","show_post_author":"1","show_post_author_image":"1","show_post_date":"1","post_date_format":"default","post_date_format_custom":"Y\/m\/d","show_post_category":"1","show_post_reading_time":"0","post_reading_time_wpm":"300","show_zoom_button":"0","zoom_button_out_step":"2","zoom_button_in_step":"3","show_post_tag":"1","show_prev_next_post":"1","show_popup_post":"1","number_popup_post":"1","show_author_box":"0","show_post_related":"0","show_inline_post_related":"0"}],"override_image_size":"0","image_override":[{"single_post_thumbnail_size":"crop-500","single_post_gallery_size":"crop-500"}],"trending_post":"0","trending_post_position":"meta","trending_post_label":"Trending","sponsored_post":"0","sponsored_post_label":"Sponsored by","sponsored_post_name":"","sponsored_post_url":"","sponsored_post_logo_enable":"0","sponsored_post_logo":"","sponsored_post_desc":"","disable_ad":"0"},"jnews_primary_category":{"id":""},"jnews_social_meta":{"fb_title":"","fb_description":"","fb_image":"","twitter_title":"","twitter_description":"","twitter_image":""},"footnotes":""},"categories":[39],"tags":[],"class_list":["post-246928","post","type-post","status-publish","format-standard","has-post-thumbnail","hentry","category-viajes"],"_links":{"self":[{"href":"https:\/\/dimensionturistica.com\/es\/wp-json\/wp\/v2\/posts\/246928","targetHints":{"allow":["GET"]}}],"collection":[{"href":"https:\/\/dimensionturistica.com\/es\/wp-json\/wp\/v2\/posts"}],"about":[{"href":"https:\/\/dimensionturistica.com\/es\/wp-json\/wp\/v2\/types\/post"}],"author":[{"embeddable":true,"href":"https:\/\/dimensionturistica.com\/es\/wp-json\/wp\/v2\/users\/1"}],"replies":[{"embeddable":true,"href":"https:\/\/dimensionturistica.com\/es\/wp-json\/wp\/v2\/comments?post=246928"}],"version-history":[{"count":0,"href":"https:\/\/dimensionturistica.com\/es\/wp-json\/wp\/v2\/posts\/246928\/revisions"}],"wp:featuredmedia":[{"embeddable":true,"href":"https:\/\/dimensionturistica.com\/es\/wp-json\/wp\/v2\/media\/247094"}],"wp:attachment":[{"href":"https:\/\/dimensionturistica.com\/es\/wp-json\/wp\/v2\/media?parent=246928"}],"wp:term":[{"taxonomy":"category","embeddable":true,"href":"https:\/\/dimensionturistica.com\/es\/wp-json\/wp\/v2\/categories?post=246928"},{"taxonomy":"post_tag","embeddable":true,"href":"https:\/\/dimensionturistica.com\/es\/wp-json\/wp\/v2\/tags?post=246928"}],"curies":[{"name":"wp","href":"https:\/\/api.w.org\/{rel}","templated":true}]}}