{"id":246857,"date":"2021-12-20T19:21:24","date_gmt":"2021-12-20T19:21:24","guid":{"rendered":"https:\/\/dimensionturistica.com\/es\/?p=246857"},"modified":"2021-12-20T19:21:24","modified_gmt":"2021-12-20T19:21:24","slug":"la-conectividad-aerea-del-caribe-mexicano-se-fortalece-de-cara-a-la-temporada-invernal","status":"publish","type":"post","link":"https:\/\/dimensionturistica.com\/es\/la-conectividad-aerea-del-caribe-mexicano-se-fortalece-de-cara-a-la-temporada-invernal\/","title":{"rendered":"La conectividad a\u00e9rea del caribe mexicano se fortalece d\u00e9 cara a la temporada invernal"},"content":{"rendered":"<p><img decoding=\"async\" class=\"size-medium wp-image-246869 alignleft\" src=\"https:\/\/dimensionturistica.com\/es\/wp-content\/uploads\/2021\/12\/cancun2-300x200.jpg\" alt=\"\" width=\"300\" height=\"200\" srcset=\"https:\/\/dimensionturistica.com\/es\/wp-content\/uploads\/2021\/12\/cancun2-300x200.jpg 300w, https:\/\/dimensionturistica.com\/es\/wp-content\/uploads\/2021\/12\/cancun2-1024x682.jpg 1024w, https:\/\/dimensionturistica.com\/es\/wp-content\/uploads\/2021\/12\/cancun2-768x512.jpg 768w, https:\/\/dimensionturistica.com\/es\/wp-content\/uploads\/2021\/12\/cancun2-750x500.jpg 750w, https:\/\/dimensionturistica.com\/es\/wp-content\/uploads\/2021\/12\/cancun2-1140x760.jpg 1140w, https:\/\/dimensionturistica.com\/es\/wp-content\/uploads\/2021\/12\/cancun2.jpg 1280w\" sizes=\"(max-width: 300px) 100vw, 300px\" \/>\u00a0La temporada invernal para el Caribe Mexicano, que inicia a partir de la segunda quincena de diciembre y concluye en abril del siguiente a\u00f1o, contar\u00e1 con la llegada de nuevos vuelos, incremento de frecuencias y reinicio de rutas hacia los aeropuertos de Canc\u00fan, Cozumel y Chetumal.<br \/>\nDe esta manera, la conectividad a\u00e9rea del Caribe Mexicano se fortalece principalmente con EE.UU., con la llegada a Canc\u00fan de vuelos provenientes de los destinos: Baltimore, Boston, Columbus, Denver, Minneapolis y Raleigh &#8211; Durham con Frontier Airlines. Asimismo, recientemente lleg\u00f3 a Chetumal desde Miami la aerol\u00ednea American Airlines. En cuanto a Centro y Sudam\u00e9rica, el fortalecimiento se dio desde inicios de este mes con el arribo a Canc\u00fan de los vuelos provenientes de Flores, Guatemala con TAG Airlines y de San Jos\u00e9, Costa Rica con Avianca; adem\u00e1s de la nueva<img decoding=\"async\" class=\"size-medium wp-image-246870 alignleft\" src=\"https:\/\/dimensionturistica.com\/es\/wp-content\/uploads\/2021\/12\/cancun3-300x225.jpg\" alt=\"\" width=\"300\" height=\"225\" srcset=\"https:\/\/dimensionturistica.com\/es\/wp-content\/uploads\/2021\/12\/cancun3-300x225.jpg 300w, https:\/\/dimensionturistica.com\/es\/wp-content\/uploads\/2021\/12\/cancun3-1024x768.jpg 1024w, https:\/\/dimensionturistica.com\/es\/wp-content\/uploads\/2021\/12\/cancun3-768x576.jpg 768w, https:\/\/dimensionturistica.com\/es\/wp-content\/uploads\/2021\/12\/cancun3-750x563.jpg 750w, https:\/\/dimensionturistica.com\/es\/wp-content\/uploads\/2021\/12\/cancun3-1140x855.jpg 1140w, https:\/\/dimensionturistica.com\/es\/wp-content\/uploads\/2021\/12\/cancun3.jpg 1280w\" sizes=\"(max-width: 300px) 100vw, 300px\" \/> ruta de Aerom\u00e9xico procedente de Sao Paulo, Brasil que inicia este 15 de diciembre.<br \/>\nMientras tanto, en Cozumel tambi\u00e9n se refuerza el mercado canadiense y estadounidense con vuelos desde Minneapolis, a trav\u00e9s de Suncountry, que inici\u00f3 el 11 de diciembre y lo har\u00e1 hasta el 9 de abril de 2022 con dos frecuencias semanales: mi\u00e9rcoles y s\u00e1bados, y un incremento los lunes y viernes a partir del mes de febrero. Llegar\u00e1 tambi\u00e9n American Airlines, desde Philadelphia, de igual forma por temporada, a partir del 18 de diciembre y hasta el 26 de marzo de 2022 con una frecuencia semanal los d\u00edas s\u00e1bados; mientras que United Airlines operar\u00e1 desde Los \u00c1ngeles a partir del 18 de diciembre y hasta el 2 de enero de 2022 los s\u00e1bados y domingos. Tambi\u00e9n se tiene programado el incremento de frecuencias desde Dallas, Texas y Toronto, Canad\u00e1.<br \/>\nDe acuerdo con datos de la Secretar\u00eda de Turismo de Quintana Roo (SEDETUR) del 18 de diciembre de 2021 al 2 de enero de 2022 se estima el arribo de 1 mill\u00f3n 300 mil visitantes al estado. Contribuyen tambi\u00e9n a la llegada de m\u00e1s visitantes a los destinos tur\u00edsticos de Quintana Roo los esfuerzos del gobierno estatal, que encabeza el gobernador Carlos Joaqu\u00edn Gonz\u00e1lez, enfocados en la seguridad de la poblaci\u00f3n y los visitantes, como la<img decoding=\"async\" class=\"size-medium wp-image-246871 alignleft\" src=\"https:\/\/dimensionturistica.com\/es\/wp-content\/uploads\/2021\/12\/cancun4-300x201.jpg\" alt=\"\" width=\"300\" height=\"201\" srcset=\"https:\/\/dimensionturistica.com\/es\/wp-content\/uploads\/2021\/12\/cancun4-300x201.jpg 300w, https:\/\/dimensionturistica.com\/es\/wp-content\/uploads\/2021\/12\/cancun4-1024x685.jpg 1024w, https:\/\/dimensionturistica.com\/es\/wp-content\/uploads\/2021\/12\/cancun4-768x514.jpg 768w, https:\/\/dimensionturistica.com\/es\/wp-content\/uploads\/2021\/12\/cancun4-750x502.jpg 750w, https:\/\/dimensionturistica.com\/es\/wp-content\/uploads\/2021\/12\/cancun4-1140x762.jpg 1140w, https:\/\/dimensionturistica.com\/es\/wp-content\/uploads\/2021\/12\/cancun4.jpg 1280w\" sizes=\"(max-width: 300px) 100vw, 300px\" \/> instalaci\u00f3n de 2 mil 200 c\u00e1maras para la vigilancia en tiempo real a lo largo de Canc\u00fan, Playa del Carmen, Tulum, Cozumel y Chetumal, as\u00ed como los mil 445 elementos de la Guardia Nacional y 126 elementos de la Marina que iniciaron trabajos de vigilancia desde el 1 de diciembre para seguridad tur\u00edstica; adem\u00e1s de los protocolos en materia de salud y prevenci\u00f3n y el nivel de vacunaci\u00f3n que hasta el 14 de diciembre han sido aplicadas 2 millones 247 mil 212 dosis de vacunas contra COVID-19.<\/p>\n","protected":false},"excerpt":{"rendered":"<p>\u00a0La temporada invernal para el Caribe Mexicano, que inicia a partir de la segunda quincena de diciembre y concluye en abril del siguiente a\u00f1o, contar\u00e1 con la llegada de nuevos vuelos, incremento de frecuencias y reinicio de rutas hacia los aeropuertos de Canc\u00fan, Cozumel y Chetumal. De esta manera, la conectividad a\u00e9rea del Caribe Mexicano [&hellip;]<\/p>\n","protected":false},"author":1,"featured_media":246868,"comment_status":"open","ping_status":"closed","sticky":false,"template":"","format":"standard","meta":{"om_disable_all_campaigns":false,"jnews-multi-image_gallery":[],"jnews_single_post":{"source_name":"","source_url":"","via_name":"","via_url":"","override_template":"0","override":[{"template":"1","single_blog_custom":"","parallax":"1","fullscreen":"1","layout":"right-sidebar","sidebar":"default-sidebar","second_sidebar":"default-sidebar","sticky_sidebar":"1","share_position":"top","share_float_style":"share-monocrhome","show_share_counter":"1","show_view_counter":"1","show_featured":"1","show_post_meta":"1","show_post_author":"1","show_post_author_image":"1","show_post_date":"1","post_date_format":"default","post_date_format_custom":"Y\/m\/d","show_post_category":"1","show_post_reading_time":"0","post_reading_time_wpm":"300","show_zoom_button":"0","zoom_button_out_step":"2","zoom_button_in_step":"3","show_post_tag":"1","show_prev_next_post":"1","show_popup_post":"1","number_popup_post":"1","show_author_box":"0","show_post_related":"0","show_inline_post_related":"0"}],"override_image_size":"0","image_override":[{"single_post_thumbnail_size":"crop-500","single_post_gallery_size":"crop-500"}],"trending_post":"0","trending_post_position":"meta","trending_post_label":"Trending","sponsored_post":"0","sponsored_post_label":"Sponsored by","sponsored_post_name":"","sponsored_post_url":"","sponsored_post_logo_enable":"0","sponsored_post_logo":"","sponsored_post_desc":"","disable_ad":"0"},"jnews_primary_category":{"id":""},"jnews_social_meta":{"fb_title":"","fb_description":"","fb_image":"","twitter_title":"","twitter_description":"","twitter_image":""},"footnotes":""},"categories":[39],"tags":[],"class_list":["post-246857","post","type-post","status-publish","format-standard","has-post-thumbnail","hentry","category-viajes"],"_links":{"self":[{"href":"https:\/\/dimensionturistica.com\/es\/wp-json\/wp\/v2\/posts\/246857","targetHints":{"allow":["GET"]}}],"collection":[{"href":"https:\/\/dimensionturistica.com\/es\/wp-json\/wp\/v2\/posts"}],"about":[{"href":"https:\/\/dimensionturistica.com\/es\/wp-json\/wp\/v2\/types\/post"}],"author":[{"embeddable":true,"href":"https:\/\/dimensionturistica.com\/es\/wp-json\/wp\/v2\/users\/1"}],"replies":[{"embeddable":true,"href":"https:\/\/dimensionturistica.com\/es\/wp-json\/wp\/v2\/comments?post=246857"}],"version-history":[{"count":0,"href":"https:\/\/dimensionturistica.com\/es\/wp-json\/wp\/v2\/posts\/246857\/revisions"}],"wp:featuredmedia":[{"embeddable":true,"href":"https:\/\/dimensionturistica.com\/es\/wp-json\/wp\/v2\/media\/246868"}],"wp:attachment":[{"href":"https:\/\/dimensionturistica.com\/es\/wp-json\/wp\/v2\/media?parent=246857"}],"wp:term":[{"taxonomy":"category","embeddable":true,"href":"https:\/\/dimensionturistica.com\/es\/wp-json\/wp\/v2\/categories?post=246857"},{"taxonomy":"post_tag","embeddable":true,"href":"https:\/\/dimensionturistica.com\/es\/wp-json\/wp\/v2\/tags?post=246857"}],"curies":[{"name":"wp","href":"https:\/\/api.w.org\/{rel}","templated":true}]}}