{"id":246532,"date":"2021-12-20T09:39:08","date_gmt":"2021-12-20T09:39:08","guid":{"rendered":"https:\/\/dimensionturistica.com\/es\/?p=246532"},"modified":"2021-12-20T09:39:08","modified_gmt":"2021-12-20T09:39:08","slug":"visibilidad-al-lgbtiq-turismo-y-deporte-con-la-carrera-tu-yo-y-nosotros-en-sevilla","status":"publish","type":"post","link":"https:\/\/dimensionturistica.com\/es\/visibilidad-al-lgbtiq-turismo-y-deporte-con-la-carrera-tu-yo-y-nosotros-en-sevilla\/","title":{"rendered":"Visibilidad al LGBTIQ+, turismo y deporte con la Carrera t\u00fa, yo y nosotros en Sevilla"},"content":{"rendered":"<p> <br \/>\n<\/p>\n<div>\n<p>El pr\u00f3ximo 26 de junio del 2022, la ciudad de Sevilla acoger\u00e1 el primer evento internacional de la marca \u201cCarrera t\u00fa, yo y nosotros\u201d. Se prev\u00e9 mucha afluencia de participantes no solo nacional, sino tambi\u00e9n de procedencia internacional. La proyecci\u00f3n de Espa\u00f1a fuera de sus propias fronteras beneficiar\u00e1 sin duda a la visibilidad del colectivo LGBTIQ+ al que se dirige de esta carrera.<\/p>\n<p>El primer objetivo es conseguir una mayor atenci\u00f3n para el colectivo, precisamente por las grandes trabas que encuentran a d\u00eda de hoy en muchos lugares. Y segundo y no menos importante, recuperar los sectores del turismo, del deporte y del ocio con un evento capaz de congregar un turismo de alto nivel, socialmente comprometido, de alto valor a\u00f1adido para cualquier destino, y que Sevilla, Andaluc\u00eda y Espa\u00f1a van a proyectar su excelente imagen a nivel mundial.<\/p>\n<p>Sara Navarrete Trokenheim, CEO de Esencial Excursions, present\u00f3 recientemente \u201cCarrera t\u00fa, yo y nosotros LGBTIQ+\u201d en Argentina en la GNETWORK 360 liderada por el presidente de la c\u00e1mara LGBTIQ+, Pablo De Luca y el secretario de la c\u00e1mara, Gustavo Noguera. En la propia Feria Internacional de Turismo (FIT 2021) en su 25 edici\u00f3n y celebrada entre los d\u00edas 04 y 07 de diciembre en Buenos Aires, pudo sumarse para presentarlo directamente a todos los tour operadores locales y de pa\u00edses lim\u00edtrofes.<\/p>\n<p>El evento que se llevar\u00e1 a cabo en Sevilla ha sido recibido con mucho entusiasmo por todos los turoperadores de Latinoam\u00e9rica que tuvieron presencia en la FIT.<\/p>\n<p>No hay que olvidar que en muchos pa\u00edses sigue siendo delito pertenecer al colectivo LGBTIQ+. La gu\u00eda \u201cSpartacus International Gay Guide\u201d, que se publica desde el 2012 y se actualiza anualmente, nos informa de la situaci\u00f3n de esta comunidad en los 202 pa\u00edses y regiones, ofreciendo informaci\u00f3n que tiene en cuenta factores y criterios para recomendar qu\u00e9 destinos son favorables para el colectivo y cu\u00e1les no.<\/p>\n<p>Esta gu\u00eda considera diferentes aspectos muy variados, desde la legalidad del matrimonio entre personas del mismo sexo hasta los derechos de las personas trans, y pol\u00edticas que afectan a la comunidad. Tambi\u00e9n los ataques discriminatorios o cr\u00edmenes de odio que se llevan a cabo contra homosexuales que se hayan registrado en el pa\u00eds en el \u00faltimo a\u00f1o.<\/p>\n<p>La European Journey Comission tambi\u00e9n es un punto de referencia con sus 33 oficinas nacionales de turismo, y sit\u00faa a Espa\u00f1a entre los pa\u00edses favoritos para el colectivo por su tolerancia, diversidad, calidad de vida y los eventos para el p\u00fablico LGBTIQ+.<\/p>\n<p>Espa\u00f1a encabeza la lista como el pa\u00eds gay-friendly por excelencia junto con otros destinos como Buenos Aires (Argentina), Miami Seaside (Estados Unidos), R\u00edo de Janeiro (Brasil), Par\u00eds (Francia), Montevideo (Uruguay), Estocolmo (Suecia), Berl\u00edn (Alemania), Nueva York (Estados Unidos) y muchos m\u00e1s.<\/p>\n<p>La visibilidad social internacional que va a generar \u201cCarrera t\u00fa, yo y nosotros\u201d, junto con la elecci\u00f3n de Sevilla como primera anfitriona en un evento de proyecci\u00f3n tur\u00edstica mundial, son los ingredientes perfectos para conseguir que esta carrera se posicione entre el colectivo y todas las personas comprometidas en brindar su apoyo.<\/p>\n<p>Seg\u00fan nos cuenta Sara Navarrete, Esencial Excursions aspira a que la carrera se reconozca como un producto propio del colectivo, y vulnerable de disputarse cada a\u00f1o en un una distinta ciudad gay-friendly de Espa\u00f1a, y por qu\u00e9 no, del mundo.<\/p>\n<p>El turoperador ha dise\u00f1ado alrededor de la carrera una amplia programaci\u00f3n con diferentes circuitos y actividades para la inclusi\u00f3n de este segmento, ofreciendo a cualquiera la posibilidad de compartir la experiencia de un viaje de alta calidad, independientemente de la orientaci\u00f3n sexual que se tenga.<\/p>\n<p>El objetivo es crear un producto totalmente inclusivo pero con un importante valor diferencial con respecto a cualquier otro producto del mercado, y que incluya actividades como golf, p\u00e1del, fiestas VIP con catering y DJ\u2019s a lo largo de los itinerarios y, en definitiva, experiencias diferentes que no se suelen ofrecer en el marco recurring de un circuito convencional.<\/p>\n<p>Navarrete nos comenta que para Esencial Excursions es important la cadena de valor que se establece en el turismo y abre la posibilidad de la venta a cualquier agencia de viajes y tour operador que quiera trabajar este segmento y el producto en s\u00ed.<\/p>\n<p>El turismo que generar\u00e1 esta carrera influir\u00e1 directamente en hoteles, restaurantes, agencias de viajes, turoperadores, gu\u00edas, monumentos y transporte, entre otros, e indirectamente en toda la cadena de servicios necesarios para el desarrollo del turismo en una ciudad. Recordemos que en el 2019 en Espa\u00f1a, la contribuci\u00f3n directa del turismo al PIB fue nada menos que el 12,4%, con una recaudaci\u00f3n para Espa\u00f1a de 155.000 millones de euros, y la indirecta fue de aproximadamente de un 8% m\u00e1s.<\/p>\n<p>Pensando en la comunidad LGBTIQ+ y en su capacidad de gasto, si hablamos de turismo a nivel mundial, este segmento se podr\u00eda considerar el quinto pa\u00eds emisor de turistas en el mundo, de ah\u00ed el alt\u00edsimo inter\u00e9s que genera la organizaci\u00f3n de un evento como \u00e9ste, con repercusi\u00f3n internacional. En esta l\u00ednea, el Banco Mundial public\u00f3 antes del comienzo de la pandemia un informe en el que se consideraba que este segmento de la poblaci\u00f3n genera un PIB de 3,6 billones de d\u00f3lares anuales.<\/p>\n<p>Esencial Excursions naci\u00f3 en el 2005 de la mano de Sara Navarrete, fruto de su larga experiencia en el sector. Desde sus inicios este at\u00edpico tour operador ha trabajado para potenciar la venta de productos diferenciadores a trav\u00e9s del canal convencional de las agencias de viajes, creando un abanico de ofertas muy variadas y que hasta ese momento no se trabajaba desde la tour operaci\u00f3n como el deporte, festivales, camino de Santiago, and so on&#8230;<\/p>\n<p>Ahora en su internet www.esencialtours.com ya se puede disfrutar de la Carrera t\u00fa, yo y nosotros y las inscripciones se pueden hacer directamente en www.carreratuyoynosotros.com.<\/p>\n<\/p><\/div>\n\n<p><em> &#8221; Fuentes www.hosteltur.com &#8221; <\/em><\/p>\n","protected":false},"excerpt":{"rendered":"<p>El pr\u00f3ximo 26 de junio del 2022, la ciudad de Sevilla acoger\u00e1 el primer evento internacional de la marca \u201cCarrera t\u00fa, yo y nosotros\u201d. Se prev\u00e9 mucha afluencia de participantes no solo nacional, sino tambi\u00e9n de procedencia internacional. La proyecci\u00f3n de Espa\u00f1a fuera de sus propias fronteras beneficiar\u00e1 sin duda a la visibilidad del colectivo [&hellip;]<\/p>\n","protected":false},"author":4,"featured_media":237672,"comment_status":"open","ping_status":"closed","sticky":false,"template":"","format":"standard","meta":{"om_disable_all_campaigns":false,"jnews-multi-image_gallery":[],"jnews_single_post":[],"jnews_primary_category":[],"jnews_social_meta":[],"footnotes":""},"categories":[40],"tags":[715],"class_list":["post-246532","post","type-post","status-publish","format-standard","has-post-thumbnail","hentry","category-industria","tag-economia"],"_links":{"self":[{"href":"https:\/\/dimensionturistica.com\/es\/wp-json\/wp\/v2\/posts\/246532","targetHints":{"allow":["GET"]}}],"collection":[{"href":"https:\/\/dimensionturistica.com\/es\/wp-json\/wp\/v2\/posts"}],"about":[{"href":"https:\/\/dimensionturistica.com\/es\/wp-json\/wp\/v2\/types\/post"}],"author":[{"embeddable":true,"href":"https:\/\/dimensionturistica.com\/es\/wp-json\/wp\/v2\/users\/4"}],"replies":[{"embeddable":true,"href":"https:\/\/dimensionturistica.com\/es\/wp-json\/wp\/v2\/comments?post=246532"}],"version-history":[{"count":0,"href":"https:\/\/dimensionturistica.com\/es\/wp-json\/wp\/v2\/posts\/246532\/revisions"}],"wp:featuredmedia":[{"embeddable":true,"href":"https:\/\/dimensionturistica.com\/es\/wp-json\/wp\/v2\/media\/237672"}],"wp:attachment":[{"href":"https:\/\/dimensionturistica.com\/es\/wp-json\/wp\/v2\/media?parent=246532"}],"wp:term":[{"taxonomy":"category","embeddable":true,"href":"https:\/\/dimensionturistica.com\/es\/wp-json\/wp\/v2\/categories?post=246532"},{"taxonomy":"post_tag","embeddable":true,"href":"https:\/\/dimensionturistica.com\/es\/wp-json\/wp\/v2\/tags?post=246532"}],"curies":[{"name":"wp","href":"https:\/\/api.w.org\/{rel}","templated":true}]}}