{"id":245971,"date":"2021-12-18T22:13:58","date_gmt":"2021-12-18T22:13:58","guid":{"rendered":"https:\/\/dimensionturistica.com\/es\/?p=245971"},"modified":"2021-12-18T22:13:59","modified_gmt":"2021-12-18T22:13:59","slug":"imss-de-cancun-ya-tiene-sala-de-hemodinamia","status":"publish","type":"post","link":"https:\/\/dimensionturistica.com\/es\/imss-de-cancun-ya-tiene-sala-de-hemodinamia\/","title":{"rendered":"IMSS de Canc\u00fan ya tiene sala de Hemodinamia"},"content":{"rendered":"<p> <br \/>\n<\/p>\n<div>\n<p>El director basic del Instituto Mexicano del Seguro Social (<strong><span style=\"color: #3366ff;\"><a rel=\"nofollow noopener\" target=\"_blank\" style=\"color: #3366ff;\" title=\"IMSS\" href=\"https:\/\/twitter.com\/Tu_IMSS\">IMSS<\/a><\/span><\/strong>), Maestro Zo\u00e9 Robledo, inaugur\u00f3 este s\u00e1bado la <strong>Sala de Hemodinamia del Hospital Normal Regional<\/strong> No. 17.<\/p>\n<p>Este nuevo equipo servir\u00e1 a los derechohabientes pues anteriormente deb\u00edan viajar a M\u00e9rida, Yucat\u00e1n, para recibir procedimientos de angioplast\u00eda o cateterismos cardiacos.<\/p>\n<blockquote>\n<p><em>\u201cEs uno de los avances de la ciencia m\u00e1s importantes, el IMSS no se va a quedar atr\u00e1s en tenerlo a disposici\u00f3n de los derechohabientes de todo el pa\u00eds\u201d<\/em> y fortalecer el Segundo Nivel de atenci\u00f3n con este tipo de servicios, expres\u00f3 Zo\u00e9 Robledo.<\/p>\n<\/blockquote>\n<blockquote class=\"twitter-tweet\">\n<p dir=\"ltr\" lang=\"es\">Inauguraci\u00f3n de la sala de Hemodinamia del HGR No. 17 en <a rel=\"nofollow noopener\" target=\"_blank\" href=\"https:\/\/twitter.com\/hashtag\/Canc%C3%BAn?src=hash&amp;ref_src=twsrc%5Etfw\">#Canc\u00fan<\/a>, <a rel=\"nofollow noopener\" target=\"_blank\" href=\"https:\/\/twitter.com\/IMSS_QRoo?ref_src=twsrc%5Etfw\">@IMSS_QRoo<\/a>. &#x1fa7a; <a rel=\"nofollow noopener\" target=\"_blank\" href=\"https:\/\/t.co\/TTLK20pWpO\">pic.twitter.com\/TTLK20pWpO<\/a><\/p>\n<p>\u2014 IMSS (@Tu_IMSS) <a rel=\"nofollow noopener\" target=\"_blank\" href=\"https:\/\/twitter.com\/Tu_IMSS\/status\/1472295673085235204?ref_src=twsrc%5Etfw\">December 18, 2021<\/a><\/p><\/blockquote>\n<p>Desde el pasado 13 de abril que se hizo el primer procedimiento, se han realizado 193 intervenciones, gracias al <strong>nuevo equipo del <a rel=\"nofollow noopener\" target=\"_blank\" title=\"Angi\u00f3grafo \" href=\"https:\/\/www.grupogamma.com\/angiografo-excelencia-alta-complejidad\/#:~:text=Un%20Angi%C3%B3grafo%20es%20un%20equipo,arterias%20y%20venas)%20del%20organismo.&amp;text=Asimismo%2C%20ayuda%20a%20detectar%20enfermedades,Malformaciones%20Arterio%20venosas%20o%20F%C3%ADstulas.\"><span style=\"color: #3366ff;\">Angi\u00f3grafo<\/span> <\/a>Arco en C monoplanar<\/strong>, adem\u00e1s de una instalaci\u00f3n que cumple con requerimientos y normas nacionales e internacionales de seguridad, con equipo de vanguardia para efectuar intervenciones altamente especializadas con m\u00ednima invasi\u00f3n.<\/p>\n<p>El recorrido ante la inauguraci\u00f3n en el HGR No. 17, se desarrollan actividades de la 14va Jornada Nacional de Recuperaci\u00f3n de Servicios M\u00e9dicos, donde se realizan consultas de especialidad, cirug\u00edas, acciones de medicina preventiva, salud reproductiva y vacunaci\u00f3n.<\/p>\n<p>El director del IMSS visit\u00f3 el Centro de Referencia Estatal de Atenci\u00f3n a Ni\u00f1os con C\u00e1ncer (ONCOCREAN), inaugurado el 27 de agosto de 2021 y que cuenta con cinco camas de hospitalizaci\u00f3n, seis sillones y un \u00e1rea para la aplicaci\u00f3n de quimioterapia.<\/p>\n<blockquote class=\"twitter-tweet\">\n<p dir=\"ltr\" lang=\"es\">Inaugura director basic del <a rel=\"nofollow noopener\" target=\"_blank\" href=\"https:\/\/twitter.com\/hashtag\/IMSS?src=hash&amp;ref_src=twsrc%5Etfw\">#IMSS<\/a> sala de Hemodinamia en el Hospital Normal Regional No. 17, de <a rel=\"nofollow noopener\" target=\"_blank\" href=\"https:\/\/twitter.com\/hashtag\/Canc%C3%BAn?src=hash&amp;ref_src=twsrc%5Etfw\">#Canc\u00fan<\/a>, Quintana Roo.<\/p>\n<p>&#x1f517; <a rel=\"nofollow noopener\" target=\"_blank\" href=\"https:\/\/t.co\/WyF6tTLQT7\">https:\/\/t.co\/WyF6tTLQT7<\/a> <a rel=\"nofollow noopener\" target=\"_blank\" href=\"https:\/\/t.co\/9wu5nLPXMb\">pic.twitter.com\/9wu5nLPXMb<\/a><\/p>\n<p>\u2014 IMSS (@Tu_IMSS) <a rel=\"nofollow noopener\" target=\"_blank\" href=\"https:\/\/twitter.com\/Tu_IMSS\/status\/1472304307114586115?ref_src=twsrc%5Etfw\">December 18, 2021<\/a><\/p><\/blockquote>\n<p>Gracias al ONCOCREAN, las y los pacientes oncol\u00f3gicos pedi\u00e1tricos son tratados en la entidad ya no necesitan trasladarse a M\u00e9rida o a los servicios estatales de salud para recibir sus terapias.<\/p>\n<p>Actualmente se brinda seguimiento a 32 pacientes con diagn\u00f3stico de c\u00e1ncer infantil (23 con leucemia y nueve con tumores s\u00f3lidos): al 15 de diciembre se han efectuado 287 quimioterapias y procedimientos de diagn\u00f3stico como aspirado de m\u00e9dula \u00f3sea y toma de biopsias.<\/p>\n<h2><strong>HG de Canc\u00fan \u201cDr. Jes\u00fas Kumate Rodr\u00edguez<\/strong><\/h2>\n<p>M\u00e1s adelante, acompa\u00f1ado del physician Luis \u00c1ngel Blanco M\u00e1rquez, subsecretario de Salud de Quintana Roo, Zo\u00e9 Robledo realiz\u00f3 una visita al Hospital Normal de Canc\u00fan <em>\u201cDr. Jes\u00fas Kumate Rodr\u00edguez\u201d<\/em> de la Secretar\u00eda de Salud estatal, el cual se pretende que sea rehabilitado y operado por el Seguro Social.<\/p>\n<p>Por \u00faltimo, el director basic del IMSS realiz\u00f3 una visita de supervisi\u00f3n de obra en la <strong>Unidad de Medicina Acquainted<\/strong> (UMF) No. 19 de Canc\u00fan, que beneficiar\u00e1 a 75 mil derechohabientes con diez consultorios de Medicina Acquainted y cinco de enfermer\u00eda especialista en medicina de familia.<\/p>\n<p><em>\u00danete a nuestros grupos para enterarte de las noticias en todo momento:<\/em><\/p>\n<p><strong>TE PUEDE INTERESAR:<\/strong><\/p>\n<p><span style=\"color: #3366ff;\">\u00a0<a rel=\"nofollow noopener\" target=\"_blank\" style=\"color: #3366ff;\" title=\"El IMSS me tumb\u00f3 230 semanas\" href=\"https:\/\/sipse.com\/opinion-quintana-roo\/el-imss-me-tumbo-230-semanas-413766.html\">El IMSS me tumb\u00f3 230 semanas<\/a><\/span><\/p>\n<p><span style=\"color: #3366ff;\">\u00a0<a rel=\"nofollow noopener\" target=\"_blank\" style=\"color: #3366ff;\" title=\"CNDH emite recomendaci\u00f3n a cl\u00ednica del IMSS por 'atenci\u00f3n inadecuada'\" href=\"https:\/\/sipse.com\/novedades\/cndh-emite-recomendacion-a-clinica-del-imss-por-atencion-inadecuada-411920.html\">CNDH emite recomendaci\u00f3n a cl\u00ednica del IMSS por &#8216;atenci\u00f3n inadecuada&#8217;<\/a><\/span><\/p>\n<p><span style=\"color: #3366ff;\">\u00a0<a rel=\"nofollow noopener\" target=\"_blank\" style=\"color: #3366ff;\" title=\"Balean veh\u00edculo del IMSS; ataque podr\u00eda ser contra un funcionario de alto nivel\" href=\"https:\/\/sipse.com\/policia-quintana-roo\/balean-vehiculo-del-imss-ataque-podria-ser-contra-un-funcionario-de-alto-nivel-414055.html\">Balean veh\u00edculo del IMSS; ataque podr\u00eda ser contra un funcionario de alto nivel<\/a><\/span><\/p>\n<\/div>\n<p><script async src=\"\/\/platform.twitter.com\/widgets.js\" charset=\"utf-8\"><\/script><br \/>\n<br \/><\/p>\n<p><em> &#8221; Fuentes sipse.com &#8221; <\/em><\/p>\n","protected":false},"excerpt":{"rendered":"<p>El director basic del Instituto Mexicano del Seguro Social (IMSS), Maestro Zo\u00e9 Robledo, inaugur\u00f3 este s\u00e1bado la Sala de Hemodinamia del Hospital Normal Regional No. 17. Este nuevo equipo servir\u00e1 a los derechohabientes pues anteriormente deb\u00edan viajar a M\u00e9rida, Yucat\u00e1n, para recibir procedimientos de angioplast\u00eda o cateterismos cardiacos. \u201cEs uno de los avances de la [&hellip;]<\/p>\n","protected":false},"author":4,"featured_media":245972,"comment_status":"open","ping_status":"closed","sticky":false,"template":"","format":"standard","meta":{"om_disable_all_campaigns":false,"jnews-multi-image_gallery":[],"jnews_single_post":[],"jnews_primary_category":[],"jnews_social_meta":[],"footnotes":""},"categories":[39],"tags":[37676,37677,4676],"class_list":["post-245971","post","type-post","status-publish","format-standard","has-post-thumbnail","hentry","category-viajes","tag-hemodinamia","tag-hospital-general-de-cancun","tag-imss"],"_links":{"self":[{"href":"https:\/\/dimensionturistica.com\/es\/wp-json\/wp\/v2\/posts\/245971","targetHints":{"allow":["GET"]}}],"collection":[{"href":"https:\/\/dimensionturistica.com\/es\/wp-json\/wp\/v2\/posts"}],"about":[{"href":"https:\/\/dimensionturistica.com\/es\/wp-json\/wp\/v2\/types\/post"}],"author":[{"embeddable":true,"href":"https:\/\/dimensionturistica.com\/es\/wp-json\/wp\/v2\/users\/4"}],"replies":[{"embeddable":true,"href":"https:\/\/dimensionturistica.com\/es\/wp-json\/wp\/v2\/comments?post=245971"}],"version-history":[{"count":0,"href":"https:\/\/dimensionturistica.com\/es\/wp-json\/wp\/v2\/posts\/245971\/revisions"}],"wp:featuredmedia":[{"embeddable":true,"href":"https:\/\/dimensionturistica.com\/es\/wp-json\/wp\/v2\/media\/245972"}],"wp:attachment":[{"href":"https:\/\/dimensionturistica.com\/es\/wp-json\/wp\/v2\/media?parent=245971"}],"wp:term":[{"taxonomy":"category","embeddable":true,"href":"https:\/\/dimensionturistica.com\/es\/wp-json\/wp\/v2\/categories?post=245971"},{"taxonomy":"post_tag","embeddable":true,"href":"https:\/\/dimensionturistica.com\/es\/wp-json\/wp\/v2\/tags?post=245971"}],"curies":[{"name":"wp","href":"https:\/\/api.w.org\/{rel}","templated":true}]}}