{"id":245958,"date":"2021-12-18T21:45:17","date_gmt":"2021-12-18T21:45:17","guid":{"rendered":"https:\/\/dimensionturistica.com\/es\/?p=245958"},"modified":"2021-12-18T21:45:18","modified_gmt":"2021-12-18T21:45:18","slug":"mar-del-plata-promociono-su-oferta-turistica-en-asuncion","status":"publish","type":"post","link":"https:\/\/dimensionturistica.com\/es\/mar-del-plata-promociono-su-oferta-turistica-en-asuncion\/","title":{"rendered":"Mar del Plata promocion\u00f3 su oferta tur\u00edstica en Asunci\u00f3n"},"content":{"rendered":"<p> <br \/>\n<\/p>\n<div id=\"post-458560\">\n<div class=\"entry-content\">\n<p>Mar del Plata a trav\u00e9s del Ente Municipal de Turismo, realiz\u00f3 una presentaci\u00f3n del destino en la ciudad de Asunci\u00f3n, capital de Paraguay, con el objetivo de promocionar todos sus atractivos naturales, su oferta gastron\u00f3mica, hotelera, recreativa y cultural.<\/p>\n<p>A trav\u00e9s de una conferencia de prensa y de una presentaci\u00f3n ante agentes de viajes y medios de comunicaci\u00f3n, los asistentes pudieron conocer la oferta tur\u00edstica de nuestra ciudad y todas las opciones que brinda durante todo el a\u00f1o. Asimismo, hubo degustaci\u00f3n de productos y platos t\u00edpicos de la cocina marplatense, elaborados a base de pescados y mariscos.<\/p>\n<p>Mediante movies y materials gr\u00e1fico, Mar del Plata profundiz\u00f3 su intensa promoci\u00f3n en Paraguay y se present\u00f3 a la ciudad como destino junto a la Secretar\u00eda de Turismo de Asunci\u00f3n y, en el mismo acto, se firm\u00f3 un convenio de colaboraci\u00f3n con sus autoridades.<\/p>\n<p>Adem\u00e1s, se realiz\u00f3 una reuni\u00f3n de trabajo con la Ministra Nacional de Turismo del vecino pa\u00eds, Sof\u00eda Montiel, para aunar acciones conjuntas, mejorar la conectividad y potenciar la llegada, tanto a\u00e9rea como terrestre, de visitantes oriundos de Paraguay durante los 12 meses.<\/p>\n<\/p><\/div>\n<p><!-- .entry-content -->\n\t\t\t    <\/div>\n<p><script>(function(d, s, id) {\n  var js, fjs = d.getElementsByTagName(s)[0];\n  if (d.getElementById(id)) return;\n  js = d.createElement(s); js.id = id;\n  js.src = \"\/\/connect.facebook.net\/es_LA\/sdk.js#xfbml=1&version=v2.9&appId=257355218084957\";\n  fjs.parentNode.insertBefore(js, fjs);\n}(document, 'script', 'facebook-jssdk'));<\/script><br \/>\n<br \/><\/p>\n<p><em> &#8221; Fuentes elmarplatense.com &#8221; <\/em><\/p>\n","protected":false},"excerpt":{"rendered":"<p>Mar del Plata a trav\u00e9s del Ente Municipal de Turismo, realiz\u00f3 una presentaci\u00f3n del destino en la ciudad de Asunci\u00f3n, capital de Paraguay, con el objetivo de promocionar todos sus atractivos naturales, su oferta gastron\u00f3mica, hotelera, recreativa y cultural. A trav\u00e9s de una conferencia de prensa y de una presentaci\u00f3n ante agentes de viajes y [&hellip;]<\/p>\n","protected":false},"author":4,"featured_media":245959,"comment_status":"open","ping_status":"closed","sticky":false,"template":"","format":"standard","meta":{"om_disable_all_campaigns":false,"jnews-multi-image_gallery":[],"jnews_single_post":[],"jnews_primary_category":[],"jnews_social_meta":[],"footnotes":""},"categories":[40],"tags":[544],"class_list":["post-245958","post","type-post","status-publish","format-standard","has-post-thumbnail","hentry","category-industria","tag-turismo"],"_links":{"self":[{"href":"https:\/\/dimensionturistica.com\/es\/wp-json\/wp\/v2\/posts\/245958","targetHints":{"allow":["GET"]}}],"collection":[{"href":"https:\/\/dimensionturistica.com\/es\/wp-json\/wp\/v2\/posts"}],"about":[{"href":"https:\/\/dimensionturistica.com\/es\/wp-json\/wp\/v2\/types\/post"}],"author":[{"embeddable":true,"href":"https:\/\/dimensionturistica.com\/es\/wp-json\/wp\/v2\/users\/4"}],"replies":[{"embeddable":true,"href":"https:\/\/dimensionturistica.com\/es\/wp-json\/wp\/v2\/comments?post=245958"}],"version-history":[{"count":0,"href":"https:\/\/dimensionturistica.com\/es\/wp-json\/wp\/v2\/posts\/245958\/revisions"}],"wp:featuredmedia":[{"embeddable":true,"href":"https:\/\/dimensionturistica.com\/es\/wp-json\/wp\/v2\/media\/245959"}],"wp:attachment":[{"href":"https:\/\/dimensionturistica.com\/es\/wp-json\/wp\/v2\/media?parent=245958"}],"wp:term":[{"taxonomy":"category","embeddable":true,"href":"https:\/\/dimensionturistica.com\/es\/wp-json\/wp\/v2\/categories?post=245958"},{"taxonomy":"post_tag","embeddable":true,"href":"https:\/\/dimensionturistica.com\/es\/wp-json\/wp\/v2\/tags?post=245958"}],"curies":[{"name":"wp","href":"https:\/\/api.w.org\/{rel}","templated":true}]}}