{"id":245517,"date":"2021-12-17T18:42:42","date_gmt":"2021-12-17T18:42:42","guid":{"rendered":"https:\/\/dimensionturistica.com\/es\/?p=245517"},"modified":"2021-12-17T18:42:43","modified_gmt":"2021-12-17T18:42:43","slug":"agentes-de-viajes-buscaran-cambios-en-ley-general-de-turismo-para-2022","status":"publish","type":"post","link":"https:\/\/dimensionturistica.com\/es\/agentes-de-viajes-buscaran-cambios-en-ley-general-de-turismo-para-2022\/","title":{"rendered":"Agentes de viajes buscar\u00e1n cambios en ley general de turismo para 2022"},"content":{"rendered":"<p> <br \/>\n<\/p>\n<div>\n    <span class=\"author\" itemprop=\"author\">Roberto Valadez<\/span><\/p>\n<p>\n    <span class=\"location\" itemprop=\"contentLocation\">Ciudad de M\u00e9xico<\/span> \/ <time datetime=\"17-12-2021 12:38:59\" itemprop=\"datePublished\">17.12.2021 12:38:59<\/time><br \/>\n    <meta itemprop=\"dateCreated\" content=\"17-12-2021 12:38:59\"\/><br \/>\n    <meta itemprop=\"dateModified\" content=\"2021-12-17 12:38:59.000000\"\/>\n  <\/p>\n<div id=\"content-body\" class=\"media-container news\" itemprop=\"articleBody\">\n<p>La <b><span style=\"color: rgb(79, 129, 189);\"><a rel=\"nofollow noopener\" target=\"_blank\" href=\"https:\/\/www.milenio.com\/temas\/amav\">Asociaci\u00f3n Mexicana de Agencias de Viajes<\/a><\/span> (AMAV)<\/b> inform\u00f3 que entre sus planes de trabajo para el siguiente a\u00f1o se encuentran poder realizar cambios en la<b> Ley Normal de Turismo<\/b> y su reglamento, ya que se han encontrado diversas inconsistencias.<\/p>\n<p>En su mensaje de fin de a\u00f1o, el presidente de la <b>AMAV, Eduardo Paniagua, c<\/b>oment\u00f3 se han encontrado una \u201cgran cantidad de errores y omisiones\u201d en estas legislaciones, las cuales se har\u00e1n saber a las autoridades para que se modifiquen.<\/p>\n<p>El directivo indic\u00f3 que si se concretan estos cambios se tendr\u00e1 una <b>Ley Normal de Turismo<\/b> y un reglamento m\u00e1s efectivo.<\/p>\n<p>Paniagua manifest\u00f3 que unos de las modificaciones que se buscar\u00e1 concretar es que regule adecuadamente al gu\u00eda de turistas, ya que actualmente hay muchas personas que ejercen esa actividad sin estar preparadas.<\/p>\n<p>El presidente de <b>AMAV <\/b>coment\u00f3 que en el a\u00f1o en curso la actividad tur\u00edstica mejor\u00f3 un poco frente al 2020, que fue uno de los peores ante los confinamientos por la <a rel=\"nofollow noopener\" target=\"_blank\" href=\"https:\/\/www.milenio.com\/temas\/pandemia\">pandemia de coronavirus<\/a>.<\/p>\n<p>Refiri\u00f3 que se tiene la esperanza que 2022 sea la temporada donde las empresas tur\u00edsticas se recuperen en su totalidad y contin\u00faen en crecimientos en su actividad y reservaciones.<\/p>\n<p>MRA<\/p>\n<p>\u200b<\/p>\n<\/p><\/div>\n<\/div>\n<p><script async defer crossorigin=\"anonymous\" src=\"https:\/\/connect.facebook.net\/es_LA\/sdk.js\"><\/script><br \/>\n<br \/><\/p>\n<p><em> &#8221; Fuentes www.milenio.com &#8221; <\/em><\/p>\n","protected":false},"excerpt":{"rendered":"<p>Roberto Valadez Ciudad de M\u00e9xico \/ 17.12.2021 12:38:59 La Asociaci\u00f3n Mexicana de Agencias de Viajes (AMAV) inform\u00f3 que entre sus planes de trabajo para el siguiente a\u00f1o se encuentran poder realizar cambios en la Ley Normal de Turismo y su reglamento, ya que se han encontrado diversas inconsistencias. En su mensaje de fin de a\u00f1o, [&hellip;]<\/p>\n","protected":false},"author":4,"featured_media":245518,"comment_status":"open","ping_status":"closed","sticky":false,"template":"","format":"standard","meta":{"om_disable_all_campaigns":false,"jnews-multi-image_gallery":[],"jnews_single_post":[],"jnews_primary_category":[],"jnews_social_meta":[],"footnotes":""},"categories":[39],"tags":[1895,2913,37633,12033],"class_list":["post-245517","post","type-post","status-publish","format-standard","has-post-thumbnail","hentry","category-viajes","tag-agentes-de-viajes","tag-amav","tag-cambios-de-ley","tag-ley-general-del-turismo"],"_links":{"self":[{"href":"https:\/\/dimensionturistica.com\/es\/wp-json\/wp\/v2\/posts\/245517","targetHints":{"allow":["GET"]}}],"collection":[{"href":"https:\/\/dimensionturistica.com\/es\/wp-json\/wp\/v2\/posts"}],"about":[{"href":"https:\/\/dimensionturistica.com\/es\/wp-json\/wp\/v2\/types\/post"}],"author":[{"embeddable":true,"href":"https:\/\/dimensionturistica.com\/es\/wp-json\/wp\/v2\/users\/4"}],"replies":[{"embeddable":true,"href":"https:\/\/dimensionturistica.com\/es\/wp-json\/wp\/v2\/comments?post=245517"}],"version-history":[{"count":0,"href":"https:\/\/dimensionturistica.com\/es\/wp-json\/wp\/v2\/posts\/245517\/revisions"}],"wp:featuredmedia":[{"embeddable":true,"href":"https:\/\/dimensionturistica.com\/es\/wp-json\/wp\/v2\/media\/245518"}],"wp:attachment":[{"href":"https:\/\/dimensionturistica.com\/es\/wp-json\/wp\/v2\/media?parent=245517"}],"wp:term":[{"taxonomy":"category","embeddable":true,"href":"https:\/\/dimensionturistica.com\/es\/wp-json\/wp\/v2\/categories?post=245517"},{"taxonomy":"post_tag","embeddable":true,"href":"https:\/\/dimensionturistica.com\/es\/wp-json\/wp\/v2\/tags?post=245517"}],"curies":[{"name":"wp","href":"https:\/\/api.w.org\/{rel}","templated":true}]}}