{"id":244977,"date":"2021-12-16T23:05:26","date_gmt":"2021-12-16T23:05:26","guid":{"rendered":"https:\/\/dimensionturistica.com\/es\/?p=244977"},"modified":"2021-12-16T23:05:27","modified_gmt":"2021-12-16T23:05:27","slug":"claves-para-que-espana-lidere-la-tecnologia-turistica-mundial","status":"publish","type":"post","link":"https:\/\/dimensionturistica.com\/es\/claves-para-que-espana-lidere-la-tecnologia-turistica-mundial\/","title":{"rendered":"Claves para que Espa\u00f1a lidere la tecnolog\u00eda tur\u00edstica mundial"},"content":{"rendered":"<p> <br \/>\n<\/p>\n<div>\n<p>No es la primera vez que o\u00edmos hablar de que <strong>Espa\u00f1a, desde su liderazgo tur\u00edstico, tambi\u00e9n deber\u00eda encabezar la transformaci\u00f3n digital<\/strong> que est\u00e1 llevando a cabo la industria en todo el mundo. El presidente de <a rel=\"nofollow noopener\" target=\"_blank\" href=\"https:\/\/www.hosteltur.com\/tag\/segittur\">Segittur<\/a>, <a rel=\"nofollow noopener\" target=\"_blank\" href=\"https:\/\/www.hosteltur.com\/tag\/enrique-martinez-marin\">Enrique Mart\u00ednez<\/a>, ha ido m\u00e1s all\u00e1 y ha apostado por que el pa\u00eds ostente \u201cun <strong>triple liderazgo tur\u00edstico<\/strong>: adem\u00e1s del que ya desempe\u00f1a en el sector m\u00e1s tradicional, tambi\u00e9n lo hiciera en <strong>pol\u00edticas p\u00fablicas tur\u00edsticas y tecnolog\u00eda<\/strong>\u201d. Desde luego potencial tiene, ya que como ha indicado <strong>Lasse Rouhiainen<\/strong>, experto internacional en <a rel=\"nofollow noopener\" target=\"_blank\" href=\"https:\/\/www.hosteltur.com\/tag\/inteligencia-artificial\">inteligencia artificial<\/a> (IA) y advertising and marketing digital, en el <strong>\u201cAI Index\u201d<\/strong> de la Universidad de Stanford \u201c<strong>Espa\u00f1a no aparece entre los primeros 20 pa\u00edses con mayor desarrollo de esta tecnolog\u00eda<\/strong>, pero s\u00ed en el cuarto puesto de los que m\u00e1s ha incrementado su uso, lo que demuestra el campo de oportunidades que abre\u201d. En esta ocasi\u00f3n, los participantes en la mesa sobre el tema que se ha celebrado en el marco de la octava Asamblea anual de <a rel=\"nofollow noopener\" target=\"_blank\" href=\"https:\/\/www.hosteltur.com\/tag\/thinktur\">Thinktur<\/a>, han detallado cu\u00e1les son las claves para conseguirlo.<\/p>\n<\/div>\n<div>\n<h2>Coopetencia y colaboraci\u00f3n p\u00fablico-privada<\/h2>\n<blockquote>\n<p>\u201cFinlandia se sit\u00faa en el top 3 en aplicaci\u00f3n de la inteligencia artificial, pero en el ranking tur\u00edstico est\u00e1 a la cola. Y es que, precisamente por el liderazgo de Espa\u00f1a en turismo, encabezar el desarrollo de la tecnolog\u00eda tur\u00edstica representa una gran oportunidad para el pa\u00eds; podr\u00eda hacerlo en dos o tres a\u00f1os y descubrir un nuevo nicho de mercado vendiendo aplicaciones a otros pa\u00edses\u201d, Lasse Rouhiainen<\/p>\n<\/blockquote>\n<p>Para <strong>Daniel S\u00e1ez<\/strong>, director de Inteligencia Estrat\u00e9gica y Transferencia de Tecnolog\u00eda de <strong>ITI<\/strong> (Instituto Tecnol\u00f3gico de Inform\u00e1tica de la <a rel=\"nofollow noopener\" target=\"_blank\" href=\"https:\/\/www.hosteltur.com\/tag\/universidad-politecnica-de-valencia\">Universidad Polit\u00e9cnica de Valencia<\/a>), \u201cuna vez que somos conscientes de la necesidad de liderar esa <a rel=\"nofollow noopener\" target=\"_blank\" href=\"https:\/\/www.hosteltur.com\/tag\/transformacion-digital\">transformaci\u00f3n digital<\/a>, el siguiente paso es la puesta en marcha de una <strong>estrategia coordinada<\/strong> en este \u00e1mbito, porque no todas las empresas est\u00e1n al mismo nivel\u201d.<\/p>\n<p>En este sentido ha desvelado que \u201calgo que nos est\u00e1 funcionando para ello es <strong>apoyar a las empresas con un experto en datos<\/strong> que analice su estado de madurez en su captaci\u00f3n y gesti\u00f3n, y elabore una hoja de ruta personalizada para la gesti\u00f3n de la empresa en un determinado sector, en base a sus necesidades y a su rol en la cadena de valor\u201d.<\/p>\n<p>Para lograrlo ayuda, como ha a\u00f1adido, \u201cdisponer de <strong>espacios de experimentaci\u00f3n<\/strong> donde se puedan probar soluciones en un lugar seguro con el apoyo de personal cualificado para desarrollar modelos, mejorar la calidad de los datos, anonimizarlos, conectarlos, etc. Todo con el fin de <strong>acelerar la cultura de utilizaci\u00f3n de datos<\/strong> de calidad y de forma excelente, de manera que las empresas puedan ponerse al d\u00eda en este \u00e1mbito\u201d.<\/p>\n<div class=\"wysiwyg-photo\"><img decoding=\"async\" title=\"\" src=\"https:\/\/static.hosteltur.com\/app\/public\/uploads\/img\/articles\/2021\/12\/16\/L_210507_thinktur-asamblea-2021-r.jpg\" alt=\"\" data-id=\"233751\"\/> <\/p>\n<p>De izq. a dcha, el moderador, Lasse Rouhiainen; Mario Villar, de la Generalitat Valenciana; Daniel S\u00e1ez, del ITI; Jorge N\u00fa\u00f1ez, de AdQuiver; y Tomeu Fiol, de Meli\u00e1.<\/p>\n<\/p><\/div>\n<p>Y es que, seg\u00fan ha constatado <strong>Jorge N\u00fa\u00f1ez<\/strong>, CEO de <strong>AdQuiver<\/strong>, \u201cpara que la inteligencia artificial pueda aprender y desarrollarse con algoritmos diferenciales que faciliten una <a rel=\"nofollow noopener\" target=\"_blank\" href=\"https:\/\/www.hosteltur.com\/tag\/personalizacion\">personalizaci\u00f3n<\/a> impactante y disruptiva, necesitamos <strong>muchos datos<\/strong>. Por ello es fundamental la <strong>colaboraci\u00f3n entre los competidores de un mismo destino<\/strong>, ya sea a nivel local, regional o nacional. Es la llamada <strong>coopetencia<\/strong>, a la que se a\u00f1ade una m\u00e1s que necesaria <a rel=\"nofollow noopener\" target=\"_blank\" href=\"https:\/\/www.hosteltur.com\/tag\/colaboracion-publico-privada\">colaboraci\u00f3n p\u00fablico-privada<\/a>\u201d.<\/p>\n<blockquote>\n<p>El presidente de Segittur ha asegurado que \u201choy por hoy no es posible personalizar nada, sino que se aplica una clusterizaci\u00f3n y en funci\u00f3n de eso se adapta la oferta a cada cl\u00faster. Porque no basta s\u00f3lo con tener datos si no se tiene capacidad de actuaci\u00f3n&#8221;<\/p>\n<\/blockquote>\n<p><strong>Tomeu Fiol<\/strong>, director global de Tecnolog\u00edas de hotel de <a rel=\"nofollow noopener\" target=\"_blank\" href=\"https:\/\/www.hosteltur.com\/tag\/melia-hotels-international\">Meli\u00e1 Hotels International<\/a>, se ha mostrado asimismo partidario de \u201c<strong>crear comunidades para avanzar<\/strong>, tambi\u00e9n en Europa, donde tenemos una gran oportunidad con el teletrabajo para <a rel=\"nofollow noopener\" target=\"_blank\" href=\"https:\/\/www.hosteltur.com\/tag\/talento-en-la-empresa\">atraer talento<\/a> de otros pa\u00edses a trabajar aqu\u00ed; y as\u00ed crear, con coopetencia, <strong>plataformas de datos<\/strong> que podamos utilizar todos, empresas y entidades p\u00fablicas\u201d.<\/p>\n<h2>Formaci\u00f3n y talento<\/h2>\n<p>Todo ecosistema de transformaci\u00f3n digital, en palabras de N\u00fa\u00f1ez, \u201cparte de la <a rel=\"nofollow noopener\" target=\"_blank\" href=\"https:\/\/www.hosteltur.com\/tag\/formacion\">formaci\u00f3n<\/a> y el <a rel=\"nofollow noopener\" target=\"_blank\" href=\"https:\/\/www.hosteltur.com\/tag\/gestion-de-talento\">talento<\/a>. Es importante porque <strong>los conocimientos que se necesitan ahora no se estudian en universidades<\/strong>. S\u00f3lo puedes progresar en <a rel=\"nofollow noopener\" target=\"_blank\" href=\"https:\/\/www.hosteltur.com\/tag\/tecnologia\">tecnolog\u00eda<\/a> muy avanzada si est\u00e1s trabajando con ella en tu d\u00eda a d\u00eda, por lo que <strong>formar al personal<\/strong> en estas lides representa un gran desaf\u00edo, pero los <a rel=\"nofollow noopener\" target=\"_blank\" href=\"https:\/\/www.hosteltur.com\/tag\/fondos-europeos\">fondos europeos<\/a> representan una gran oportunidad en este \u00e1mbito\u201d.<\/p>\n<blockquote>\n<p>M\u00e1s informaci\u00f3n sobre los avances en inteligencia digital en:<\/p>\n<p>&#8211; <a rel=\"nofollow noopener\" target=\"_blank\" href=\"https:\/\/www.hosteltur.com\/148090_como-la-inteligencia-artificial-optimiza-el-flujo-de-pasajeros-en-aeropuert.html\">C\u00f3mo la inteligencia artificial optimiza flujos de pasajeros en aeropuertos<\/a><\/p>\n<p>&#8211; <a rel=\"nofollow noopener\" target=\"_blank\" href=\"https:\/\/www.hosteltur.com\/147926_tis-un-camarero-humanoide-robotico-premio-a-la-innovacion-turistica.html\">TIS: un camarero humanoide rob\u00f3tico, premio a la innovaci\u00f3n tur\u00edstica<\/a><\/p>\n<p>&#8211; <a rel=\"nofollow noopener\" target=\"_blank\" href=\"https:\/\/www.hosteltur.com\/146851_el-modelo-bionico-hombre-maquina-marca-el-futuro-del-revenue-management.html\">El modelo bi\u00f3nico hombre-m\u00e1quina marca el futuro del Revenue Management<\/a><\/p>\n<p>&#8211; <a rel=\"nofollow noopener\" target=\"_blank\" href=\"https:\/\/www.hosteltur.com\/146268_aplicacion-de-la-inteligencia-artificial-para-optimizar-la-gestion-hotelera.html\">Aplicaci\u00f3n de la inteligencia artificial para optimizar la gesti\u00f3n hotelera<\/a><\/p>\n<\/blockquote>\n<p><a rel=\"nofollow noopener\" target=\"_blank\" href=\"https:\/\/www.hosteltur.com\/tag\/mario-villar\">Mario Villar<\/a>, director de Inteligencia Tur\u00edstica de la <a rel=\"nofollow noopener\" goal=\"_blank\" href=\"https:\/\/www.hosteltur.com\/tag\/generalitat-valenciana\">Generalitat Valenciana<\/a>, ha defendido asimismo la necesidad de \u201c<strong>reforzar el capital humano<\/strong> para reforzar el posicionamiento del pa\u00eds, en este momento que estamos viviendo una revoluci\u00f3n de las que escriben la Historia. Debemos <strong>educar a la sociedad<\/strong> y a nosotros mismos sobre <strong>qu\u00e9 es la inteligencia artificial<\/strong>, porque sin la formaci\u00f3n de la propia sociedad no podremos evolucionar en este campo\u201d.<\/p>\n<blockquote>\n<p>Tomeu Fiol ha subrayado que \u201cel talento es esencial; sin \u00e9l no llegamos a ning\u00fan sitio\u201d<\/p>\n<\/blockquote>\n<h2>\u00c9tica<\/h2>\n<p>Y todo ello teniendo muy presente la <strong>\u00e9tica<\/strong> en todo el proceso de captaci\u00f3n y gesti\u00f3n del dato para, como ha puntualizado Villar, \u201ccrear casos de uso de una <strong>inteligencia artificial \u00e9tica en turismo<\/strong>, porque es algo esencial\u201d. Fiol tambi\u00e9n ha coincidido en se\u00f1alar su importancia, respaldada tambi\u00e9n en Europa, apoyando \u201cuna <strong>\u00e9tica positiva<\/strong> que garantice, entre otros muchos factores, preservar la privacidad de los datos. Las ganas y la necesidad est\u00e1n ah\u00ed; ahora s\u00f3lo hay que meter todos los elementos en la coctelera y ponernos manos a la obra\u201d.<\/p>\n<h2>Trombofilia<\/h2>\n<p>Jorge N\u00fa\u00f1ez, por su parte, ha apostado por la \u201c<strong>trombofilia<\/strong>, que se traduce en obtener beneficio de la incertidumbre, frente a la <strong>trombofobia<\/strong>, que supone miedo al cambio. Debemos <strong>buscar el cambio y sacar el m\u00e1ximo rendimiento<\/strong>, y el turismo es el escenario perfecto; adem\u00e1s de potenciar el talento para ser <strong>l\u00edderes en tecnolog\u00eda tur\u00edstica<\/strong> y exportarla al resto del mundo\u201d.<\/p>\n<p>En esta misma l\u00ednea se ha manifestado el presidente de Thinktur, <a rel=\"nofollow noopener\" target=\"_blank\" href=\"https:\/\/www.hosteltur.com\/tag\/jose-guillermo-diaz-montanes\">Jos\u00e9 Guillermo D\u00edaz Monta\u00f1\u00e9s<\/a>, quien tambi\u00e9n sostiene la necesidad de \u201c<strong>acelerar nuestra capacidad de cambio<\/strong> e incrementar la productividad, sin olvidarnos de <strong>atraer, retener y desarrollar el talento<\/strong>, que es uno de los grandes retos del sector; retos que tambi\u00e9n generan grandes oportunidades\u201d.<\/p>\n<blockquote>\n<p>\u201cTenemos muchos retos por delante, y para afrontarlos es necesaria unidad de prop\u00f3sito de todos en torno a los mismos temas, con la conciencia de que esto tiene que servir para algo y hacer m\u00e1s productivo el sector \u201c, seg\u00fan Enrique Mart\u00ednez<\/p>\n<\/blockquote>\n<\/div>\n\n<p><em> &#8221; Fuentes www.hosteltur.com &#8221; <\/em><\/p>\n","protected":false},"excerpt":{"rendered":"<p>No es la primera vez que o\u00edmos hablar de que Espa\u00f1a, desde su liderazgo tur\u00edstico, tambi\u00e9n deber\u00eda encabezar la transformaci\u00f3n digital que est\u00e1 llevando a cabo la industria en todo el mundo. El presidente de Segittur, Enrique Mart\u00ednez, ha ido m\u00e1s all\u00e1 y ha apostado por que el pa\u00eds ostente \u201cun triple liderazgo tur\u00edstico: adem\u00e1s [&hellip;]<\/p>\n","protected":false},"author":4,"featured_media":244978,"comment_status":"open","ping_status":"closed","sticky":false,"template":"","format":"standard","meta":{"om_disable_all_campaigns":false,"jnews-multi-image_gallery":[],"jnews_single_post":[],"jnews_primary_category":[],"jnews_social_meta":[],"footnotes":""},"categories":[40],"tags":[1155,5237,37572,17605,6859,1513,16162,775,1899,13124,37573,5238,11141,7217,16164,725,13128,5242,37574],"class_list":["post-244977","post","type-post","status-publish","format-standard","has-post-thumbnail","hentry","category-industria","tag-colaboracion-publico-privada","tag-digitalizacion","tag-enrique-martinez-marin","tag-fondos-europeos","tag-formacion","tag-generalitat-valenciana","tag-gestion-de-talento","tag-innovacion","tag-inteligencia-artificial","tag-jose-guillermo-diaz-montanes","tag-mario-villar","tag-melia-hotels-international","tag-personalizacion","tag-segittur","tag-talento-en-la-empresa","tag-tecnologia","tag-thinktur","tag-transformacion-digital","tag-universidad-politecnica-de-valencia"],"_links":{"self":[{"href":"https:\/\/dimensionturistica.com\/es\/wp-json\/wp\/v2\/posts\/244977","targetHints":{"allow":["GET"]}}],"collection":[{"href":"https:\/\/dimensionturistica.com\/es\/wp-json\/wp\/v2\/posts"}],"about":[{"href":"https:\/\/dimensionturistica.com\/es\/wp-json\/wp\/v2\/types\/post"}],"author":[{"embeddable":true,"href":"https:\/\/dimensionturistica.com\/es\/wp-json\/wp\/v2\/users\/4"}],"replies":[{"embeddable":true,"href":"https:\/\/dimensionturistica.com\/es\/wp-json\/wp\/v2\/comments?post=244977"}],"version-history":[{"count":0,"href":"https:\/\/dimensionturistica.com\/es\/wp-json\/wp\/v2\/posts\/244977\/revisions"}],"wp:featuredmedia":[{"embeddable":true,"href":"https:\/\/dimensionturistica.com\/es\/wp-json\/wp\/v2\/media\/244978"}],"wp:attachment":[{"href":"https:\/\/dimensionturistica.com\/es\/wp-json\/wp\/v2\/media?parent=244977"}],"wp:term":[{"taxonomy":"category","embeddable":true,"href":"https:\/\/dimensionturistica.com\/es\/wp-json\/wp\/v2\/categories?post=244977"},{"taxonomy":"post_tag","embeddable":true,"href":"https:\/\/dimensionturistica.com\/es\/wp-json\/wp\/v2\/tags?post=244977"}],"curies":[{"name":"wp","href":"https:\/\/api.w.org\/{rel}","templated":true}]}}