{"id":244964,"date":"2021-12-16T22:40:50","date_gmt":"2021-12-16T22:40:50","guid":{"rendered":"https:\/\/dimensionturistica.com\/es\/?p=244964"},"modified":"2021-12-16T22:40:50","modified_gmt":"2021-12-16T22:40:50","slug":"por-no-hacer-cheesecake-compania-kraft-foods-ofrece-20-dolares","status":"publish","type":"post","link":"https:\/\/dimensionturistica.com\/es\/por-no-hacer-cheesecake-compania-kraft-foods-ofrece-20-dolares\/","title":{"rendered":"Por no hacer cheesecake compa\u00f1\u00eda Kraft Foods ofrece 20 d\u00f3lares"},"content":{"rendered":"<p> <br \/>\n<\/p>\n<div>\n<p>La compa\u00f1\u00eda, Kraft Meals, oriunda de Northfield, Illinois, Estados Unidos, expres\u00f3 que dar\u00e1 20 d\u00f3lares por no hacer torta de queso en estas fechas especiales que se celebran alrededor del mundo.<\/p>\n<p><strong>Esta innovadora propuesta de advertising por parte de la compa\u00f1\u00eda de alimentos es debido a la escasez que queso crema que actualmente tiene la empresa.<\/strong><\/p>\n<figure role=\"group\" class=\"align-center\">\n<img decoding=\"async\" alt=\"Imagen de referencia \" data-entity-type=\"file\" data-entity-uuid=\"5648c785-c7af-4ba5-816c-6b79a42f23d9\" src=\"https:\/\/www.agenciapi.co\/sites\/default\/files\/inline-images\/depositphotos_162484176-stock-photo-waving-flag-with-kraft-foods.jpg\" width=\"600\" height=\"337\" loading=\"lazy\"\/><figcaption>Kraft Meals.<\/figcaption><\/figure>\n<p>No obstante, por solo unos d\u00edas un l\u00edmite de personas podr\u00e1 gastar 20 d\u00f3lares en un postre y cargarlos a la cuenta de la compa\u00f1\u00eda con la \u00fanica condici\u00f3n de no hacer tarta de queso crema ni usar otro producto horneado de la misma empresa.<\/p>\n<p>Cabe mencionar que la compa\u00f1\u00eda opera en m\u00e1s de 155 pa\u00edses y se cuenta que su fundador, James L. Kraft vend\u00eda inicialmente quesos hechos por su familia en una carretera.<\/p>\n<p>Le puede interesar:<\/p>\n<p>\u00a0<\/p>\n<p>\u00a0<\/p>\n<\/div>\n\n<p><em> \u2018 The preceding article may include information circulated by third parties \u2019 <\/em><\/p>\n<p><em> \u2018 Some details of this article were extracted from the following source www.agenciapi.co \u2019 <\/em><\/p>\n","protected":false},"excerpt":{"rendered":"<p>La compa\u00f1\u00eda, Kraft Meals, oriunda de Northfield, Illinois, Estados Unidos, expres\u00f3 que dar\u00e1 20 d\u00f3lares por no hacer torta de queso en estas fechas especiales que se celebran alrededor del mundo. Esta innovadora propuesta de advertising por parte de la compa\u00f1\u00eda de alimentos es debido a la escasez que queso crema que actualmente tiene la [&hellip;]<\/p>\n","protected":false},"author":2,"featured_media":244965,"comment_status":"open","ping_status":"closed","sticky":false,"template":"","format":"standard","meta":{"om_disable_all_campaigns":false,"jnews-multi-image_gallery":[],"jnews_single_post":[],"jnews_primary_category":[],"jnews_social_meta":[],"footnotes":""},"categories":[43],"tags":[],"class_list":["post-244964","post","type-post","status-publish","format-standard","has-post-thumbnail","hentry","category-gourmet"],"_links":{"self":[{"href":"https:\/\/dimensionturistica.com\/es\/wp-json\/wp\/v2\/posts\/244964","targetHints":{"allow":["GET"]}}],"collection":[{"href":"https:\/\/dimensionturistica.com\/es\/wp-json\/wp\/v2\/posts"}],"about":[{"href":"https:\/\/dimensionturistica.com\/es\/wp-json\/wp\/v2\/types\/post"}],"author":[{"embeddable":true,"href":"https:\/\/dimensionturistica.com\/es\/wp-json\/wp\/v2\/users\/2"}],"replies":[{"embeddable":true,"href":"https:\/\/dimensionturistica.com\/es\/wp-json\/wp\/v2\/comments?post=244964"}],"version-history":[{"count":0,"href":"https:\/\/dimensionturistica.com\/es\/wp-json\/wp\/v2\/posts\/244964\/revisions"}],"wp:featuredmedia":[{"embeddable":true,"href":"https:\/\/dimensionturistica.com\/es\/wp-json\/wp\/v2\/media\/244965"}],"wp:attachment":[{"href":"https:\/\/dimensionturistica.com\/es\/wp-json\/wp\/v2\/media?parent=244964"}],"wp:term":[{"taxonomy":"category","embeddable":true,"href":"https:\/\/dimensionturistica.com\/es\/wp-json\/wp\/v2\/categories?post=244964"},{"taxonomy":"post_tag","embeddable":true,"href":"https:\/\/dimensionturistica.com\/es\/wp-json\/wp\/v2\/tags?post=244964"}],"curies":[{"name":"wp","href":"https:\/\/api.w.org\/{rel}","templated":true}]}}