{"id":244693,"date":"2021-12-16T12:44:32","date_gmt":"2021-12-16T12:44:32","guid":{"rendered":"https:\/\/dimensionturistica.com\/es\/?p=244693"},"modified":"2021-12-16T12:44:33","modified_gmt":"2021-12-16T12:44:33","slug":"tercera-bolsa-turistica-destinos-gaviota-2021-confirma-la-seguridad-del-destino-cuba","status":"publish","type":"post","link":"https:\/\/dimensionturistica.com\/es\/tercera-bolsa-turistica-destinos-gaviota-2021-confirma-la-seguridad-del-destino-cuba\/","title":{"rendered":"Tercera bolsa tur\u00edstica Destinos Gaviota 2021 confirma la seguridad del destino Cuba"},"content":{"rendered":"<p> <br \/>\n<\/p>\n<div>\n<div id=\"attachment_1653371\" style=\"width: 840px\" class=\"wp-caption aligncenter size-full wp-image-1653371\"><img decoding=\"async\" class=\"size-full wp-image-1653371\" src=\"http:\/\/media.cubadebate.cu\/wp-content\/uploads\/2021\/12\/1208-primer-ministro-gaviota.jpg\" alt=\"\" width=\"840\" height=\"378\" srcset=\"http:\/\/media.cubadebate.cu\/wp-content\/uploads\/2021\/12\/1208-primer-ministro-gaviota.jpg 840w,http:\/\/media.cubadebate.cu\/wp-content\/uploads\/2021\/12\/1208-primer-ministro-gaviota-768x346.jpg 768w,http:\/\/media.cubadebate.cu\/wp-content\/uploads\/2021\/12\/1208-primer-ministro-gaviota-580x261.jpg 580w\" sizes=\"(max-width: 840px) 100vw, 840px\"\/><\/p>\n<p class=\"wp-caption-text\">Asiste primer ministro cubano a Destinos Gaviota 2021.<\/p>\n<\/div>\n<p>Manuel Marrero Cruz, primer ministro de Cuba, asiste a la <strong>III Bolsa Tur\u00edstica Destinos <a rel=\"nofollow noopener\" target=\"_blank\" href=\"http:\/\/www.cubadebate.cu\/etiqueta\/corporacion-gaviota\/\">Gaviota<\/a> 2021<\/strong>, encuentro dedicado en esta ocasi\u00f3n a los eventos y la experiencia del grupo en la organizaci\u00f3n de los mismos.<\/p>\n<p>La cita, que se desarrollar\u00e1 hasta el 12 de diciembre, <strong>confirma la seguridad del destino Cuba a los turoperadores, agentes de viajes, agencias minoristas y hoteleros participantes<\/strong>, y marca la reactivaci\u00f3n del turismo en la naci\u00f3n caribe\u00f1a.<\/p>\n<p>Al dar la bienvenida, el presidente ejecutivo del Grupo de Turismo Gaviota, Carlos Latuff Carmenate, destac\u00f3 que <strong>durante la precise pandemia se enfocaron en la preservaci\u00f3n y mejora de instalaciones<\/strong>, el dise\u00f1o de nuevos productos y la superaci\u00f3n y completamiento de los recursos humanos del Grupo.<\/p>\n<p>Adem\u00e1s se reforzaron frentes estrat\u00e9gicos como el cuidado medioambiental y la informatizaci\u00f3n, a tenor con las exigencias y est\u00e1ndares del turismo internacional.<\/p>\n<p>Tenemos por delante grandes retos: la reanimaci\u00f3n de los mercados, su diversificaci\u00f3n y alcanzar los mejores niveles de emisi\u00f3n y ocupaci\u00f3n posibles en el menor plazo, precis\u00f3.<\/p>\n<p>El encuentro pretende demostrar <strong>la apuesta de Gaviota por un servicio de excelencia, atemperado al momento precise, y la certificaci\u00f3n de Turismo m\u00e1s higi\u00e9nico y seguro en la mayor\u00eda de las instalaciones de alojamiento y extrahoteleras.<\/strong><\/p>\n<p>Asisten tambi\u00e9n a la Bolsa Tur\u00edstica Destinos Gaviota 2021 los titulares cubanos de Salud P\u00fablica, Jos\u00e9 \u00c1ngel Portal Miranda; de Transporte, Eduardo Rodr\u00edguez \u00c1vila; de Agricultura, Ydael P\u00e9rez Brito; y de Industrias, Eloy \u00c1lvarez Mart\u00ednez.<\/p>\n<p><strong>(Con informaci\u00f3n de ACN)<\/strong><\/p>\n<\/p><\/div>\n\n<p><em> &#8221; Fuentes www.cubadebate.cu &#8221; <\/em><\/p>\n","protected":false},"excerpt":{"rendered":"<p>Asiste primer ministro cubano a Destinos Gaviota 2021. Manuel Marrero Cruz, primer ministro de Cuba, asiste a la III Bolsa Tur\u00edstica Destinos Gaviota 2021, encuentro dedicado en esta ocasi\u00f3n a los eventos y la experiencia del grupo en la organizaci\u00f3n de los mismos. La cita, que se desarrollar\u00e1 hasta el 12 de diciembre, confirma la [&hellip;]<\/p>\n","protected":false},"author":4,"featured_media":244694,"comment_status":"open","ping_status":"closed","sticky":false,"template":"","format":"standard","meta":{"om_disable_all_campaigns":false,"jnews-multi-image_gallery":[],"jnews_single_post":[],"jnews_primary_category":[],"jnews_social_meta":[],"footnotes":""},"categories":[39],"tags":[715,705],"class_list":["post-244693","post","type-post","status-publish","format-standard","has-post-thumbnail","hentry","category-viajes","tag-economia","tag-noticias"],"_links":{"self":[{"href":"https:\/\/dimensionturistica.com\/es\/wp-json\/wp\/v2\/posts\/244693","targetHints":{"allow":["GET"]}}],"collection":[{"href":"https:\/\/dimensionturistica.com\/es\/wp-json\/wp\/v2\/posts"}],"about":[{"href":"https:\/\/dimensionturistica.com\/es\/wp-json\/wp\/v2\/types\/post"}],"author":[{"embeddable":true,"href":"https:\/\/dimensionturistica.com\/es\/wp-json\/wp\/v2\/users\/4"}],"replies":[{"embeddable":true,"href":"https:\/\/dimensionturistica.com\/es\/wp-json\/wp\/v2\/comments?post=244693"}],"version-history":[{"count":0,"href":"https:\/\/dimensionturistica.com\/es\/wp-json\/wp\/v2\/posts\/244693\/revisions"}],"wp:featuredmedia":[{"embeddable":true,"href":"https:\/\/dimensionturistica.com\/es\/wp-json\/wp\/v2\/media\/244694"}],"wp:attachment":[{"href":"https:\/\/dimensionturistica.com\/es\/wp-json\/wp\/v2\/media?parent=244693"}],"wp:term":[{"taxonomy":"category","embeddable":true,"href":"https:\/\/dimensionturistica.com\/es\/wp-json\/wp\/v2\/categories?post=244693"},{"taxonomy":"post_tag","embeddable":true,"href":"https:\/\/dimensionturistica.com\/es\/wp-json\/wp\/v2\/tags?post=244693"}],"curies":[{"name":"wp","href":"https:\/\/api.w.org\/{rel}","templated":true}]}}