{"id":244642,"date":"2021-12-16T11:19:37","date_gmt":"2021-12-16T11:19:37","guid":{"rendered":"https:\/\/dimensionturistica.com\/es\/?p=244642"},"modified":"2021-12-16T11:19:37","modified_gmt":"2021-12-16T11:19:37","slug":"el-batel-acoge-este-fin-de-semana-la-feria-cartagena-te-lleva-de-crucero","status":"publish","type":"post","link":"https:\/\/dimensionturistica.com\/es\/el-batel-acoge-este-fin-de-semana-la-feria-cartagena-te-lleva-de-crucero\/","title":{"rendered":"El Batel acoge este fin de semana la feria &#8216;Cartagena te lleva de crucero&#8217;"},"content":{"rendered":"<p> <br \/>\n<\/p>\n<div>\n<p>\u2018Cartagena te lleva de crucero\u2019, es el lema de la feria que se celebrar\u00e1 en el Auditorio El Batel del 17 al 19 de diciembre, organizado por la Autoridad Portuaria, Ayuntamiento de Cartagena y la Comunidad Aut\u00f3noma de la Regi\u00f3n de Murcia, con la colaboraci\u00f3n de CruiseNews Media Group (grupo de comunicaci\u00f3n especializado en el sector cruceros).<\/p>\n<p>El evento persigue dos objetivos. Por un lado, promocionar a Cartagena como destino preferente de cruceros en el Mediterr\u00e1neo junto a las navieras; y, por otro lado, crear un espacio informativo para acercar a los ciudadanos la mayor oferta de cruceros internacionales con los mejores barcos, todos los destinos y ofertas incre\u00edbles para planificar las vacaciones.<\/p>\n<p>La feria estar\u00e1 abierta gratuitamente a todo el p\u00fablico. Los asistentes podr\u00e1n participar en el sorteo de cruceros (uno cada d\u00eda) y podr\u00e1n obtener descuentos para su pr\u00f3ximo crucero. Tambi\u00e9n habr\u00e1 regalos para todos los asistentes.<\/p>\n<p>El horario del evento comenzar\u00e1 el viernes, 17 de diciembre, en horario de 16 a 19 horas y continuar\u00e1 el s\u00e1bado 18, de 10.30 a 14 horas y de 16 a 19 horas, para finalizar el domingo 19, de 10.30 horas a 14 horas.<\/p>\n<\/p><\/div>\n\n<p><em> &#8221; Fuentes www.hosteltur.com &#8221; <\/em><\/p>\n","protected":false},"excerpt":{"rendered":"<p>\u2018Cartagena te lleva de crucero\u2019, es el lema de la feria que se celebrar\u00e1 en el Auditorio El Batel del 17 al 19 de diciembre, organizado por la Autoridad Portuaria, Ayuntamiento de Cartagena y la Comunidad Aut\u00f3noma de la Regi\u00f3n de Murcia, con la colaboraci\u00f3n de CruiseNews Media Group (grupo de comunicaci\u00f3n especializado en el [&hellip;]<\/p>\n","protected":false},"author":4,"featured_media":237672,"comment_status":"open","ping_status":"closed","sticky":false,"template":"","format":"standard","meta":{"om_disable_all_campaigns":false,"jnews-multi-image_gallery":[],"jnews_single_post":[],"jnews_primary_category":[],"jnews_social_meta":[],"footnotes":""},"categories":[41],"tags":[1555],"class_list":["post-244642","post","type-post","status-publish","format-standard","has-post-thumbnail","hentry","category-cruceros","tag-transportes"],"_links":{"self":[{"href":"https:\/\/dimensionturistica.com\/es\/wp-json\/wp\/v2\/posts\/244642","targetHints":{"allow":["GET"]}}],"collection":[{"href":"https:\/\/dimensionturistica.com\/es\/wp-json\/wp\/v2\/posts"}],"about":[{"href":"https:\/\/dimensionturistica.com\/es\/wp-json\/wp\/v2\/types\/post"}],"author":[{"embeddable":true,"href":"https:\/\/dimensionturistica.com\/es\/wp-json\/wp\/v2\/users\/4"}],"replies":[{"embeddable":true,"href":"https:\/\/dimensionturistica.com\/es\/wp-json\/wp\/v2\/comments?post=244642"}],"version-history":[{"count":0,"href":"https:\/\/dimensionturistica.com\/es\/wp-json\/wp\/v2\/posts\/244642\/revisions"}],"wp:featuredmedia":[{"embeddable":true,"href":"https:\/\/dimensionturistica.com\/es\/wp-json\/wp\/v2\/media\/237672"}],"wp:attachment":[{"href":"https:\/\/dimensionturistica.com\/es\/wp-json\/wp\/v2\/media?parent=244642"}],"wp:term":[{"taxonomy":"category","embeddable":true,"href":"https:\/\/dimensionturistica.com\/es\/wp-json\/wp\/v2\/categories?post=244642"},{"taxonomy":"post_tag","embeddable":true,"href":"https:\/\/dimensionturistica.com\/es\/wp-json\/wp\/v2\/tags?post=244642"}],"curies":[{"name":"wp","href":"https:\/\/api.w.org\/{rel}","templated":true}]}}