{"id":244069,"date":"2021-12-15T11:20:36","date_gmt":"2021-12-15T11:20:36","guid":{"rendered":"https:\/\/dimensionturistica.com\/es\/?p=244069"},"modified":"2021-12-15T11:20:37","modified_gmt":"2021-12-15T11:20:37","slug":"abre-sus-puertas-feria-internacional-de-turismo-de-venezuela","status":"publish","type":"post","link":"https:\/\/dimensionturistica.com\/es\/abre-sus-puertas-feria-internacional-de-turismo-de-venezuela\/","title":{"rendered":"Abre sus puertas Feria Internacional de Turismo de Venezuela"},"content":{"rendered":"<p> <br \/>\n<\/p>\n<div data-id=\"44014e52\" data-element_type=\"widget\" data-widget_type=\"theme-post-excerpt.default\">\n<p>\n\t\t\tCaracas, 14 dic (Prensa Latina) La Feria Internacional de Turismo de Venezuela Fitven 2021 abri\u00f3 hoy sus puertas en el estado de La Guaira, con la participaci\u00f3n de autoridades y empresarios del sector procedentes de 16 pa\u00edses del mundo.\t\t<\/p>\n<\/p><\/div>\n<div data-id=\"560e1f7e\" data-element_type=\"widget\" data-widget_type=\"theme-post-content.default\">\n<div class=\"elementor-widget-container\">\n<p>   Al intervenir en la inauguraci\u00f3n del evento, el ministro venezolano de Turismo, Al\u00ed Padr\u00f3n, hizo \u00e9nfasis en el objetivo de afianzar alianzas para el desarrollo de la industria del ocio, adem\u00e1s de promover las potencialidades de la naci\u00f3n sudamericana como una tierra de diversidades y multidestino.<\/p>\n<p>   El titular precis\u00f3 que Fitven 2021 reuni\u00f3 a representantes de 125 empresas, aerol\u00edneas, turoperadores, prestadores de servicios y otras \u00e1reas vinculadas a la actividad tur\u00edstica.<\/p>\n<p>   Delegados de Cuba, Nicaragua, Sud\u00e1frica, Indonesia, Ir\u00e1n y Rusia participan en la cita en calidad de pa\u00edses invitados de honor, en tanto figuran adem\u00e1s exposiciones relativas a Nigeria, Angola, Etiop\u00eda, Guinea Bissau, Mali, Sud\u00e1frica, Belice, Curazao, India y Palestina.<\/p>\n<p>   La Feria Internacional del Turismo de Venezuela en su edici\u00f3n 14 ofrecer\u00e1 conferencias y seminarios sobre la situaci\u00f3n y perspectivas de esta actividad econ\u00f3mica a nivel mundial.    <\/p>\n<p>   A su vez, el vicepresidente de Econom\u00eda Tarek El Aissami destac\u00f3 las potencialidades de la naci\u00f3n sudamericana para desarrollar la industria tur\u00edstica, la cual forma parte de la agenda estrat\u00e9gica dise\u00f1ada por el Ejecutivo bolivariano para potenciar la recuperaci\u00f3n productiva del pa\u00eds.<\/p>\n<p>   Fitven 2021 se extender\u00e1 hasta el 16 de diciembre, con una programaci\u00f3n de simposios y conferencias relacionadas con estrategias de negocios, presentaci\u00f3n de destinos tur\u00edsticos y turismo de bienestar, entre otras actividades.<\/p>\n<p>msm\/wup<\/p>\n<\/p><\/div><\/div>\n\n<p><em> &#8221; Fuentes www.prensa-latina.cu &#8221; <\/em><\/p>\n","protected":false},"excerpt":{"rendered":"<p>Caracas, 14 dic (Prensa Latina) La Feria Internacional de Turismo de Venezuela Fitven 2021 abri\u00f3 hoy sus puertas en el estado de La Guaira, con la participaci\u00f3n de autoridades y empresarios del sector procedentes de 16 pa\u00edses del mundo. Al intervenir en la inauguraci\u00f3n del evento, el ministro venezolano de Turismo, Al\u00ed Padr\u00f3n, hizo \u00e9nfasis [&hellip;]<\/p>\n","protected":false},"author":4,"featured_media":244070,"comment_status":"open","ping_status":"closed","sticky":false,"template":"","format":"standard","meta":{"om_disable_all_campaigns":false,"jnews-multi-image_gallery":[],"jnews_single_post":[],"jnews_primary_category":[],"jnews_social_meta":[],"footnotes":""},"categories":[40],"tags":[715,37473,35201,37474],"class_list":["post-244069","post","type-post","status-publish","format-standard","has-post-thumbnail","hentry","category-industria","tag-economia","tag-fitven2021","tag-nota-informativa","tag-venezuelaturismo"],"_links":{"self":[{"href":"https:\/\/dimensionturistica.com\/es\/wp-json\/wp\/v2\/posts\/244069","targetHints":{"allow":["GET"]}}],"collection":[{"href":"https:\/\/dimensionturistica.com\/es\/wp-json\/wp\/v2\/posts"}],"about":[{"href":"https:\/\/dimensionturistica.com\/es\/wp-json\/wp\/v2\/types\/post"}],"author":[{"embeddable":true,"href":"https:\/\/dimensionturistica.com\/es\/wp-json\/wp\/v2\/users\/4"}],"replies":[{"embeddable":true,"href":"https:\/\/dimensionturistica.com\/es\/wp-json\/wp\/v2\/comments?post=244069"}],"version-history":[{"count":0,"href":"https:\/\/dimensionturistica.com\/es\/wp-json\/wp\/v2\/posts\/244069\/revisions"}],"wp:featuredmedia":[{"embeddable":true,"href":"https:\/\/dimensionturistica.com\/es\/wp-json\/wp\/v2\/media\/244070"}],"wp:attachment":[{"href":"https:\/\/dimensionturistica.com\/es\/wp-json\/wp\/v2\/media?parent=244069"}],"wp:term":[{"taxonomy":"category","embeddable":true,"href":"https:\/\/dimensionturistica.com\/es\/wp-json\/wp\/v2\/categories?post=244069"},{"taxonomy":"post_tag","embeddable":true,"href":"https:\/\/dimensionturistica.com\/es\/wp-json\/wp\/v2\/tags?post=244069"}],"curies":[{"name":"wp","href":"https:\/\/api.w.org\/{rel}","templated":true}]}}