{"id":243281,"date":"2021-12-14T05:09:31","date_gmt":"2021-12-14T05:09:31","guid":{"rendered":"https:\/\/dimensionturistica.com\/es\/?p=243281"},"modified":"2021-12-14T05:09:31","modified_gmt":"2021-12-14T05:09:31","slug":"querian-que-sus-hijos-comieran-meriendas-saludables-y-crearon-nunu-foods-que-ofrece-barritas-de-nueces-y-frutas","status":"publish","type":"post","link":"https:\/\/dimensionturistica.com\/es\/querian-que-sus-hijos-comieran-meriendas-saludables-y-crearon-nunu-foods-que-ofrece-barritas-de-nueces-y-frutas\/","title":{"rendered":"Quer\u00edan que sus hijos comieran meriendas saludables y crearon \u2018Nunu Foods\u2019, que ofrece barritas de nueces y frutas"},"content":{"rendered":"<p> <br \/>\n<\/p>\n<div id=\"\">\n<p class=\"default__StyledText-xb1qmn-0 ijHMpO body-paragraph\">Cuando sus hijos ingresaron a la escuela y a preparatoria, Melissa Chac\u00f3n se preocup\u00f3 por brindarles opciones saludables de alimentaci\u00f3n.<\/p>\n<p class=\"default__StyledText-xb1qmn-0 ijHMpO body-paragraph\">Quer\u00eda buscar meriendas que tuvieran los nutrientes necesarios, sin az\u00facares ni preservantes, pues las consumir\u00edan cinco d\u00edas a la semana durante los recreos.<\/p>\n<p class=\"default__StyledText-xb1qmn-0 ijHMpO body-paragraph\">La madre de familia, quien en ese entonces period profesora de yoga, empez\u00f3 a investigar qu\u00e9 period bueno para los ni\u00f1os y profundiz\u00f3 en los beneficios del omega tres, potasio y magnesio, presente en el mara\u00f1\u00f3n y las nueces.<\/p>\n<p class=\"interstitial-link block-margin-bottom\"><span>[\u00a0<\/span><a target=\"_blank\" href=\"https:\/\/www.elfinancierocr.com\/pymes\/historias\/junto-a-sus-hijas-una-fotografa-fundo\/YC3L2IXVIRBM3IQHMG3TY3GIM4\/story\/\" aria-label=\"Abrir historia relacionada\" class=\"default__StyledLink-xb1qmn-1 gDOlEw\" rel=\"noopener\">Junto a sus hijas, una fot\u00f3grafa fund\u00f3 chocolater\u00eda artesanal que hoy vende en ferias y macrobi\u00f3ticas<\/a><span>\u00a0]<\/span><\/p>\n<p class=\"default__StyledText-xb1qmn-0 ijHMpO body-paragraph\">Melissa mezcl\u00f3 diversos sabores y as\u00ed fue que logr\u00f3 preparar varias barritas nutricionales, hechas de semillas y de frutas deshidratadas.<\/p>\n<p class=\"default__StyledText-xb1qmn-0 ijHMpO body-paragraph\">En el proceso, recibi\u00f3 el apoyo de su pareja Marek Adamski, quien como gerente del Caf\u00e9 Kracovia pose\u00eda experiencia en el mundo de los alimentos.<\/p>\n<figure class=\"article-body-image-container\"><picture class=\"Image__StyledPicture-sc-8yioqf-0 dRTDJJ\"><source srcset=\"https:\/\/www.elfinancierocr.com\/resizer\/2A0xVvRAyEmZHBxd2gQPQvkuruw=\/1440x0\/filters:format(jpg):quality(70)\/cloudfront-us-east-1.images.arcpublishing.com\/gruponacion\/UD36A3JF3ZDRFJKW5IBLRUERWY.jpg\" media=\"screen and (min-width: 992px)\"\/><source srcset=\"https:\/\/www.elfinancierocr.com\/resizer\/gPx_qE9ZXqjgLTzbDRNXpeVdfRo=\/1024x0\/filters:format(jpg):quality(70)\/cloudfront-us-east-1.images.arcpublishing.com\/gruponacion\/UD36A3JF3ZDRFJKW5IBLRUERWY.jpg\" media=\"screen and (min-width: 768px)\"\/><source srcset=\"https:\/\/www.elfinancierocr.com\/resizer\/lFywIuL1f7NY-bndbHUSDhdkVvk=\/768x0\/filters:format(jpg):quality(70)\/cloudfront-us-east-1.images.arcpublishing.com\/gruponacion\/UD36A3JF3ZDRFJKW5IBLRUERWY.jpg\" media=\"screen and (min-width: 0px)\"\/><img decoding=\"async\" src=\"https:\/\/www.elfinancierocr.com\/resizer\/2A0xVvRAyEmZHBxd2gQPQvkuruw=\/1440x0\/filters:format(jpg):quality(70)\/cloudfront-us-east-1.images.arcpublishing.com\/gruponacion\/UD36A3JF3ZDRFJKW5IBLRUERWY.jpg\" width=\"1440\" height=\"0\" loading=\"lazy\"\/><\/picture><figcaption>\n<p class=\"ImageMetadata__MetadataParagraph-sc-1gn0vty-0 cRCSdq image-metadata\"><span class=\"title\">Nunu Meals <\/span><span>Seg\u00fan la empresa, los ingredientes de sus alimentos provienen de las cosechas de agricultores nacionales org\u00e1nicos de peque\u00f1a escala. Ofrecen presentaciones de 15 barritas y de cinco. (Foto: Nunu Meals para EF). <\/span><\/p>\n<\/figcaption><\/figure>\n<p class=\"default__StyledText-xb1qmn-0 ijHMpO body-paragraph\">Las barritas fueron bastante gustadas. <\/p>\n<p class=\"default__StyledText-xb1qmn-0 ijHMpO body-paragraph\">Sus hijos incluso les ped\u00edan para llevarles a sus compa\u00f1eros, lo que los hizo ver que pod\u00edan ser lanzadas al mercado y crear un negocio de ello. <\/p>\n<p class=\"default__StyledText-xb1qmn-0 ijHMpO body-paragraph\">Lo bautizaron como <a target=\"_blank\" href=\"https:\/\/www.facebook.com\/NunuFoods\/\" rel=\"noopener\">Nunu Foods<\/a>.<\/p>\n<p class=\"default__StyledText-xb1qmn-0 ijHMpO body-paragraph\">En agosto del 2012 surgi\u00f3 la oportunidad de participar en una feria de yoga en la que por primera vez vender\u00edan sus productos.<\/p>\n<p class=\"default__StyledText-xb1qmn-0 ijHMpO body-paragraph\">Melissa recuerda que la noche anterior sus amigos les ayudaron a empacar y etiquetar los productos y fue una experiencia muy \u201cbonita\u201d el contar con tanto apoyo.<\/p>\n<p class=\"default__StyledText-xb1qmn-0 ijHMpO body-paragraph\">A partir de all\u00ed, tomaron parte en otros eventos y empezaron a crecer.<\/p>\n<p class=\"interstitial-link block-margin-bottom\"><span>[\u00a0<\/span><a target=\"_blank\" href=\"https:\/\/www.elfinancierocr.com\/pymes\/quiere-tener-una-pyme-pet-friendly-cuatro\/7JDFPQ2YVZA3PLFY2HFGYUCYMM\/story\/\" aria-label=\"Abrir historia relacionada\" class=\"default__StyledLink-xb1qmn-1 gDOlEw\" rel=\"noopener\">\u00bfQuiere tener una pyme \u2018pet friendly\u2019? Cuatro consejos para alcanzarlo<\/a><span>\u00a0]<\/span><\/p>\n<p class=\"default__StyledText-xb1qmn-0 ijHMpO body-paragraph\">Actualmente, la empresa cuenta con una peque\u00f1a f\u00e1brica en San Pedro de Montes de Oca y han creado seis barritas. <\/p>\n<p class=\"default__StyledText-xb1qmn-0 ijHMpO body-paragraph\">Dentro de ellas est\u00e1n Cacao Todopoderoso, Pastel de Manzana, Coco Lim\u00f3n, Frutos del Bosque, Frutos del Para\u00edso y Nunu Bites.<\/p>\n<figure class=\"article-body-image-container\"><picture class=\"Image__StyledPicture-sc-8yioqf-0 dRTDJJ\"><source srcset=\"https:\/\/www.elfinancierocr.com\/resizer\/3PHbUZTH5ofS6_kTq_EIT4ewHSw=\/1440x0\/filters:format(jpg):quality(70)\/cloudfront-us-east-1.images.arcpublishing.com\/gruponacion\/DDI4TGHB4BFHPDDCNYJ43N66EI.jpg\" media=\"screen and (min-width: 992px)\"\/><source srcset=\"https:\/\/www.elfinancierocr.com\/resizer\/KvmM1iB9RQ860VtmqEB_OWxqeRY=\/1024x0\/filters:format(jpg):quality(70)\/cloudfront-us-east-1.images.arcpublishing.com\/gruponacion\/DDI4TGHB4BFHPDDCNYJ43N66EI.jpg\" media=\"screen and (min-width: 768px)\"\/><source srcset=\"https:\/\/www.elfinancierocr.com\/resizer\/f5lADpkPqw54IWDGcrVaBsYMNSM=\/768x0\/filters:format(jpg):quality(70)\/cloudfront-us-east-1.images.arcpublishing.com\/gruponacion\/DDI4TGHB4BFHPDDCNYJ43N66EI.jpg\" media=\"screen and (min-width: 0px)\"\/><img decoding=\"async\" src=\"https:\/\/www.elfinancierocr.com\/resizer\/3PHbUZTH5ofS6_kTq_EIT4ewHSw=\/1440x0\/filters:format(jpg):quality(70)\/cloudfront-us-east-1.images.arcpublishing.com\/gruponacion\/DDI4TGHB4BFHPDDCNYJ43N66EI.jpg\" width=\"1440\" height=\"0\" loading=\"lazy\"\/><\/picture><figcaption>\n<p class=\"ImageMetadata__MetadataParagraph-sc-1gn0vty-0 cRCSdq image-metadata\"><span class=\"title\">Foto <\/span><span>Los hermanos \u00c1lvaro y Melissa Chac\u00f3n Cruz y Marek Adamski Mora encabezan la pyme. (Nunu Meals para EF). <\/span><\/p>\n<\/figcaption><\/figure>\n<p class=\"default__StyledText-xb1qmn-0 ijHMpO body-paragraph\">En su elaboraci\u00f3n, emplean ingredientes org\u00e1nicos, dentro de ellos frutas deshidratadas y cacao. No utilizan az\u00facar ni aditivos.<\/p>\n<p class=\"default__StyledText-xb1qmn-0 ijHMpO body-paragraph\">Algunas de las barras tienen semillas de mara\u00f1\u00f3n, pasas, man\u00ed y coco.<\/p>\n<p class=\"default__StyledText-xb1qmn-0 ijHMpO body-paragraph\">Tambi\u00e9n lanzaron chips de kale, que tienen kale org\u00e1nico, tamari org\u00e1nico, semilla de mara\u00f1\u00f3n, semillas de girasol y lim\u00f3n org\u00e1nico, entre otros ingredientes.<\/p>\n<p class=\"default__StyledText-xb1qmn-0 ijHMpO body-paragraph\">La pyme hoy vende sus productos en m\u00e1s de 60 puntos del pa\u00eds, dentro de ellos la Feria Verde de Aranjuez, mercados org\u00e1nicos, gimnasios como MultiSpa, en la tienda de Caf\u00e9 Britt en el Aeropuerto Juan Santamar\u00eda y en restaurantes como La Oliva Verde y La Cuchara Verde.<\/p>\n<p class=\"interstitial-link block-margin-bottom\"><span>[\u00a0<\/span><a target=\"_blank\" href=\"https:\/\/www.elfinancierocr.com\/pymes\/su-mipyme-ofrece-productos-artesanales-y\/WZHEO6CBWBFHZDJJANDLUBVERQ\/story\/\" aria-label=\"Abrir historia relacionada\" class=\"default__StyledLink-xb1qmn-1 gDOlEw\" rel=\"noopener\">\u00bfSu mipyme ofrece productos artesanales y saludables? Lea c\u00f3mo obtener nuevo \u2018Sello Verde\u2019<\/a><span>\u00a0]<\/span><\/p>\n<p class=\"default__StyledText-xb1qmn-0 ijHMpO body-paragraph\">A inicios del a\u00f1o anterior ingresaron al Contemporary Market y pr\u00f3ximamente sus productos podr\u00e1n adquirirse en Auto Mercado.<\/p>\n<p class=\"default__StyledText-xb1qmn-0 ijHMpO body-paragraph\">Hace dos a\u00f1os, a la empresa se uni\u00f3 el hermano de Melissa, \u00c1lvaro Chac\u00f3n, quien vive en Los \u00c1ngeles (Estados Unidos) y los motiv\u00f3 a expandir el negocio hacia ese pa\u00eds.<\/p>\n<p class=\"default__StyledText-xb1qmn-0 ijHMpO body-paragraph\">Desde el a\u00f1o pasado venden sus barritas a ese mercado por medio de Amazon.<\/p>\n<figure class=\"article-body-image-container\"><picture class=\"Image__StyledPicture-sc-8yioqf-0 dRTDJJ\"><source srcset=\"https:\/\/www.elfinancierocr.com\/resizer\/_GuXeiQksTakzItdBd4VM7bP-HA=\/1440x0\/filters:format(jpg):quality(70)\/cloudfront-us-east-1.images.arcpublishing.com\/gruponacion\/STCPDMOP4BBZLERANGQY6MNN5A.jpg\" media=\"screen and (min-width: 992px)\"\/><source srcset=\"https:\/\/www.elfinancierocr.com\/resizer\/AObL_IrVzSLA40mINEpMdm5Rwmg=\/1024x0\/filters:format(jpg):quality(70)\/cloudfront-us-east-1.images.arcpublishing.com\/gruponacion\/STCPDMOP4BBZLERANGQY6MNN5A.jpg\" media=\"screen and (min-width: 768px)\"\/><source srcset=\"https:\/\/www.elfinancierocr.com\/resizer\/MK2B3N3gzzPOVZbVuXfArxvkl8Y=\/768x0\/filters:format(jpg):quality(70)\/cloudfront-us-east-1.images.arcpublishing.com\/gruponacion\/STCPDMOP4BBZLERANGQY6MNN5A.jpg\" media=\"screen and (min-width: 0px)\"\/><img decoding=\"async\" src=\"https:\/\/www.elfinancierocr.com\/resizer\/_GuXeiQksTakzItdBd4VM7bP-HA=\/1440x0\/filters:format(jpg):quality(70)\/cloudfront-us-east-1.images.arcpublishing.com\/gruponacion\/STCPDMOP4BBZLERANGQY6MNN5A.jpg\" width=\"1440\" height=\"0\" loading=\"lazy\"\/><\/picture><figcaption>\n<p class=\"ImageMetadata__MetadataParagraph-sc-1gn0vty-0 cRCSdq image-metadata\"><span class=\"title\">Kale <\/span><span>Los &#8220;kale chips&#8221; poseen kale org\u00e1nico, tamari org\u00e1nico, semillas de mara\u00f1\u00f3n y de girasol y lim\u00f3n org\u00e1nico, entre otros ingredientes. (Foto: Nunu Meals para EF). <\/span><\/p>\n<\/figcaption><\/figure>\n<p class=\"default__StyledText-xb1qmn-0 ijHMpO body-paragraph\">La pyme espera consolidarse a\u00fan m\u00e1s en Costa Rica, lanzar nuevos sabores y fortalecer su presencia en Estados Unidos.<\/p>\n<p class=\"default__StyledText-xb1qmn-0 ijHMpO body-paragraph\">En febrero, sus productos se podr\u00e1n adquirir en l\u00ednea en su <a target=\"_blank\" href=\"https:\/\/www.nunufoods.com\/\" rel=\"noopener\">sitio web<\/a>.<\/p>\n<p class=\"default__StyledText-xb1qmn-0 ijHMpO body-paragraph\">A finales del a\u00f1o pasado, Nunu Meals obtuvo el Sello Verde \u201clo mejor disponible\u201d, que otorga la Asociaci\u00f3n Amantes de lo Org\u00e1nico (Aamor).<\/p>\n<p class=\"default__StyledText-xb1qmn-0 ijHMpO body-paragraph\">Esta distinci\u00f3n da fe de que el proceso productivo es sostenible ambientalmente y que se respetan las garant\u00edas laborales, entre otros aspectos.<\/p>\n<\/div>\n\n<p><em> \u2018 The preceding article may include information circulated by third parties \u2019 <\/em><\/p>\n<p><em> \u2018 Some details of this article were extracted from the following source www.elfinancierocr.com \u2019 <\/em><\/p>\n","protected":false},"excerpt":{"rendered":"<p>Cuando sus hijos ingresaron a la escuela y a preparatoria, Melissa Chac\u00f3n se preocup\u00f3 por brindarles opciones saludables de alimentaci\u00f3n. Quer\u00eda buscar meriendas que tuvieran los nutrientes necesarios, sin az\u00facares ni preservantes, pues las consumir\u00edan cinco d\u00edas a la semana durante los recreos. La madre de familia, quien en ese entonces period profesora de yoga, [&hellip;]<\/p>\n","protected":false},"author":2,"featured_media":243282,"comment_status":"open","ping_status":"closed","sticky":false,"template":"","format":"standard","meta":{"om_disable_all_campaigns":false,"jnews-multi-image_gallery":[],"jnews_single_post":[],"jnews_primary_category":[],"jnews_social_meta":[],"footnotes":""},"categories":[43],"tags":[],"class_list":["post-243281","post","type-post","status-publish","format-standard","has-post-thumbnail","hentry","category-gourmet"],"_links":{"self":[{"href":"https:\/\/dimensionturistica.com\/es\/wp-json\/wp\/v2\/posts\/243281","targetHints":{"allow":["GET"]}}],"collection":[{"href":"https:\/\/dimensionturistica.com\/es\/wp-json\/wp\/v2\/posts"}],"about":[{"href":"https:\/\/dimensionturistica.com\/es\/wp-json\/wp\/v2\/types\/post"}],"author":[{"embeddable":true,"href":"https:\/\/dimensionturistica.com\/es\/wp-json\/wp\/v2\/users\/2"}],"replies":[{"embeddable":true,"href":"https:\/\/dimensionturistica.com\/es\/wp-json\/wp\/v2\/comments?post=243281"}],"version-history":[{"count":0,"href":"https:\/\/dimensionturistica.com\/es\/wp-json\/wp\/v2\/posts\/243281\/revisions"}],"wp:featuredmedia":[{"embeddable":true,"href":"https:\/\/dimensionturistica.com\/es\/wp-json\/wp\/v2\/media\/243282"}],"wp:attachment":[{"href":"https:\/\/dimensionturistica.com\/es\/wp-json\/wp\/v2\/media?parent=243281"}],"wp:term":[{"taxonomy":"category","embeddable":true,"href":"https:\/\/dimensionturistica.com\/es\/wp-json\/wp\/v2\/categories?post=243281"},{"taxonomy":"post_tag","embeddable":true,"href":"https:\/\/dimensionturistica.com\/es\/wp-json\/wp\/v2\/tags?post=243281"}],"curies":[{"name":"wp","href":"https:\/\/api.w.org\/{rel}","templated":true}]}}