{"id":243185,"date":"2021-12-13T21:41:08","date_gmt":"2021-12-13T21:41:08","guid":{"rendered":"https:\/\/dimensionturistica.com\/es\/?p=243185"},"modified":"2021-12-13T21:41:09","modified_gmt":"2021-12-13T21:41:09","slug":"previaje-el-gobierno-quiere-extenderlo-por-tres-anos","status":"publish","type":"post","link":"https:\/\/dimensionturistica.com\/es\/previaje-el-gobierno-quiere-extenderlo-por-tres-anos\/","title":{"rendered":"Previaje: el Gobierno quiere extenderlo por tres a\u00f1os"},"content":{"rendered":"<p> <br \/>\n<\/p>\n<div>\n<p class=\"paragraph\">\u201cQue el<a rel=\"nofollow noopener\" target=\"_blank\" href=\"https:\/\/tn.com.ar\/economia\/2021\/08\/13\/previaje-2-como-acceder-desde-cuando-se-puede-usar-y-cuales-son-los-beneficios\/\"><b> Previaje<\/b><\/a> sea una pol\u00edtica de estado\u201d. Ese es el objetivo del Gobierno que plante\u00f3 el ministro de Turismo <b>Mat\u00edas Lammens<\/b> en una reuni\u00f3n con representantes del sector. La concept es que<b> el programa se extienda por tres a\u00f1os <\/b>para aumentar la participaci\u00f3n del <a rel=\"nofollow noopener\" target=\"_blank\" href=\"https:\/\/tn.com.ar\/politica\/2021\/12\/10\/el-gobierno-ratifico-que-no-habra-cierres-de-fronteras-durante-la-temporada-de-verano-pese-al-avance-de-la-variante-omicron\/\"><b>Turismo <\/b><\/a>en el PBI (actualmente es del 9%). Para ello, se enviar\u00e1 una ley al Congreso.<\/p>\n<p class=\"paragraph\">Esta ley, que se presentar\u00e1 el a\u00f1o que viene, incluir\u00e1 tambi\u00e9n la reducci\u00f3n de contribuciones patronales para nuevos empleos, el fomento a las contrataciones a sectores vulnerables, un bono fiscal para proyectos de inversi\u00f3n, el acceso al Mercado \u00danico y Libre de Cambios (MULC) y beneficios para atraer el turismo receptivo, entre otras medidas.<\/p>\n<p class=\"paragraph\"><i><b>Le\u00e9 tambi\u00e9n. <\/b><\/i><a rel=\"nofollow noopener\" target=\"_blank\" href=\"https:\/\/tn.com.ar\/general\/2021\/10\/27\/con-mas-de-un-millon-y-medio-de-turistas-previaje-promete-un-verano-con-mucho-movimiento\/\"><i><b>Con m\u00e1s de un mill\u00f3n y medio de turistas, PreViaje promete un verano con mucho movimiento <\/b><\/i><\/a><\/p>\n<p class=\"paragraph\">Lammens, y el secretario de Asuntos Estrat\u00e9gicos de la Naci\u00f3n, Gustavo Beliz, se reunieron con representantes del sector privado durante un encuentro de<b>l Consejo Econ\u00f3mico y Social en la C\u00e1mara Argentina de Comercio y Servicios (CAC). <\/b>All\u00ed llevaron estas novedades.<\/p>\n<figure class=\"\">\n<div class=\"aspect_ratio__container\" style=\"--aspect-ratio:1500\/1500\"><picture class=\"responsive-image\"><source type=\"image\/jpg\" media=\"(max-width: 728px)\" srcset=\"https:\/\/tn.com.ar\/resizer\/ELLeqQFPXl8oqkFl9gItRX2kenw=\/767x0\/smart\/filters:quality(60)\/cloudfront-us-east-1.images.arcpublishing.com\/artear\/RGOCIW2UWNF2NMPUJJQ7IATRGY.jpg\"\/><source type=\"image\/jpg\" media=\"(max-width: 1023px)\" srcset=\"https:\/\/tn.com.ar\/resizer\/a0sDPROhheDxxClh4cXh5Brpwa0=\/1023x0\/smart\/filters:quality(60)\/cloudfront-us-east-1.images.arcpublishing.com\/artear\/RGOCIW2UWNF2NMPUJJQ7IATRGY.jpg\"\/><source type=\"image\/jpg\" srcset=\"https:\/\/tn.com.ar\/resizer\/mPk7GvP5z3JB3bSXEIHS79wdpQw=\/1440x0\/smart\/filters:quality(60)\/cloudfront-us-east-1.images.arcpublishing.com\/artear\/RGOCIW2UWNF2NMPUJJQ7IATRGY.jpg\"\/><img decoding=\"async\" loading=\"lazy\" class=\"margin_bottom image flex flex_column image_placeholder\" alt=\"El Gobierno quiere extender el Previaje por tres a&#xF1;os\" src=\"https:\/\/tn.com.ar\/resizer\/ELLeqQFPXl8oqkFl9gItRX2kenw=\/767x0\/smart\/filters:quality(60)\/cloudfront-us-east-1.images.arcpublishing.com\/artear\/RGOCIW2UWNF2NMPUJJQ7IATRGY.jpg\"\/><\/picture><\/div><figcaption class=\"flex flex_column margin_top-xxs caption_image\"\/><\/figure>\n<p class=\"paragraph\">\u201cEs fundamental contar con una nueva legislaci\u00f3n que brinde previsibilidad para atraer inversiones en un sector que ser\u00e1 estrat\u00e9gico en esta <b>etapa de reactivaci\u00f3n pospandemia.<\/b> Buscamos generar un gran consenso con gobernadores y representantes de la industria para avanzar en esta ley tan importante para el futuro\u201d, dijo Lammens.<\/p>\n<h2 class=\"font--primary\">Qu\u00e9 es el Previaje<\/h2>\n<p class=\"paragraph\">Es un plan de incentivos para la <b>contrataci\u00f3n anticipada<\/b> de servicios tur\u00edsticos nacionales que genera un <b>cr\u00e9dito equivalente al 50% de lo gastado<\/b> que se podr\u00e1 usar en <a rel=\"nofollow noopener\" target=\"_blank\" href=\"https:\/\/tn.com.ar\/economia\/2021\/07\/07\/el-credito-previaje-de-las-vacaciones-de-verano-se-podra-usar-para-cines-teatros-espectaculos-musicales-y-compra-de-artesanias\/\">otras compras a operadores tur\u00edsticos<\/a> de todo el pa\u00eds. El plan se oficializ\u00f3 mediante la resoluci\u00f3n 305\/2021 del Ministerio de Turismo y Deportes.<\/p>\n<p class=\"paragraph\">La <b>precompra se podr\u00e1 realizar entre agosto y diciembre <\/b>de este a\u00f1o. Est\u00e1n incluidas <b>agencias de viaje, alojamiento, transporte y otros servicios tur\u00edsticos<\/b> como centros de esqu\u00ed, bodegas, alquiler de veh\u00edculos y espect\u00e1culos art\u00edsticos. El cr\u00e9dito otorgado se podr\u00e1 utilizar en comercios de toda la cadena tur\u00edstica del pa\u00eds desde noviembre 2021 hasta diciembre de 2022.<\/p>\n<\/div>\n<p><script defer=\"\" crossorigin=\"anonymous\" src=\"https:\/\/connect.facebook.net\/es_LA\/sdk.js#xfbml=1&amp;version=v5.0&amp;appId=346699902992&amp;autoLogAppEvents=1\"><\/script><br \/>\n<br \/><\/p>\n<p><em> &#8221; Fuentes tn.com.ar &#8221; <\/em><\/p>\n","protected":false},"excerpt":{"rendered":"<p>\u201cQue el Previaje sea una pol\u00edtica de estado\u201d. Ese es el objetivo del Gobierno que plante\u00f3 el ministro de Turismo Mat\u00edas Lammens en una reuni\u00f3n con representantes del sector. La concept es que el programa se extienda por tres a\u00f1os para aumentar la participaci\u00f3n del Turismo en el PBI (actualmente es del 9%). Para ello, [&hellip;]<\/p>\n","protected":false},"author":4,"featured_media":243186,"comment_status":"open","ping_status":"closed","sticky":false,"template":"","format":"standard","meta":{"om_disable_all_campaigns":false,"jnews-multi-image_gallery":[],"jnews_single_post":[],"jnews_primary_category":[],"jnews_social_meta":[],"footnotes":""},"categories":[40],"tags":[544,545],"class_list":["post-243185","post","type-post","status-publish","format-standard","has-post-thumbnail","hentry","category-industria","tag-turismo","tag-viajes"],"_links":{"self":[{"href":"https:\/\/dimensionturistica.com\/es\/wp-json\/wp\/v2\/posts\/243185","targetHints":{"allow":["GET"]}}],"collection":[{"href":"https:\/\/dimensionturistica.com\/es\/wp-json\/wp\/v2\/posts"}],"about":[{"href":"https:\/\/dimensionturistica.com\/es\/wp-json\/wp\/v2\/types\/post"}],"author":[{"embeddable":true,"href":"https:\/\/dimensionturistica.com\/es\/wp-json\/wp\/v2\/users\/4"}],"replies":[{"embeddable":true,"href":"https:\/\/dimensionturistica.com\/es\/wp-json\/wp\/v2\/comments?post=243185"}],"version-history":[{"count":0,"href":"https:\/\/dimensionturistica.com\/es\/wp-json\/wp\/v2\/posts\/243185\/revisions"}],"wp:featuredmedia":[{"embeddable":true,"href":"https:\/\/dimensionturistica.com\/es\/wp-json\/wp\/v2\/media\/243186"}],"wp:attachment":[{"href":"https:\/\/dimensionturistica.com\/es\/wp-json\/wp\/v2\/media?parent=243185"}],"wp:term":[{"taxonomy":"category","embeddable":true,"href":"https:\/\/dimensionturistica.com\/es\/wp-json\/wp\/v2\/categories?post=243185"},{"taxonomy":"post_tag","embeddable":true,"href":"https:\/\/dimensionturistica.com\/es\/wp-json\/wp\/v2\/tags?post=243185"}],"curies":[{"name":"wp","href":"https:\/\/api.w.org\/{rel}","templated":true}]}}