{"id":242829,"date":"2021-12-13T05:54:09","date_gmt":"2021-12-13T05:54:09","guid":{"rendered":"https:\/\/dimensionturistica.com\/es\/?p=242829"},"modified":"2021-12-13T05:54:10","modified_gmt":"2021-12-13T05:54:10","slug":"la-oreja-de-van-gogh-cierra-en-eeuu-una-de-nuestras-experiencias-mas-intensas","status":"publish","type":"post","link":"https:\/\/dimensionturistica.com\/es\/la-oreja-de-van-gogh-cierra-en-eeuu-una-de-nuestras-experiencias-mas-intensas\/","title":{"rendered":"La Oreja de Van Gogh cierra en EEUU \u00abuna de nuestras experiencias m\u00e1s intensas\u00bb"},"content":{"rendered":"<p> <br \/>\n<\/p>\n<div>\n<article class=\"voc-article voc-article--detail voc-article--detail--base voc-article--photo-bottom\"><!-- IMAGE --><\/p>\n<div class=\"voc-img-container  \"><picture>\n<div class=\"voc-horizontal voc-img-icon-link\"><img decoding=\"async\" src=\"https:\/\/static1.diariovasco.com\/www\/multimedia\/202112\/12\/media\/cortadas\/1443382580-RWoHWRsllH6NK04OXkv7baJ-624x385@Diario%20Vasco.jpg\" title=\"\" alt=\"El grupo, con un 'invitado' norteamericano en la foto, celebra su 'sold out' en Miami.\/\" onload=\"performance.mark('fmp');\"\/><noscript><img decoding=\"async\" src=\"https:\/\/static1.diariovasco.com\/www\/multimedia\/202112\/12\/media\/cortadas\/1443382580-RWoHWRsllH6NK04OXkv7baJ-624x385@Diario%20Vasco.jpg\" alt=\"El grupo, con un 'invitado' norteamericano en la foto, celebra su 'sold out' en Miami.\"\/><\/noscript><i class=\"voc-icons videobig voc-multimedia-box voc-ico-xl\"\/><\/div>\n<\/picture>\n<p class=\"figure-caption\"><span class=\"voc-photo-caption\">El grupo, con un &#8216;invitado&#8217; norteamericano en la foto, celebra su &#8216;bought out&#8217; en Miami.<\/span><span class=\"voc-photo-author\"\/><\/p>\n<\/div>\n<p><!-- INFO CONTAINER --><\/p>\n<p><h2 class=\"voc-sub-title\">El grupo donostiarra concluye un &#8216;tour&#8217; de 40 d\u00edas con llenos en sus 18 conciertos. \u00abEsta gira nos ha marcado para siempre\u00bb, dicen<\/h2>\n<\/p>\n<\/article>\n<\/div>\n<div data-voc-share-selection=\"\"><!-- AUTHOR --><\/p>\n<div class=\"voc-author-timesocial \"><!-- AUTHOR --><\/p>\n<div class=\"voc-author-timesocial__signature\"><!-- IMAGE AUTHOR --><picture class=\"voc-image-signature\"><img decoding=\"async\" class=\"voc-image-signature__img\" src=\"https:\/\/static3.diariovasco.com\/comun\/img\/2014\/autor\/firmas-5370b80f1b0da-foto.jpg\" alt=\"Mitxel Ezquiaga\"\/><\/picture><!-- INFO AUTHOR --><\/div>\n<\/div>\n<p><!-- COMPONENTS --><\/p>\n<p class=\"voc-paragraph\">No solo cantan: tambi\u00e9n son los mejores cronistas de su trabajo. \u00abEs posible que no volvamos a ser los mismos despu\u00e9s de pasar 40 d\u00edas de gira por Estados Unidos, viviendo una de las experiencias m\u00e1s intensas y emocionantes de nuestra vida\u00bb, resume La Oreja de Van Gogh en sus redes sociales. \u00abVolvemos a casa pero, como cube Elvira Sastre, &#8216;c\n<\/p>\n<p><ev-engagement group-name=\"paywall-onplus\" redirect=\"false\"\/><\/div>\n<p><script>\n        !function(f,b,e,v,n,t,s)\n        {if(f.fbq)return;n=f.fbq=function(){n.callMethod?\n            n.callMethod.apply(n,arguments):n.queue.push(arguments)};\n            if(!f._fbq)f._fbq=n;n.push=n;n.loaded=!0;n.version='2.0';\n            n.queue=[];t=b.createElement(e);t.async=!0;\n            t.src=v;s=b.getElementsByTagName(e)[0];\n            s.parentNode.insertBefore(t,s)}(window,document,'script',\n            'https:\/\/connect.facebook.net\/en_US\/fbevents.js');\n        fbq('init', '492946631038788');\n        fbq('track', 'PageView');\n    <\/script><br \/>\n<br \/><\/p>\n<p><em> &#8221; Fuentes www.diariovasco.com &#8221; <\/em><\/p>\n","protected":false},"excerpt":{"rendered":"<p>El grupo, con un &#8216;invitado&#8217; norteamericano en la foto, celebra su &#8216;bought out&#8217; en Miami. El grupo donostiarra concluye un &#8216;tour&#8217; de 40 d\u00edas con llenos en sus 18 conciertos. \u00abEsta gira nos ha marcado para siempre\u00bb, dicen No solo cantan: tambi\u00e9n son los mejores cronistas de su trabajo. \u00abEs posible que no volvamos a [&hellip;]<\/p>\n","protected":false},"author":4,"featured_media":242830,"comment_status":"open","ping_status":"closed","sticky":false,"template":"","format":"standard","meta":{"om_disable_all_campaigns":false,"jnews-multi-image_gallery":[],"jnews_single_post":[],"jnews_primary_category":[],"jnews_social_meta":[],"footnotes":""},"categories":[39],"tags":[11663,1362,3959,37341,37342,37340],"class_list":["post-242829","post","type-post","status-publish","format-standard","has-post-thumbnail","hentry","category-viajes","tag-cierra","tag-eeuu","tag-experiencias","tag-gogh","tag-intensas","tag-oreja"],"_links":{"self":[{"href":"https:\/\/dimensionturistica.com\/es\/wp-json\/wp\/v2\/posts\/242829","targetHints":{"allow":["GET"]}}],"collection":[{"href":"https:\/\/dimensionturistica.com\/es\/wp-json\/wp\/v2\/posts"}],"about":[{"href":"https:\/\/dimensionturistica.com\/es\/wp-json\/wp\/v2\/types\/post"}],"author":[{"embeddable":true,"href":"https:\/\/dimensionturistica.com\/es\/wp-json\/wp\/v2\/users\/4"}],"replies":[{"embeddable":true,"href":"https:\/\/dimensionturistica.com\/es\/wp-json\/wp\/v2\/comments?post=242829"}],"version-history":[{"count":0,"href":"https:\/\/dimensionturistica.com\/es\/wp-json\/wp\/v2\/posts\/242829\/revisions"}],"wp:featuredmedia":[{"embeddable":true,"href":"https:\/\/dimensionturistica.com\/es\/wp-json\/wp\/v2\/media\/242830"}],"wp:attachment":[{"href":"https:\/\/dimensionturistica.com\/es\/wp-json\/wp\/v2\/media?parent=242829"}],"wp:term":[{"taxonomy":"category","embeddable":true,"href":"https:\/\/dimensionturistica.com\/es\/wp-json\/wp\/v2\/categories?post=242829"},{"taxonomy":"post_tag","embeddable":true,"href":"https:\/\/dimensionturistica.com\/es\/wp-json\/wp\/v2\/tags?post=242829"}],"curies":[{"name":"wp","href":"https:\/\/api.w.org\/{rel}","templated":true}]}}