{"id":242740,"date":"2021-12-12T23:21:52","date_gmt":"2021-12-12T23:21:52","guid":{"rendered":"https:\/\/dimensionturistica.com\/es\/?p=242740"},"modified":"2021-12-12T23:21:52","modified_gmt":"2021-12-12T23:21:52","slug":"pescorea-el-boom-industrial-y-cultural-que-llego-junto-con-miles-de-coreanos-a-nuevo-leon","status":"publish","type":"post","link":"https:\/\/dimensionturistica.com\/es\/pescorea-el-boom-industrial-y-cultural-que-llego-junto-con-miles-de-coreanos-a-nuevo-leon\/","title":{"rendered":"&#8220;Pescorea&#8221;: el boom industrial y cultural que lleg\u00f3 junto con miles de coreanos a Nuevo Le\u00f3n"},"content":{"rendered":"<p> <br \/>\n<\/p>\n<div id=\"cuerpo-nota\">\n<p>CIUDAD DE M\u00c9XICO (apro). \u2013 A partir de 2014 se registr\u00f3 en el municipio de Pesquer\u00eda, Nuevo Le\u00f3n, una explosi\u00f3n industrial de coreanos, al punto de que al lugar le comenzaron a llamar, en tono de burla, \u201cPescorea\u201d.<\/p>\n<p>El growth lleg\u00f3 a otras ciudades del \u00e1rea metropolitana de Monterrey, como Apodaca y San Pedro, formando comunidades coreanas con costumbres y cultura muy distintas a la de los neoleoneses e incluso, algunos no saben hablar espa\u00f1ol, inform\u00f3 BBC Mundo.<\/p>\n<aside class=\"relacionadas con-foto\">\n<h5>Noticias Relacionadas<\/h5>\n<\/aside>\n<p>Por eso, el hijo de Juana Mar\u00eda, una mujer que vende ajo negro, mand\u00f3 a hacer un letrero para anunciar la venta de este condimento en los idiomas espa\u00f1ol y coreano, usando el traductor de Google.<\/p>\n<aside class=\"htmlinline\"\/>\n<p>\u201cAntes de que llegaran los coreanos esto era des\u00e9rtico, no pasaba nada, ni las lagartijas quer\u00edan pasar por aqu\u00ed\u201d, dijo Juana Mar\u00eda, quien tiene su puesto de venta de ajo negro a las orillas de la carretera que comunica a Pesquer\u00eda con Monterrey.<\/p>\n<aside class=\"htmlinline\"\/>\n<p>BBC Mundo viaj\u00f3 a Pesquer\u00eda y encontr\u00f3, adem\u00e1s de Juana Mar\u00eda, a una joven youtuber que tiene millones de seguidores al comparar, con humor, las diferencias culturales entre los coreanos y los neoloneses, como los comerciantes que aprovechan las sequence y la m\u00fasica coreana para vender sus productos o emprendedores coreanos que vieron en M\u00e9xico la oportunidad de emprender su propio negocio.<\/p>\n<p>\u201cPersonas como ellos han contribuido a que, en los \u00faltimos a\u00f1os, en el \u00e1rea metropolitana de Monterrey se note la influencia coreana en tiendas, restaurantes, escuelas, peluquer\u00edas, iglesias y puntos de encuentro donde estos migrantes construyen su nueva vida\u201d, indic\u00f3 BBC Mundo.<\/p>\n<p>Estos coreanos empezaron a llegar a M\u00e9xico en 2014, cuando se instal\u00f3 la compa\u00f1\u00eda automotriz Kia M\u00e9xico. Despu\u00e9s se instalaron constructoras, proveedoras de insumos y de ingenier\u00eda que ocuparon terrenos deshabitados y generaron miles de empleos.<\/p>\n<p>Hay peluquer\u00edas, supermercados, restaurantes, agencias de viaje, academias de idioma coreano y de taekwondo, tiendas de cosm\u00e9ticos Okay-beauty y oficinas de abogados que tienen sus avisos en idioma coreano.\n<\/p>\n<p>Hasta hay una iglesia evang\u00e9lica para la comunidad coreana y una escuela para ni\u00f1os coreanos en el municipio de Guadalupe.\n<\/p>\n<p>Para BBC Mundo este fen\u00f3meno responde a la influencia que han tenido pel\u00edculas como Par\u00e1sito (\u00d3scar a la mejor pel\u00edcula 2020), las telenovelas coreanas y el Okay-Pop.\n<\/p>\n<p>\u00a0\n<\/p>\n<\/div>\n<p><script>\n      window.fbAsyncInit = function() {\n        FB.init({\n          appId      : '{785979025297911}',\n          status     : true,\n\t\t  version:  'v2.7',\n          xfbml      : true\n        });\nFB.Event.subscribe('comment.create', function (response) {grabacom_compa(277152)});\t\nFB.Event.subscribe('comment.remove',  function (response) {grabacom_compa(277152)});\t\nFB.Event.subscribe('edge.create',  function (response) {grabacom_compa(277152)});\nFB.Event.subscribe('edge.remove',  function (response) {grabacom_compa(277152)});\n      };\n(function(d, s, id) {\n  var js, fjs = d.getElementsByTagName(s)[0];\n  if (d.getElementById(id)) return;\n  js = d.createElement(s); js.id = id;\n  js.src = \"\/\/connect.facebook.net\/es_LA\/sdk.js#xfbml=1&version=v2.7&appId=785979025297911\";\n  fjs.parentNode.insertBefore(js, fjs);\n}(document, 'script', 'facebook-jssdk'));\n    <\/script><br \/>\n<br \/><\/p>\n<p><em> &#8221; Fuentes www.proceso.com.mx &#8221; <\/em><\/p>\n","protected":false},"excerpt":{"rendered":"<p>CIUDAD DE M\u00c9XICO (apro). \u2013 A partir de 2014 se registr\u00f3 en el municipio de Pesquer\u00eda, Nuevo Le\u00f3n, una explosi\u00f3n industrial de coreanos, al punto de que al lugar le comenzaron a llamar, en tono de burla, \u201cPescorea\u201d. El growth lleg\u00f3 a otras ciudades del \u00e1rea metropolitana de Monterrey, como Apodaca y San Pedro, formando [&hellip;]<\/p>\n","protected":false},"author":4,"featured_media":242741,"comment_status":"open","ping_status":"closed","sticky":false,"template":"","format":"standard","meta":{"om_disable_all_campaigns":false,"jnews-multi-image_gallery":[],"jnews_single_post":[],"jnews_primary_category":[],"jnews_social_meta":[],"footnotes":""},"categories":[40],"tags":[2606,7528,18820,2462],"class_list":["post-242740","post","type-post","status-publish","format-standard","has-post-thumbnail","hentry","category-industria","tag-corea-del-sur","tag-monterrey","tag-nuevo-leon","tag-viral"],"_links":{"self":[{"href":"https:\/\/dimensionturistica.com\/es\/wp-json\/wp\/v2\/posts\/242740","targetHints":{"allow":["GET"]}}],"collection":[{"href":"https:\/\/dimensionturistica.com\/es\/wp-json\/wp\/v2\/posts"}],"about":[{"href":"https:\/\/dimensionturistica.com\/es\/wp-json\/wp\/v2\/types\/post"}],"author":[{"embeddable":true,"href":"https:\/\/dimensionturistica.com\/es\/wp-json\/wp\/v2\/users\/4"}],"replies":[{"embeddable":true,"href":"https:\/\/dimensionturistica.com\/es\/wp-json\/wp\/v2\/comments?post=242740"}],"version-history":[{"count":0,"href":"https:\/\/dimensionturistica.com\/es\/wp-json\/wp\/v2\/posts\/242740\/revisions"}],"wp:featuredmedia":[{"embeddable":true,"href":"https:\/\/dimensionturistica.com\/es\/wp-json\/wp\/v2\/media\/242741"}],"wp:attachment":[{"href":"https:\/\/dimensionturistica.com\/es\/wp-json\/wp\/v2\/media?parent=242740"}],"wp:term":[{"taxonomy":"category","embeddable":true,"href":"https:\/\/dimensionturistica.com\/es\/wp-json\/wp\/v2\/categories?post=242740"},{"taxonomy":"post_tag","embeddable":true,"href":"https:\/\/dimensionturistica.com\/es\/wp-json\/wp\/v2\/tags?post=242740"}],"curies":[{"name":"wp","href":"https:\/\/api.w.org\/{rel}","templated":true}]}}