{"id":242731,"date":"2021-12-12T23:05:41","date_gmt":"2021-12-12T23:05:41","guid":{"rendered":"https:\/\/dimensionturistica.com\/es\/?p=242731"},"modified":"2021-12-12T23:05:41","modified_gmt":"2021-12-12T23:05:41","slug":"concluye-hoy-destinos-gaviota-2021","status":"publish","type":"post","link":"https:\/\/dimensionturistica.com\/es\/concluye-hoy-destinos-gaviota-2021\/","title":{"rendered":"Concluye hoy Destinos Gaviota 2021"},"content":{"rendered":"<p> <br \/>\n<\/p>\n<div id=\"\">\n\t\t\t\t\t\t\t\t&#13;<\/p>\n<p><img decoding=\"async\" src=\"http:\/\/www.acn.cu\/images\/2021\/Diciembre\/1212-destinos-gaviota.jpg\" alt=\"1212-destinos-gaviota.jpg\" width=\"800\" height=\"360\"\/><\/p>\n<p>&#13;<\/p>\n<p>La Habana, 12 dic (ACN) La tercera edici\u00f3n de la Bolsa Tur\u00edstica Destinos Gaviota concluye hoy en Cayo Santa Mar\u00eda, en Villa Clara, despu\u00e9s de mostrar a turoperadores, agentes de viajes y hoteleros las bondades de ese destino tur\u00edstico y las potencialidades del segmento de reuniones y congresos en Cuba.<\/p>\n<p>&#13;<\/p>\n<p>El evento, que se inici\u00f3 de manera oficial el pasado mi\u00e9rcoles, cont\u00f3 con la presencia en la inauguraci\u00f3n de Manuel Marrero Cruz, Primer Ministro de la Rep\u00fablica, y Juan Carlos Garc\u00eda Granda, titular de Turismo, quien ofreci\u00f3 una conferencia de prensa sobre las proyecciones de esa industria en 2022, que espera la llegada de m\u00e1s de dos millones de turistas, y su paulatina recuperaci\u00f3n.<\/p>\n<p>&#13;<\/p>\n<p><strong>Lea: <a rel=\"nofollow noopener\" target=\"_blank\" title=\"Iberostar, pr\u00f3ximo a abrir un nuevo hotel en Cuba\" itemprop=\"url\" href=\"http:\/\/www.acn.cu\/economia\/88455-iberostar-proximo-a-abrir-un-nuevo-hotel-en-cuba\">Iberostar, pr\u00f3ximo a abrir un nuevo hotel en Cuba<\/a><\/strong><\/p>\n<p>&#13;<\/p>\n<p>Los participantes conocieron de primera mano las ofertas y nuevos productos de las cadenas hoteleras for\u00e1neas y nacionales que gestionan instalaciones en la mayor de las Antillas.<\/p>\n<p>&#13;<\/p>\n<blockquote class=\"twitter-tweet\"><p>&#13;<\/p>\n<p dir=\"ltr\" lang=\"es\">\u00a1<a rel=\"nofollow noopener\" target=\"_blank\" href=\"https:\/\/twitter.com\/hashtag\/Workshop?src=hash&amp;ref_src=twsrc%5Etfw\">#Workshop<\/a> en curso! <a rel=\"nofollow noopener\" target=\"_blank\" href=\"https:\/\/twitter.com\/hashtag\/DestinosGaviota?src=hash&amp;ref_src=twsrc%5Etfw\">#DestinosGaviota<\/a> <a rel=\"nofollow noopener\" target=\"_blank\" href=\"https:\/\/twitter.com\/hashtag\/ViveYPunto?src=hash&amp;ref_src=twsrc%5Etfw\">#ViveYPunto<\/a> <a rel=\"nofollow noopener\" target=\"_blank\" href=\"https:\/\/t.co\/pLSF4xROHD\">pic.twitter.com\/pLSF4xROHD<\/a><\/p>\n<p>&#13;<br \/>\n\u2014 Meli\u00e1 Cuba (@MeliaCuba) <a rel=\"nofollow noopener\" target=\"_blank\" href=\"https:\/\/twitter.com\/MeliaCuba\/status\/1468984116225925125?ref_src=twsrc%5Etfw\">December 9, 2021<\/a><\/p><\/blockquote>\n<p>&#13;<br \/>\n&#13;<\/p>\n<p>Asimismo, el Grupo Gaviota present\u00f3 sus buenas nuevas, entre las que destacan, el incremento de las capacidades habitacionales, la marca gastron\u00f3mica Nativa, la capacitaci\u00f3n del private y las mejoras en la conexi\u00f3n a Web en los hoteles.<\/p>\n<p>&#13;<\/p>\n<p>Se defini\u00f3 como una de las m\u00e1ximas prioridades de ese grupo continuar incentivando la cultura profesional y la excelencia en la calidad del servicio y en la atenci\u00f3n directa al cliente, para ello se ocupan de la superaci\u00f3n de los casi 36 mil trabajadores.<\/p>\n<p>&#13;<\/p>\n<p>En la cita Carlos Latuff Carmenate, presidente ejecutivo del Grupo de Turismo Gaviota, recalc\u00f3 que en los \u00faltimos dos a\u00f1os se mantuvieron en contacto con socios y colaboradores a trav\u00e9s de las diferentes plataformas e interactuaron constantemente, acortando distancias.<\/p>\n<p>&#13;<\/p>\n<p>En Gaviota hemos acompa\u00f1ado el per\u00edodo de la COVID-19 con acciones complementarias de capacitaci\u00f3n respecto a conductas y normas de autocuidado a seguir durante la operaci\u00f3n, vigilancia epidemiol\u00f3gica y prevenci\u00f3n, en coordinaci\u00f3n con el Ministerio de Salud P\u00fablica de acuerdo con el Programa Turismo M\u00e1s Higi\u00e9nico y<\/p>\n<p>&#13;<\/p>\n<p>Seguro, licencia para operar bajo requerimientos sanitarios muy rigurosos y espec\u00edficos, dijo a los presentes durante la inauguraci\u00f3n de la III Bolsa Tur\u00edstica.<\/p>\n<p>&#13;<\/p>\n<p>La cita tambi\u00e9n sirvi\u00f3 para que los invitados extranjeros recorrieran la planta hotelera de Cayo Santa Mar\u00eda, adem\u00e1s tuvieron la posibilidad de disfrutar de las ofertas extrahoteleras, con el fin de atraer clientes en corto plazo a ese polo tur\u00edstico.<\/p>\n<p>&#13;<\/p>\n<p>Gaviota es la empresa l\u00edder en el mercado hotelero cubano, sus servicios tambi\u00e9n se extienden a la transportaci\u00f3n, gesti\u00f3n de marinas, agencia de viajes, y suministros hoteleros.<\/p>\n<\/p><\/div>\n<p><script async src=\"\/\/platform.twitter.com\/widgets.js\" charset=\"utf-8\"><\/script><br \/>\n<br \/><\/p>\n<p><em> &#8221; Fuentes www.acn.cu &#8221; <\/em><\/p>\n","protected":false},"excerpt":{"rendered":"<p>&#13; &#13; La Habana, 12 dic (ACN) La tercera edici\u00f3n de la Bolsa Tur\u00edstica Destinos Gaviota concluye hoy en Cayo Santa Mar\u00eda, en Villa Clara, despu\u00e9s de mostrar a turoperadores, agentes de viajes y hoteleros las bondades de ese destino tur\u00edstico y las potencialidades del segmento de reuniones y congresos en Cuba. &#13; El evento, [&hellip;]<\/p>\n","protected":false},"author":4,"featured_media":242732,"comment_status":"open","ping_status":"closed","sticky":false,"template":"","format":"standard","meta":{"om_disable_all_campaigns":false,"jnews-multi-image_gallery":[],"jnews_single_post":[],"jnews_primary_category":[],"jnews_social_meta":[],"footnotes":""},"categories":[40],"tags":[956,715,14525,705,2322,1701,23384],"class_list":["post-242731","post","type-post","status-publish","format-standard","has-post-thumbnail","hentry","category-industria","tag-cuba","tag-economia","tag-huracanes","tag-noticias","tag-pib","tag-recuperacion","tag-zafra-azucarera"],"_links":{"self":[{"href":"https:\/\/dimensionturistica.com\/es\/wp-json\/wp\/v2\/posts\/242731","targetHints":{"allow":["GET"]}}],"collection":[{"href":"https:\/\/dimensionturistica.com\/es\/wp-json\/wp\/v2\/posts"}],"about":[{"href":"https:\/\/dimensionturistica.com\/es\/wp-json\/wp\/v2\/types\/post"}],"author":[{"embeddable":true,"href":"https:\/\/dimensionturistica.com\/es\/wp-json\/wp\/v2\/users\/4"}],"replies":[{"embeddable":true,"href":"https:\/\/dimensionturistica.com\/es\/wp-json\/wp\/v2\/comments?post=242731"}],"version-history":[{"count":0,"href":"https:\/\/dimensionturistica.com\/es\/wp-json\/wp\/v2\/posts\/242731\/revisions"}],"wp:featuredmedia":[{"embeddable":true,"href":"https:\/\/dimensionturistica.com\/es\/wp-json\/wp\/v2\/media\/242732"}],"wp:attachment":[{"href":"https:\/\/dimensionturistica.com\/es\/wp-json\/wp\/v2\/media?parent=242731"}],"wp:term":[{"taxonomy":"category","embeddable":true,"href":"https:\/\/dimensionturistica.com\/es\/wp-json\/wp\/v2\/categories?post=242731"},{"taxonomy":"post_tag","embeddable":true,"href":"https:\/\/dimensionturistica.com\/es\/wp-json\/wp\/v2\/tags?post=242731"}],"curies":[{"name":"wp","href":"https:\/\/api.w.org\/{rel}","templated":true}]}}