{"id":242709,"date":"2021-12-12T22:16:48","date_gmt":"2021-12-12T22:16:48","guid":{"rendered":"https:\/\/dimensionturistica.com\/es\/?p=242709"},"modified":"2021-12-12T22:16:48","modified_gmt":"2021-12-12T22:16:48","slug":"adompretur-celebra-la-xvii-edicion-del-premio-epifanio-lantigua","status":"publish","type":"post","link":"https:\/\/dimensionturistica.com\/es\/adompretur-celebra-la-xvii-edicion-del-premio-epifanio-lantigua\/","title":{"rendered":"Adompretur celebra la XVII edici\u00f3n del premio Epifanio Lantigua"},"content":{"rendered":"<p> <br \/>\n<\/p>\n<div>\n<div class=\"paragraph\" mlnid=\"idcon=17735214;order=7.0\">\n<p>La Asociaci\u00f3n Dominicana de Prensa Tur\u00edstica (Adompretur) celebr\u00f3 la XVII edici\u00f3n del Premio Nacional de Periodismo Tur\u00edstico \u201cEpifanio Lantigua\u201d 2021, donde result\u00f3 como gran ganador Miguel Febles, adem\u00e1s se premi\u00f3 a Marvin del Cid en la categor\u00eda \u201cFotograf\u00eda\u201d, Mar\u00eda Luisa L\u00f3pez, en la categor\u00eda \u201cMedios digitales\u201d, a Rafael Caballero y Andre\u00edna Germ\u00e1n en la categor\u00eda \u201c<b>Medios especializados en turismo\u201d<\/b>, entre otros.<\/p>\n<p>La ceremonia realizada en el lodge Barcel\u00f3 Santo Domingo cont\u00f3 con la presencia del ministro de Turismo, David Collado, quien reafirm\u00f3 su respaldo a esta industria y felicit\u00f3 a los periodistas que con sus reportajes promueven los atractivos que tiene Rep\u00fablica Dominicana. En el evento, Collado anunci\u00f3 que para seguir apoyando el Premio Epifanio Lantigua el Ministerio de Turismo har\u00e1 un aporte de un mill\u00f3n trescientos mil pesos para los ganadores.<\/p>\n<\/p><\/div>\n<div class=\"paragraph\" mlnid=\"idcon=17742441;order=14.0\">\n<p>Yenny Polaco Lovera, presidenta de Adompretur, exhort\u00f3 a los periodistas y comunicadores a seguir el legado de Epifanio Lantigua, quien se dedic\u00f3 a promover a trav\u00e9s del periodismo el desarrollo del turismo desde su natal Puerto Plata, \u201clo cual contribuy\u00f3 a que se convirtiera en el gran primer polo tur\u00edstico de proyecci\u00f3n internacional del pa\u00eds\u201d.<\/p>\n<p>\u201cGracias a su legado, que nunca olvidaremos, esta premiaci\u00f3n es una motivaci\u00f3n para los comunicadores que desde sus diferentes plataformas escritas, televisivas, radiales y digitales analizan, promocionan y nos emocionan con sus trabajos period\u00edsticos de sobrada calidad\u201d, indic\u00f3 Polanco Lovera.<\/p>\n<\/p><\/div>\n<div class=\"paragraph\" mlnid=\"idcon=17742440;order=27.0\">\n<p>En esta edici\u00f3n participaron 65 periodistas que colgaron 175 trabajos en la p\u00e1gina institucional de Adompretur, una nueva modalidad del premio que qued\u00f3 instaurada.<\/p>\n<p>La actividad cont\u00f3 con la presentaci\u00f3n art\u00edstica del Ballet Folcl\u00f3rico del Ministerio de Turismo, dirigido por el profesor Oscar Batista.<\/p>\n<\/p><\/div>\n<p> Reconocimientos In Memoriam\n            <\/p>\n<div class=\"paragraph\" mlnid=\"idcon=17742442;order=30.0\">\n<p>Dos momentos especiales de esta ceremonia fueron cuando se entregaron los reconocimientos p\u00f3stumos a Johnny Ventura y Jos\u00e9 Ignacio Morales \u201cEl Art\u00edstico\u201d.<\/p>\n<p>El reconocimiento por sus aportes al turismo y al inolvidable legado musical de Johnny Ventura fue recibido por Josefina de Ventura, su compa\u00f1era de vida y sus hijos Juan de Dios Ventura y Ana Yahaira Ventura. Jandy Ventura tuvo a su cargo una participaci\u00f3n musical, en la que interpret\u00f3 algunos de los merengues m\u00e1s populares de su padre.<\/p>\n<p>La familia de Jos\u00e9 Ignacio Morales \u201cEl Art\u00edstico\u201d, que recibi\u00f3 el reconocimiento por su contribuci\u00f3n solidaria al PEL durante 16 a\u00f1os, estuvo representada por su compa\u00f1era Aida Santana de Morales, sus hijos Jos\u00e9 Ignacio Morales Jr., y Yanina Morales, quien pronunci\u00f3 unas emotivas palabras.<\/p>\n<\/p><\/div>\n<p> Ganadores PEL 2021\n            <\/p>\n<div class=\"paragraph\" mlnid=\"idcon=17742439;order=35.0\">\n<p>El jurado del Premio Nacional de Periodismo Tur\u00edstico \u201cEpifanio Lantigua\u201d 2021, reconoci\u00f3 a:<\/p>\n<p>Mariel V\u00e1squez, en el rengl\u00f3n \u201cRegi\u00f3n Norte\u201d por su audiovisual sobre los 27 Charcos de Damajagua.<\/p>\n<p>\u201cRegi\u00f3n Este\u201d, a Marcelo Ballester, por su serie de trabajos period\u00edsticos sobre el tr\u00e1fico a\u00e9reo en el aeropuerto de Punta Cana.<\/p>\n<p>Karla Natasha Alc\u00e1ntara en el rengl\u00f3n \u201cRegi\u00f3n Sur\u201d por su trabajo \u201c184 kil\u00f3metros al sur, Barahona mucho m\u00e1s por descubrir\u201d.<\/p>\n<p>\u201cPrensa escrita\u201d, a Miguel Febles, por su reportaje \u201cMiches se prepara para ser la esmeralda del Este\u201d<\/p>\n<p>Mar\u00eda Luisa L\u00f3pez, de acento.com, en la categor\u00eda \u201cMedios digitales\u201d por su reportaje \u201cR\u00edo San Juan conquista con sus paisajes y su gente\u201d.<\/p>\n<p>En la categor\u00eda \u201cFotograf\u00eda\u201d, a <b>Marvin del Cid<\/b>, por su espectacular imagen titulada <b>\u201cMadre manat\u00ed y su cr\u00eda\u201d.<\/b><\/p>\n<\/p><\/div>\n<div class=\"paragraph\" mlnid=\"idcon=17742438;order=36.0\">\n<p>Mar\u00eda Isabel Mart\u00ednez Sosa en la categor\u00eda \u201cArte y Cultura\u201d, por su reportaje \u201cMapear la cultura aporta al turismo\u201d.<\/p>\n<p>Asimismo, el jurado reconoci\u00f3 a Keila Cede\u00f1o, ganadora en la categor\u00eda \u201cGastronom\u00eda\u201d por la serie tem\u00e1tica \u201cCaf\u00e9 con origen dominicano: poes\u00eda colada\u201d, y \u201cCaf\u00e9 con origen dominicano: tri\u00e1ngulo dominicano de casa barista y compa\u00f1\u00eda\u201d.<\/p>\n<p>El jurado reconoci\u00f3 a Gary De Arriba, en la categor\u00eda \u201cReportaje de TV, Youtube \/Documental de TV\u201d, por su programa Andariego y el audiovisual \u201cJamao al Norte\u201d.<\/p>\n<p>En la categor\u00eda \u201cRevista\u201d, el jurado reconoci\u00f3 a Mabel Andreina Elena, por los 15 a\u00f1os de su revista Plus Journal.<\/p>\n<\/p><\/div>\n<p> Reconocimientos especiales\n            <\/p>\n<div class=\"paragraph\" mlnid=\"idcon=17742437;order=39.0\">\n<p>En la categor\u00eda \u201c<b>Medios especializados en turismo\u201d<\/b>, el jurado del PEL reconoci\u00f3 al portal www.arecoa.com, \u201cque desde sus inicios ofrece un servicio informativo apegado a la \u00e9tica y la verdad\u201d. La distinci\u00f3n fue recibida por<b> Rafael Caballero<\/b> y Andreina Germ\u00e1n.<\/p>\n<p>Asimismo, fue reconocida la revista Santo Domingo Instances, por sus 18 a\u00f1os y su edici\u00f3n n\u00famero 100, todas dedicadas a promover la ciudad de Santo Domingo. La distinci\u00f3n fue recibida por Evelyn Betancourt, directora y fundadora de la revista Santo Domingo Instances; y Ana Alicia De Jes\u00fas, editora.<\/p>\n<\/p><\/div>\n<p> Menciones de honor\n            <\/p>\n<div class=\"paragraph\" mlnid=\"idcon=17742437;order=39.5\">\n<p>El jurado reconoci\u00f3 a Manuel Antonio Vega con una menci\u00f3n de honor en la categor\u00eda \u201c<b>Regi\u00f3n Este<\/b>\u201d, por su reportaje titulado \u201cEl Limpio, una s\u00e1bana de agua blanca para el ecoturismo\u201d.<\/p>\n<p>En la categor\u00eda \u201cPrensa escrita\u201d, fue reconocido con una menci\u00f3n de honor el periodista Jairon Severino por su trabajo \u201cCap Cana y Punta Cana: Dos historias, un destino y un pa\u00eds\u201d, y el reportaje sobre el valor patrimonial-tur\u00edstico de la calle \u201cEl Conde\u201d.<\/p>\n<p>El jurado del PEL tambi\u00e9n entreg\u00f3 una menci\u00f3n de honor en la categor\u00eda \u201cPrensa escrita\u201d, a Wendy Almonte, del peri\u00f3dico El Caribe por sus reportajes sobre el ascenso del turismo cultural en Santiago de los Caballeros y sus bondades como destino ecotur\u00edstico.<\/p>\n<\/p><\/div><\/div>\n\n<p><em> &#8221; Fuentes www.diariolibre.com &#8221; <\/em><\/p>\n","protected":false},"excerpt":{"rendered":"<p>La Asociaci\u00f3n Dominicana de Prensa Tur\u00edstica (Adompretur) celebr\u00f3 la XVII edici\u00f3n del Premio Nacional de Periodismo Tur\u00edstico \u201cEpifanio Lantigua\u201d 2021, donde result\u00f3 como gran ganador Miguel Febles, adem\u00e1s se premi\u00f3 a Marvin del Cid en la categor\u00eda \u201cFotograf\u00eda\u201d, Mar\u00eda Luisa L\u00f3pez, en la categor\u00eda \u201cMedios digitales\u201d, a Rafael Caballero y Andre\u00edna Germ\u00e1n en la categor\u00eda [&hellip;]<\/p>\n","protected":false},"author":4,"featured_media":242710,"comment_status":"open","ping_status":"closed","sticky":false,"template":"","format":"standard","meta":{"om_disable_all_campaigns":false,"jnews-multi-image_gallery":[],"jnews_single_post":[],"jnews_primary_category":[],"jnews_social_meta":[],"footnotes":""},"categories":[40],"tags":[1429],"class_list":["post-242709","post","type-post","status-publish","format-standard","has-post-thumbnail","hentry","category-industria","tag-santo-domingo"],"_links":{"self":[{"href":"https:\/\/dimensionturistica.com\/es\/wp-json\/wp\/v2\/posts\/242709","targetHints":{"allow":["GET"]}}],"collection":[{"href":"https:\/\/dimensionturistica.com\/es\/wp-json\/wp\/v2\/posts"}],"about":[{"href":"https:\/\/dimensionturistica.com\/es\/wp-json\/wp\/v2\/types\/post"}],"author":[{"embeddable":true,"href":"https:\/\/dimensionturistica.com\/es\/wp-json\/wp\/v2\/users\/4"}],"replies":[{"embeddable":true,"href":"https:\/\/dimensionturistica.com\/es\/wp-json\/wp\/v2\/comments?post=242709"}],"version-history":[{"count":0,"href":"https:\/\/dimensionturistica.com\/es\/wp-json\/wp\/v2\/posts\/242709\/revisions"}],"wp:featuredmedia":[{"embeddable":true,"href":"https:\/\/dimensionturistica.com\/es\/wp-json\/wp\/v2\/media\/242710"}],"wp:attachment":[{"href":"https:\/\/dimensionturistica.com\/es\/wp-json\/wp\/v2\/media?parent=242709"}],"wp:term":[{"taxonomy":"category","embeddable":true,"href":"https:\/\/dimensionturistica.com\/es\/wp-json\/wp\/v2\/categories?post=242709"},{"taxonomy":"post_tag","embeddable":true,"href":"https:\/\/dimensionturistica.com\/es\/wp-json\/wp\/v2\/tags?post=242709"}],"curies":[{"name":"wp","href":"https:\/\/api.w.org\/{rel}","templated":true}]}}