{"id":242644,"date":"2021-12-12T17:52:39","date_gmt":"2021-12-12T17:52:39","guid":{"rendered":"https:\/\/dimensionturistica.com\/es\/?p=242644"},"modified":"2021-12-12T17:52:39","modified_gmt":"2021-12-12T17:52:39","slug":"pero-sigue-siendo-el-rey-este-el-restaurante-los-tres-potrillos-de-vicente-fernandez","status":"publish","type":"post","link":"https:\/\/dimensionturistica.com\/es\/pero-sigue-siendo-el-rey-este-el-restaurante-los-tres-potrillos-de-vicente-fernandez\/","title":{"rendered":"\u00a1Pero sigue siendo el rey! Este el restaurante &#8216;Los tres potrillos&#8217; de Vicente Fern\u00e1ndez"},"content":{"rendered":"<p> <br \/>\n<\/p>\n<div id=\"cuerpo-nota\">\n<p>Hoy <strong>M\u00e9xico <\/strong>despert\u00f3 con la triste noticia del fallecimiento de <strong>Vicente Fern\u00e1ndez<\/strong>, quien llevaba 4 meses siendo atendido en el hospital <strong>Nation 2000,<\/strong> <strong>Guadalajara<\/strong>, donde su salud decay\u00f3 desde el 9 de agosto tras sufrir una ca\u00edda, ingresar a terapia intensiva el pasado 1\u00b0 de diciembre, donde las cosas se complicaron desde el pasado 9 de diciembre, cuyo desenlace fue el deceso del Charro de <strong>Huentit\u00e1n<\/strong>.\u00a0<\/p>\n<p><strong>Vicente Fern\u00e1ndez <\/strong>fue un icono del <strong>folclor nacional<\/strong> y todo un personaje de la <strong>cultura mexicana<\/strong>, que ser\u00e1 recordado por sus inigualables <strong>interpretaciones <\/strong>de temas del <strong>g\u00e9nero ranchero, <\/strong>que hicieron historia y marcaron a muchas <strong>generaciones <\/strong>de sus escuchas y fan\u00e1ticos, quienes estuvieron <strong>pendientes <\/strong>en todo momento y a quien el int\u00e9rprete de &#8216;El rey&#8217; o &#8216;Ac\u00e1 entre nos&#8217; les lleg\u00f3 a cantar hasta por 5 o 6 horas, durante sus <strong>conciertos<\/strong>.\u00a0<\/p>\n<aside class=\"relacionadas con-foto\">\n<h5>Noticias Relacionadas<\/h5>\n<\/aside>\n<aside class=\"htmlinline\"\/>\n<p>El cantante de <strong>m\u00fasica ranchera <\/strong>y legendario int\u00e9rprete de<strong> &#8216;El Rey&#8217;, <\/strong>de Jos\u00e9 Alfredo Jim\u00e9nez\u00a0fue tambi\u00e9n un empresario y junto con su familia form\u00f3 la <strong>Dinast\u00eda Fern\u00e1ndez<\/strong>, de quien descienden el tambi\u00e9n cantante <strong>Alejandro Fern\u00e1ndez <\/strong>y su hijo, <strong>Alejandro Fern\u00e1ndez Junior<\/strong>, quien tambi\u00e9n est\u00e1 buscando su camino en la industria de la m\u00fasica, poseen un gran patrimonio, entre los que se encuentran el rancho de &#8216;<strong>Los tres potrillos&#8217;<\/strong>, donde descansar\u00e1n sus restos y donde \u00e9l eligi\u00f3 que fuera su \u00faltima morada.\u00a0<\/p>\n<h3>Querr\u00e1s volver, volver, voolveeer<\/h3>\n<p>Al inside de este complejo, no s\u00f3lo se encuentran los <strong>caballos <\/strong>y estudio\u00a0de grabaci\u00f3n\u00a0de<strong> Don<\/strong> <strong>Chente,\u00a0\u00a0<\/strong>tambi\u00e9n existen diferentes espacios para realizar todo tipo de actividades, pues cuenta con restaurantes y lugares destinados al turismo, que se construy\u00f3 en\u00a0<strong>Tlajomulco <\/strong>de <strong>Z\u00fa\u00f1iga<\/strong>, que se haya\u00a0en <strong>Jalisco <\/strong>desde 1980, luego de d\u00e9cadas de esfuerzo por parte del patriarca de la Dinast\u00eda Fern\u00e1ndez.\u00a0<\/p>\n<aside class=\"relacionadas con-foto\">\n<h5>Noticias Relacionadas<\/h5>\n<\/aside>\n<p>Concretamente, el <strong>restaurante<\/strong>, cuyo hom\u00f3nimo es el nombre del rancho (&#8216;Los tres potrillos&#8217;) est\u00e1 abierto al p\u00fablico en normal y pueden consumir diferentes tipos de alimentos, que van desde los cortes de carne, hasta el servicio de <strong>buffet<\/strong>, en el que no puede faltar la comida mexicana y los desayunos cl\u00e1sicos, como\u00a0\u00a0huevos al gusto, jugo, caf\u00e9, pan dulce, fruta, menudo y quesadillas fritas. Sin embargo, tambi\u00e9n destaca la <strong>comida campestre<\/strong>.<\/p>\n<div class=\"image-align-center\">\n<figure class=\"image\"><img decoding=\"async\" alt=\"\" height=\"961\" src=\"https:\/\/www.gastrolabweb.com\/u\/fotografias\/m\/2021\/12\/12\/f768x1-22832_22959_126.jpg\" width=\"768\"\/><figcaption>En la entrada est\u00e1 una imagen del Charro de Huentit\u00e1n. Foto: Fb, restaurante de Los 3 potrillos.<\/figcaption><\/figure>\n<\/div>\n<p>El restaurante con m\u00e1s de 20 a\u00f1os abierto al p\u00fablico, cuenta con<strong> m\u00fasica en vivo<\/strong> y de acuerdo con sus redes sociales, el tipo de comida que se puede degustar son algunas de las grandes joyas gastron\u00f3micas del campo, como lo es el <a target=\"_blank\" href=\"https:\/\/www.gastrolabweb.com\/tendencias\/2021\/9\/16\/dia-del-guacamole-conoce-la-historia-de-esta-deliciosa-muy-mexicana-preparacion-15173.html\" rel=\"noopener\">guacamole<\/a>, <a target=\"_blank\" href=\"https:\/\/www.gastrolabweb.com\/recetas\/2021\/10\/21\/no-te-quedes-con-el-antojo-atrevete-preparar-una-costra-de-queso-con-carne-sigue-la-receta-16488.html\" rel=\"noopener\">queso <\/a>fundido, chorizo y otros tipos de carne a la parrilla o al carb\u00f3n. El servicio de buffet est\u00e1 en 150 pesos y los horarios de atenci\u00f3n son de lunes a viernes de 12 del d\u00eda a 8 de la noche; mientras que los fines de semana, puedes acudir desde las 8 de la ma\u00f1ana hasta las 8 de la noche y est\u00e1 ubicado en el kil\u00f3metro 20.3 de la carretera de Guadalajara a Chapala en la\u00a0Colonia\u00a0La Calera, Jal., MX.<\/p>\n<\/div>\n<p><script>\n  !function(f,b,e,v,n,t,s)\n  {if(f.fbq)return;n=f.fbq=function(){n.callMethod?\n  n.callMethod.apply(n,arguments):n.queue.push(arguments)};\n  if(!f._fbq)f._fbq=n;n.push=n;n.loaded=!0;n.version='2.0';\n  n.queue=[];t=b.createElement(e);t.async=!0;\n  t.src=v;s=b.getElementsByTagName(e)[0];\n  s.parentNode.insertBefore(t,s)}(window, document,'script',\n  'https:\/\/connect.facebook.net\/en_US\/fbevents.js');\n  fbq('init', '320366982718309');\n  fbq('track', 'PageView');\n  <\/script><script>\n      window.fbAsyncInit = function() {\n        FB.init({\n          appId      : '{273100694016244}',\n          status     : true,\n\t\t  version:  'v2.7',\n          xfbml      : true\n        });\nFB.Event.subscribe('comment.create', function (response) {grabacom_compa(18381)});\t\nFB.Event.subscribe('comment.remove',  function (response) {grabacom_compa(18381)});\t\nFB.Event.subscribe('edge.create',  function (response) {grabacom_compa(18381)});\nFB.Event.subscribe('edge.remove',  function (response) {grabacom_compa(18381)});\n      };\n(function(d, s, id) {\n  var js, fjs = d.getElementsByTagName(s)[0];\n  if (d.getElementById(id)) return;\n  js = d.createElement(s); js.id = id;\n  js.src = \"\/\/connect.facebook.net\/es_LA\/sdk.js#xfbml=1&version=v2.7&appId=273100694016244\";\n  fjs.parentNode.insertBefore(js, fjs);\n}(document, 'script', 'facebook-jssdk'));\n    <\/script><br \/>\n<br \/><\/p>\n<p><em> \u2018 The preceding article may include information circulated by third parties \u2019 <\/em><\/p>\n<p><em> \u2018 Some details of this article were extracted from the following source www.gastrolabweb.com \u2019 <\/em><\/p>\n","protected":false},"excerpt":{"rendered":"<p>Hoy M\u00e9xico despert\u00f3 con la triste noticia del fallecimiento de Vicente Fern\u00e1ndez, quien llevaba 4 meses siendo atendido en el hospital Nation 2000, Guadalajara, donde su salud decay\u00f3 desde el 9 de agosto tras sufrir una ca\u00edda, ingresar a terapia intensiva el pasado 1\u00b0 de diciembre, donde las cosas se complicaron desde el pasado 9 [&hellip;]<\/p>\n","protected":false},"author":2,"featured_media":242645,"comment_status":"open","ping_status":"closed","sticky":false,"template":"","format":"standard","meta":{"om_disable_all_campaigns":false,"jnews-multi-image_gallery":[],"jnews_single_post":[],"jnews_primary_category":[],"jnews_social_meta":[],"footnotes":""},"categories":[43],"tags":[],"class_list":["post-242644","post","type-post","status-publish","format-standard","has-post-thumbnail","hentry","category-gourmet"],"_links":{"self":[{"href":"https:\/\/dimensionturistica.com\/es\/wp-json\/wp\/v2\/posts\/242644","targetHints":{"allow":["GET"]}}],"collection":[{"href":"https:\/\/dimensionturistica.com\/es\/wp-json\/wp\/v2\/posts"}],"about":[{"href":"https:\/\/dimensionturistica.com\/es\/wp-json\/wp\/v2\/types\/post"}],"author":[{"embeddable":true,"href":"https:\/\/dimensionturistica.com\/es\/wp-json\/wp\/v2\/users\/2"}],"replies":[{"embeddable":true,"href":"https:\/\/dimensionturistica.com\/es\/wp-json\/wp\/v2\/comments?post=242644"}],"version-history":[{"count":0,"href":"https:\/\/dimensionturistica.com\/es\/wp-json\/wp\/v2\/posts\/242644\/revisions"}],"wp:featuredmedia":[{"embeddable":true,"href":"https:\/\/dimensionturistica.com\/es\/wp-json\/wp\/v2\/media\/242645"}],"wp:attachment":[{"href":"https:\/\/dimensionturistica.com\/es\/wp-json\/wp\/v2\/media?parent=242644"}],"wp:term":[{"taxonomy":"category","embeddable":true,"href":"https:\/\/dimensionturistica.com\/es\/wp-json\/wp\/v2\/categories?post=242644"},{"taxonomy":"post_tag","embeddable":true,"href":"https:\/\/dimensionturistica.com\/es\/wp-json\/wp\/v2\/tags?post=242644"}],"curies":[{"name":"wp","href":"https:\/\/api.w.org\/{rel}","templated":true}]}}