{"id":242583,"date":"2021-12-12T15:46:56","date_gmt":"2021-12-12T15:46:56","guid":{"rendered":"https:\/\/dimensionturistica.com\/es\/?p=242583"},"modified":"2021-12-12T15:46:57","modified_gmt":"2021-12-12T15:46:57","slug":"repercute-efectividad-medica-en-cuba-en-retorno-del-turismo","status":"publish","type":"post","link":"https:\/\/dimensionturistica.com\/es\/repercute-efectividad-medica-en-cuba-en-retorno-del-turismo\/","title":{"rendered":"Repercute efectividad m\u00e9dica en Cuba en retorno del turismo"},"content":{"rendered":"<p> <br \/>\n<\/p>\n<div>\n<p>Torres participa en la III Bolsa Internacional Destino Gaviota que en su \u00faltima fecha se celebra en el Resort Paradisus Cayos Santa Mar\u00eda, perteneciente al polo tur\u00edstico de la provincia central Villa Clara.<\/p>\n<p>Los visitantes conocen de la efectividad de las vacunas cubanas antiCovid-19 en la notable reducci\u00f3n de los y de la tasa de fallecidos, y comienzan a optar por el turismo de Cuba y en nuestro caso por el destino Gaviota S.A\u201d coment\u00f3 Torres a Prensa Latina.<\/p>\n<p>Destac\u00f3 que tambi\u00e9n son efectivos todos los protocolos de higiene que muestran los hoteles donde los trabajadores mantienen sus mascarillas y otras medidas de higienizaci\u00f3n, lo cual -acot\u00f3- brinda una gran confiabilidad a los hu\u00e9spedes en nuestras instalaciones.<\/p>\n<p>Sobre de la III Bolsa tur\u00edstica que concluir\u00e1 este domingo, consider\u00f3 que los eventos on-line repercuten favorablemente en las bolsas de negocios, pero nada sustituye a las ferias presenciales.<\/p>\n<p>\u201cHemos logrado un estrecho acercamiento con turoperadores y agentes de viajes de todo los continentes y los resultados son muy beneficios para el turismo de Cuba\u201d enfatiz\u00f3.<\/p>\n<p>Indic\u00f3 que Iberostar es una empresa espa\u00f1ola radicada en Cuba, la cual cuenta con 18 hoteles en sitios importantes del pa\u00eds como La Habana, Varadero, Matanzas y otros en la regi\u00f3n oriental de la isla y en cayos del archipi\u00e9lago.<\/p>\n<p>acl\/jfd<\/p>\n<\/p><\/div>\n\n<p><em> &#8221; Fuentes www.prensa-latina.cu &#8221; <\/em><\/p>\n","protected":false},"excerpt":{"rendered":"<p>Torres participa en la III Bolsa Internacional Destino Gaviota que en su \u00faltima fecha se celebra en el Resort Paradisus Cayos Santa Mar\u00eda, perteneciente al polo tur\u00edstico de la provincia central Villa Clara. Los visitantes conocen de la efectividad de las vacunas cubanas antiCovid-19 en la notable reducci\u00f3n de los y de la tasa de [&hellip;]<\/p>\n","protected":false},"author":4,"featured_media":242584,"comment_status":"open","ping_status":"closed","sticky":false,"template":"","format":"standard","meta":{"om_disable_all_campaigns":false,"jnews-multi-image_gallery":[],"jnews_single_post":[],"jnews_primary_category":[],"jnews_social_meta":[],"footnotes":""},"categories":[40],"tags":[956,715,35201,544],"class_list":["post-242583","post","type-post","status-publish","format-standard","has-post-thumbnail","hentry","category-industria","tag-cuba","tag-economia","tag-nota-informativa","tag-turismo"],"_links":{"self":[{"href":"https:\/\/dimensionturistica.com\/es\/wp-json\/wp\/v2\/posts\/242583","targetHints":{"allow":["GET"]}}],"collection":[{"href":"https:\/\/dimensionturistica.com\/es\/wp-json\/wp\/v2\/posts"}],"about":[{"href":"https:\/\/dimensionturistica.com\/es\/wp-json\/wp\/v2\/types\/post"}],"author":[{"embeddable":true,"href":"https:\/\/dimensionturistica.com\/es\/wp-json\/wp\/v2\/users\/4"}],"replies":[{"embeddable":true,"href":"https:\/\/dimensionturistica.com\/es\/wp-json\/wp\/v2\/comments?post=242583"}],"version-history":[{"count":0,"href":"https:\/\/dimensionturistica.com\/es\/wp-json\/wp\/v2\/posts\/242583\/revisions"}],"wp:featuredmedia":[{"embeddable":true,"href":"https:\/\/dimensionturistica.com\/es\/wp-json\/wp\/v2\/media\/242584"}],"wp:attachment":[{"href":"https:\/\/dimensionturistica.com\/es\/wp-json\/wp\/v2\/media?parent=242583"}],"wp:term":[{"taxonomy":"category","embeddable":true,"href":"https:\/\/dimensionturistica.com\/es\/wp-json\/wp\/v2\/categories?post=242583"},{"taxonomy":"post_tag","embeddable":true,"href":"https:\/\/dimensionturistica.com\/es\/wp-json\/wp\/v2\/tags?post=242583"}],"curies":[{"name":"wp","href":"https:\/\/api.w.org\/{rel}","templated":true}]}}