{"id":242185,"date":"2021-12-11T15:26:14","date_gmt":"2021-12-11T15:26:14","guid":{"rendered":"https:\/\/dimensionturistica.com\/es\/?p=242185"},"modified":"2021-12-11T15:26:15","modified_gmt":"2021-12-11T15:26:15","slug":"los-mejores-destinos-baratos-en-argentina-para-estas-vacaciones-2","status":"publish","type":"post","link":"https:\/\/dimensionturistica.com\/es\/los-mejores-destinos-baratos-en-argentina-para-estas-vacaciones-2\/","title":{"rendered":"Los mejores destinos &#8220;baratos&#8221; en Argentina para estas vacaciones"},"content":{"rendered":"<p> <br \/>\n<\/p>\n<div>\n<div class=\"fecha-movil\">\n<p>\n<span class=\"dia\">mi\u00e9rcoles, 1 de diciembre de 2021<\/span><br \/>\n<span class=\"brand-circle\"\/><br \/>\n<span class=\"hora\">23:16<\/span>\n<\/p>\n<\/div>\n<p>Luego de casi dos a\u00f1os de restricciones, los argentinos parecen tener a las vacaciones como prioridad absoluta en este verano, que promete ser r\u00e9cord en reservas, ahora que la pandemia dio un respiro y, a la vez, se cuenta con el\u00a0Plan\u00a0Previaje, con reintegros de hasta un 50%, lanzado por el Ministerio de\u00a0Turismo.<\/p>\n<p>De hecho, Turismo inform\u00f3 que ya quintuplic\u00f3 su facturaci\u00f3n respecto de 2020, con el plan de facilidades que aprovecharon casi dos millones de argentinos.<\/p>\n<p>Los siguientes son los lugares m\u00e1s elegidos para la temporada 2022:<\/p>\n<p><strong>BARILOCHE<\/strong><\/p>\n<p>(vuelo desde\u00a0Buenos Aires\u00a0en el foro de\u00a0Despegar\u00a0para una persona en clase turista durante la primera quincena de enero, entre $ 47.432 y $ 62.377).<\/p>\n<p>La localidad rionegrina ofrece paseos al Centro C\u00edvico y su Catedral, excursiones a Circuito Chico, cabalgatas y trekking en los cerros, as\u00ed como navegaci\u00f3n por el lago Nahuel Huapi.<\/p>\n<p>Bariloche, emblema de los viajes estudiantiles, es conocida tambi\u00e9n por sus sabores t\u00edpicos en candies, dulces y cervecer\u00edas artesanales, adem\u00e1s de platos regionales como trucha y cordero.<\/p>\n<p><strong>MENDOZA<\/strong>\n<\/p>\n<p>(vuelo desde Buenos Aires en el foro de\u00a0Despegar, destino a San Rafael, para una persona en clase turista durante la primera quincena de enero, $ 37.917)\n<\/p>\n<p>Embalse Valle Grande\u00a0es uno de los espejos de agua m\u00e1s importantes de la provincia y se caracteriza por sus aguas shade verde-turquesa. Es muy visitado por quienes practican\u00a0monta\u00f1ismo, senderismo, trekking y rafting.\n<\/p>\n<p>De pasada, se puede visitar el Ca\u00f1\u00f3n del Atuel, de millones de a\u00f1os de antig\u00fcedad, que contiene diversas figuras talladas por el viento y las aguas del r\u00edo Atuel.\n<\/p>\n<p>Tambi\u00e9n se pueden mencionar las dunas cercanas a\u00a0la villa El Nihuil\u00a0(30 mil hect\u00e1reas de area para recorrer en veh\u00edculos 4&#215;4) y las Salinas del Diamante.\n<\/p>\n<p><strong>C\u00d3RDOBA<\/strong>\n<\/p>\n<p>(vuelo desde Buenos Aires en el foro de\u00a0Despegar,\u00a0para una persona en clase turista durante la primera quincena de enero, entre los $ 18.693 y los $ 37.025).\n<\/p>\n<p>La propuesta m\u00e1s novedosa es hacer en bici los 48 kil\u00f3metros de la flamante\u00a0Ruta del Vino, donde hay vi\u00f1edos, bodegas y cavas. De paso se atraviesan las Sierras Grandes, donde destaca el Cerro Champaqu\u00ed y el balneario Puente Blanco.\n<\/p>\n<p>En el marco de los numerosos rincones naturales que presenta la geograf\u00eda serrana, no puede soslayarse\u00a0La Cumbrecita\u00a0y\u00a0Villa Basic Belgrano, otrora lugares de acceso dificultoso, pero en la actualidad de los m\u00e1s visitados.\n<\/p>\n<p><strong>NORTE<\/strong>\n<\/p>\n<p>(vuelo a San Miguel de Tucum\u00e1n en el foro de\u00a0Despegar, para una persona en clase turista durante la primera quincena de enero, entre los $ 24.775 y los $ 32.089)\n<\/p>\n<p>La Ruta 40\u00a0incluye vi\u00f1edos, monta\u00f1as, salinas, valles y gastronom\u00eda, en un circuito que integran Tucum\u00e1n, Salta y Jujuy. Lo traditional es comenzar por San Miguel de Tucum\u00e1n para llegar hasta la capital de Salta. Unas 3 horas m\u00e1s por ruta conducen a Jujuy, para empezar el camino shade tierra, con paradas en la Ruta 9.\n<\/p>\n<p>MISIONES\n<\/p>\n<p>(vuelo a\u00a0Puerto Iguaz\u00fa\u00a0en el foro de\u00a0Despegar, para una persona en clase turista durante la primera quincena de enero, entre $ 20.773 y $ 29.784).\n<\/p>\n<p>Las Cataratas del Iguaz\u00fa son una de las maravillas del mundo y se las puede visitar en tren, para atravesar la Garganta del Diablo. Los vagones son abiertos para poder respirar el ambiente selv\u00e1tico. Desde el Balc\u00f3n Garganta del Diablo se pueden ver saltos de m\u00e1s de 150 metros de longitud con una ca\u00edda de 80 metros, equivalente a un edificio de 30 pisos.\n<\/p>\n<p><strong>SANTA CRUZ<\/strong>\n<\/p>\n<p>(vuelo desde Buenos Aires a El Chalt\u00e9n en el foro de\u00a0Despegar, para una persona en clase turista durante la primera quincena de enero, entre $ 53.608 y $ 57.253).\n<\/p>\n<p>Declarado Capital Nacional del Trekking, el\u00a0Chalt\u00e9n\u00a0se convirti\u00f3 en uno de los destinos m\u00e1s visitados de la Argentina. Imponentes paisajes, glaciares, grandes lagos y cumbres nevadas componen los atractivos del lugar. Adem\u00e1s, hay senderos de monta\u00f1a y bosques nativos. Es de los lugares visitados por igual en verano e invierno.\n<\/p>\n<\/div>\n<p><script>\n      window.fbAsyncInit = function() {\n        FB.init({\n          appId      : '{156514237751510}',\n          status     : true,\n\t\t  version:  'v2.7',\n          xfbml      : true\n        });\nFB.Event.subscribe('comment.create', function (response) {grabacom_compa(417636)});\t\nFB.Event.subscribe('comment.remove',  function (response) {grabacom_compa(417636)});\t\nFB.Event.subscribe('edge.create',  function (response) {grabacom_compa(417636)});\nFB.Event.subscribe('edge.remove',  function (response) {grabacom_compa(417636)});\n      };\n(function(d, s, id) {\n  var js, fjs = d.getElementsByTagName(s)[0];\n  if (d.getElementById(id)) return;\n  js = d.createElement(s); js.id = id;\n  js.src = \"\/\/connect.facebook.net\/es_LA\/sdk.js#xfbml=1&version=v2.7&appId=156514237751510\";\n  fjs.parentNode.insertBefore(js, fjs);\n}(document, 'script', 'facebook-jssdk'));\n    <\/script><br \/>\n<br \/><\/p>\n<p><em> &#8221; Fuentes www.elesquiu.com &#8221; <\/em><\/p>\n","protected":false},"excerpt":{"rendered":"<p>mi\u00e9rcoles, 1 de diciembre de 2021 23:16 Luego de casi dos a\u00f1os de restricciones, los argentinos parecen tener a las vacaciones como prioridad absoluta en este verano, que promete ser r\u00e9cord en reservas, ahora que la pandemia dio un respiro y, a la vez, se cuenta con el\u00a0Plan\u00a0Previaje, con reintegros de hasta un 50%, lanzado [&hellip;]<\/p>\n","protected":false},"author":4,"featured_media":242186,"comment_status":"open","ping_status":"closed","sticky":false,"template":"","format":"standard","meta":{"om_disable_all_campaigns":false,"jnews-multi-image_gallery":[],"jnews_single_post":[],"jnews_primary_category":[],"jnews_social_meta":[],"footnotes":""},"categories":[39],"tags":[768,544],"class_list":["post-242185","post","type-post","status-publish","format-standard","has-post-thumbnail","hentry","category-viajes","tag-argentina","tag-turismo"],"_links":{"self":[{"href":"https:\/\/dimensionturistica.com\/es\/wp-json\/wp\/v2\/posts\/242185","targetHints":{"allow":["GET"]}}],"collection":[{"href":"https:\/\/dimensionturistica.com\/es\/wp-json\/wp\/v2\/posts"}],"about":[{"href":"https:\/\/dimensionturistica.com\/es\/wp-json\/wp\/v2\/types\/post"}],"author":[{"embeddable":true,"href":"https:\/\/dimensionturistica.com\/es\/wp-json\/wp\/v2\/users\/4"}],"replies":[{"embeddable":true,"href":"https:\/\/dimensionturistica.com\/es\/wp-json\/wp\/v2\/comments?post=242185"}],"version-history":[{"count":0,"href":"https:\/\/dimensionturistica.com\/es\/wp-json\/wp\/v2\/posts\/242185\/revisions"}],"wp:featuredmedia":[{"embeddable":true,"href":"https:\/\/dimensionturistica.com\/es\/wp-json\/wp\/v2\/media\/242186"}],"wp:attachment":[{"href":"https:\/\/dimensionturistica.com\/es\/wp-json\/wp\/v2\/media?parent=242185"}],"wp:term":[{"taxonomy":"category","embeddable":true,"href":"https:\/\/dimensionturistica.com\/es\/wp-json\/wp\/v2\/categories?post=242185"},{"taxonomy":"post_tag","embeddable":true,"href":"https:\/\/dimensionturistica.com\/es\/wp-json\/wp\/v2\/tags?post=242185"}],"curies":[{"name":"wp","href":"https:\/\/api.w.org\/{rel}","templated":true}]}}