{"id":241809,"date":"2021-12-10T19:50:16","date_gmt":"2021-12-10T19:50:16","guid":{"rendered":"https:\/\/dimensionturistica.com\/es\/?p=241809"},"modified":"2021-12-10T19:50:16","modified_gmt":"2021-12-10T19:50:16","slug":"eligen-a-peru-como-mejor-destino-de-cruceros-fluviales-en-los-world-cruise-awards-2021-economia","status":"publish","type":"post","link":"https:\/\/dimensionturistica.com\/es\/eligen-a-peru-como-mejor-destino-de-cruceros-fluviales-en-los-world-cruise-awards-2021-economia\/","title":{"rendered":"Eligen a Per\u00fa como mejor destino de cruceros fluviales en los World Cruise Awards 2021 | Econom\u00eda"},"content":{"rendered":"<p> <br \/>\n<\/p>\n<div>\n<section class=\"section-visibility\">\n<p class=\"\">El Per\u00fa fue elegido como el <a rel=\"nofollow noopener\" target=\"_blank\" href=\"https:\/\/larepublica.pe\/economia\/2021\/12\/10\/congreso-feriado-del-9-de-diciembre-por-batalla-de-ayacucho-regiria-desde-el-2022\/\">mejor destino de cruceros fluviales del mundo y tambi\u00e9n de Am\u00e9rica Latina <\/a>en la primera edici\u00f3n de los World Cruise Awards, anunci\u00f3 hoy la Comisi\u00f3n de <b>Promoci\u00f3n del Per\u00fa para la Exportaci\u00f3n y el Turismo (Promperu)<\/b>.<\/p>\n<aside class=\"ads_middle2-container ad-container\"\/>\n<p class=\"\">Con la finalidad de celebrar la <b>excelencia en el sector de cruceros<\/b>,<b> <\/b>a trav\u00e9s de su programa anual de premios, se realizaron los World Cruise Awards. Este es el evento hermano de los World Journey Awards, que desde 1994 reconoce la excelencia en viajes y turismo mundiales.<\/p>\n<p class=\"\">Estos premios fueron votados por profesionales de la industria, medios de comunicaci\u00f3n y los consumidores, que tuvieron que elegir entre sus marcas de cruceros favoritas. Cabe se\u00f1alar que la industria tur\u00edstica de cruceros es importante para las regiones que ven posibilidades en el desarrollo de <b>pr\u00e1cticas sostenibles alrededor de los recursos naturales <\/b>y paisajes emblem\u00e1ticos como el r\u00edo Amazonas.<\/p>\n<aside style=\"display:block;text-align:center;margin-bottom:10px\"\/>\n<blockquote><p><b>PUEDE VER: <\/b><a rel=\"nofollow noopener\" target=\"_blank\" class=\"interlinking-contenido-del-cuerpo\" href=\"https:\/\/larepublica.pe\/economia\/2021\/12\/10\/congreso-feriado-del-9-de-diciembre-por-batalla-de-ayacucho-regiria-desde-el-2022\/\">Feriado del 9 de diciembre regir\u00eda desde el 2022<\/a><\/p><\/blockquote>\n<p class=\"\">Ha sido un a\u00f1o alentador para nuestro pa\u00eds en cuanto a premios y nominaciones: hace unos meses Per\u00fa fue considerado <b>el mejor destino culinario de Sudam\u00e9rica <\/b>con el galard\u00f3n de WTA Sudam\u00e9rica. Asimismo, Machu Picchu fue considerado atracci\u00f3n tur\u00edstica l\u00edder en Sudam\u00e9rica y Promper\u00fa, la oficina de turismo l\u00edder de Sudam\u00e9rica.<\/p>\n<h2 class=\"\">Descentralizaci\u00f3n del turismo<\/h2>\n<p class=\"\">Este galard\u00f3n obliga a perfeccionar los servicios tur\u00edsticos que giran alrededor de este recurso, a reconocer las grandes oportunidades y potencial de este segmento para el <b>desarrollo de nuestras regiones<\/b>, as\u00ed como promover la descentralizaci\u00f3n del turismo, integr\u00e1ndose a los planes nacionales de reactivaci\u00f3n tur\u00edstica para el mediano y largo plazo.<\/p>\n<aside class=\"ads_inline-container ad-container\"\/>\n<p class=\"\">Por su parte, Promper\u00fa resalt\u00f3 la necesidad de<b> generar un turismo sostenible y responsable <\/b>con las comunidades y el medio ambiente, y de integrarlo a la descentralizaci\u00f3n para lograr el desarrollo del turismo receptivo e interno.<\/p>\n<p class=\"\">En ese sentido, felicit\u00f3 a quienes trabajan por hacer del Per\u00fa un destino id\u00f3neo para la industria de cruceros fluviales, desde donde se ayudar\u00e1 a preservar nuestra cultura, biodiversidad y a apuntar a ser siempre un destino con servicios tur\u00edsticos de alta calidad.<\/p>\n<aside class=\"ads_inlineTwo-container ad-container\"\/><\/section>\n<\/div>\n\n<p><em> &#8221; Fuentes larepublica.pe &#8221; <\/em><\/p>\n","protected":false},"excerpt":{"rendered":"<p>El Per\u00fa fue elegido como el mejor destino de cruceros fluviales del mundo y tambi\u00e9n de Am\u00e9rica Latina en la primera edici\u00f3n de los World Cruise Awards, anunci\u00f3 hoy la Comisi\u00f3n de Promoci\u00f3n del Per\u00fa para la Exportaci\u00f3n y el Turismo (Promperu). Con la finalidad de celebrar la excelencia en el sector de cruceros, a [&hellip;]<\/p>\n","protected":false},"author":4,"featured_media":241810,"comment_status":"open","ping_status":"closed","sticky":false,"template":"","format":"standard","meta":{"om_disable_all_campaigns":false,"jnews-multi-image_gallery":[],"jnews_single_post":[],"jnews_primary_category":[],"jnews_social_meta":[],"footnotes":""},"categories":[41],"tags":[544,545],"class_list":["post-241809","post","type-post","status-publish","format-standard","has-post-thumbnail","hentry","category-cruceros","tag-turismo","tag-viajes"],"_links":{"self":[{"href":"https:\/\/dimensionturistica.com\/es\/wp-json\/wp\/v2\/posts\/241809","targetHints":{"allow":["GET"]}}],"collection":[{"href":"https:\/\/dimensionturistica.com\/es\/wp-json\/wp\/v2\/posts"}],"about":[{"href":"https:\/\/dimensionturistica.com\/es\/wp-json\/wp\/v2\/types\/post"}],"author":[{"embeddable":true,"href":"https:\/\/dimensionturistica.com\/es\/wp-json\/wp\/v2\/users\/4"}],"replies":[{"embeddable":true,"href":"https:\/\/dimensionturistica.com\/es\/wp-json\/wp\/v2\/comments?post=241809"}],"version-history":[{"count":0,"href":"https:\/\/dimensionturistica.com\/es\/wp-json\/wp\/v2\/posts\/241809\/revisions"}],"wp:featuredmedia":[{"embeddable":true,"href":"https:\/\/dimensionturistica.com\/es\/wp-json\/wp\/v2\/media\/241810"}],"wp:attachment":[{"href":"https:\/\/dimensionturistica.com\/es\/wp-json\/wp\/v2\/media?parent=241809"}],"wp:term":[{"taxonomy":"category","embeddable":true,"href":"https:\/\/dimensionturistica.com\/es\/wp-json\/wp\/v2\/categories?post=241809"},{"taxonomy":"post_tag","embeddable":true,"href":"https:\/\/dimensionturistica.com\/es\/wp-json\/wp\/v2\/tags?post=241809"}],"curies":[{"name":"wp","href":"https:\/\/api.w.org\/{rel}","templated":true}]}}