{"id":241567,"date":"2021-12-10T11:30:06","date_gmt":"2021-12-10T11:30:06","guid":{"rendered":"https:\/\/dimensionturistica.com\/es\/?p=241567"},"modified":"2021-12-10T11:30:06","modified_gmt":"2021-12-10T11:30:06","slug":"turismo-adompretur-entrega-la-xvii-edicion-del-premio-epifanio-lantigua","status":"publish","type":"post","link":"https:\/\/dimensionturistica.com\/es\/turismo-adompretur-entrega-la-xvii-edicion-del-premio-epifanio-lantigua\/","title":{"rendered":"TURISMO &#8211; Adompretur entrega la XVII edici\u00f3n del Premio Epifanio Lantigua"},"content":{"rendered":"<p> <br \/>\n<\/p>\n<div id=\"ArticleBody\" style=\"margin-top:10px;\">\n<p>En una noche en la que predomin\u00f3 un ambiente de confraternidad, la directiva de la Asociaci\u00f3n Dominicana de Prensa Tur\u00edstica (Adompretur) celebr\u00f3 la XVII edici\u00f3n del Premio Nacional de Periodismo Tur\u00edstico Epifanio Lantigua.<\/p>\n<p>En la ceremonia, que se realiz\u00f3 en el lodge Barcel\u00f3 Santo Domingo, el\u00a0\u00a0Gran Premio fue entregado al periodista Miguel Febles por su reportaje \u201cMiches se prepara para ser la esmeralda del Este\u201d.<\/p>\n<p>Yenny Polaco Lovera, presidente de la entidad, exhort\u00f3 a los comunicadores a seguir el legado de Epifanio Lantigua, quien se dedic\u00f3 a promover el desarrollo del turismo desde su natal Puerto Plata, lo cual contribuy\u00f3 a que se convirtiera en el gran primer polo tur\u00edstico de proyecci\u00f3n internacional del pa\u00eds\u201d.\u00a0<\/p>\n<p>A la actividad asisti\u00f3 el ministro de Turismo, David Collado, quien reafirm\u00f3 su respaldo a esta industria. Felicit\u00f3 a los periodistas que con sus reportajes promueven los atractivos que tiene Rep\u00fablica Dominicana.<\/p>\n<p>Millizen Uribe, directora ejecutiva del PEL, destac\u00f3 \u201cEn esta edici\u00f3n dimos un paso adelante en lo cualitativo y este a\u00f1o limitamos a tres por categor\u00eda la cantidad de trabajos que se pod\u00edan presentar\u201d.<\/p>\n<p><strong>Reconocimientos In Memoriam<\/strong><\/p>\n<p>Dos momentos especiales de esta ceremonia fueron cuando se entregaron los reconocimientos p\u00f3stumos a Johnny Ventura y Jos\u00e9 Ignacio Morales \u201cEl Art\u00edstico\u201d.<\/p>\n<p>El reconocimiento\u00a0por sus aportes al turismo y\u00a0al inolvidable legado musical de Johnny Ventura fue recibido por su compa\u00f1era de vida, Josefina de Ventura y sus hijos Ana Yahaira y Juan de Dios.<\/p>\n<p>\u00a0La familia de\u00a0Jos\u00e9 Ignacio Morales \u201cEl Art\u00edstico\u201d, que recibi\u00f3 el reconocimiento por su contribuci\u00f3n solidaria al PEL durante 16 a\u00f1os, estuvo representada por su compa\u00f1era Aida Santana de Morales, sus hijos Jos\u00e9 Ignacio Morales Jr., y Yanina Morales, quien pronunci\u00f3 unas emotivas palabras.<\/p>\n<p><strong>Distinciones especiales<\/strong><\/p>\n<p>En la categor\u00eda \u201cMedios especializados en turismo\u201d, el jurado reconoci\u00f3\u00a0al portal\u00a0<strong>www.arecoa.com,<\/strong>\u00a0que desde sus inicios ofrece un servicio informativo apegado a la \u00e9tica y la verdad. Rafael Caballero y Andreina Germ\u00e1n recibieron la misma.<\/p>\n<p>Tambi\u00e9n fue reconocida\u00a0la revista<strong>\u00a0Santo Domingo Instances<\/strong>,\u00a0por sus 18 a\u00f1os y su edici\u00f3n n\u00famero 100, dedicadas a promover la ciudad de Santo Domingo.\u00a0La distinci\u00f3n fue entregada a Evelyn Betancourt, directora y fundadora de la revista.<\/p>\n<p>\u00a0<\/p>\n<p>\u00a0<\/p>\n<\/p><\/div>\n<p><script>\n        !function (f, b, e, v, n, t, s) {\n            if (f.fbq) return; n = f.fbq = function () {\n                n.callMethod ?\n                n.callMethod.apply(n, arguments) : n.queue.push(arguments)\n            }; if (!f._fbq) f._fbq = n;\n            n.push = n; n.loaded = !0; n.version = '2.0'; n.queue = []; t = b.createElement(e); t.async = !0;\n            t.src = v; s = b.getElementsByTagName(e)[0]; s.parentNode.insertBefore(t, s)\n        }(window,\n        document, 'script', 'https:\/\/connect.facebook.net\/en_US\/fbevents.js');\n        fbq('init', '336505603402465', {\n        });\n        fbq('track', 'PageView');\n    <\/script><script>\n        !function (f, b, e, v, n, t, s) {\n            if (f.fbq) return; n = f.fbq = function () {\n                n.callMethod ?\n                n.callMethod.apply(n, arguments) : n.queue.push(arguments)\n            }; if (!f._fbq) f._fbq = n;\n            n.push = n; n.loaded = !0; n.version = '2.0'; n.queue = []; t = b.createElement(e); t.async = !0;\n            t.src = v; s = b.getElementsByTagName(e)[0]; s.parentNode.insertBefore(t, s)\n        }(window,\n        document, 'script', 'https:\/\/connect.facebook.net\/en_US\/fbevents.js');\n        fbq('init', '871551932912625', {\n        });\n        fbq('track', 'PageView');\n    <\/script><script>\n    window.fbAsyncInit = function () {\n        FB.init({\n            appId: '482294438637972',\n            xfbml: true,\n            version: 'v2.7'\n        });\n    };\n    (function (d, s, id) {\n        var js, fjs = d.getElementsByTagName(s)[0];\n        if (d.getElementById(id)) { return; }\n        js = d.createElement(s); js.id = id;\n        js.src = \"https:\/\/connect.facebook.net\/en_US\/sdk.js\";\n        fjs.parentNode.insertBefore(js, fjs);\n    }(document, 'script', 'facebook-jssdk'));\n<\/script><br \/>\n<br \/><\/p>\n<p><em> &#8221; Fuentes listindiario.com &#8221; <\/em><\/p>\n","protected":false},"excerpt":{"rendered":"<p>En una noche en la que predomin\u00f3 un ambiente de confraternidad, la directiva de la Asociaci\u00f3n Dominicana de Prensa Tur\u00edstica (Adompretur) celebr\u00f3 la XVII edici\u00f3n del Premio Nacional de Periodismo Tur\u00edstico Epifanio Lantigua. En la ceremonia, que se realiz\u00f3 en el lodge Barcel\u00f3 Santo Domingo, el\u00a0\u00a0Gran Premio fue entregado al periodista Miguel Febles por su [&hellip;]<\/p>\n","protected":false},"author":4,"featured_media":241568,"comment_status":"open","ping_status":"closed","sticky":false,"template":"","format":"standard","meta":{"om_disable_all_campaigns":false,"jnews-multi-image_gallery":[],"jnews_single_post":[],"jnews_primary_category":[],"jnews_social_meta":[],"footnotes":""},"categories":[40],"tags":[547,1431,1432,1433,229,1427,705,1428,1136,1430,1429],"class_list":["post-241567","post","type-post","status-publish","format-standard","has-post-thumbnail","hentry","category-industria","tag-informacion","tag-listin","tag-listin-diario","tag-listin-digital","tag-news","tag-newspaper","tag-noticias","tag-periodicos","tag-prensa","tag-republica-dominicana","tag-santo-domingo"],"_links":{"self":[{"href":"https:\/\/dimensionturistica.com\/es\/wp-json\/wp\/v2\/posts\/241567","targetHints":{"allow":["GET"]}}],"collection":[{"href":"https:\/\/dimensionturistica.com\/es\/wp-json\/wp\/v2\/posts"}],"about":[{"href":"https:\/\/dimensionturistica.com\/es\/wp-json\/wp\/v2\/types\/post"}],"author":[{"embeddable":true,"href":"https:\/\/dimensionturistica.com\/es\/wp-json\/wp\/v2\/users\/4"}],"replies":[{"embeddable":true,"href":"https:\/\/dimensionturistica.com\/es\/wp-json\/wp\/v2\/comments?post=241567"}],"version-history":[{"count":0,"href":"https:\/\/dimensionturistica.com\/es\/wp-json\/wp\/v2\/posts\/241567\/revisions"}],"wp:featuredmedia":[{"embeddable":true,"href":"https:\/\/dimensionturistica.com\/es\/wp-json\/wp\/v2\/media\/241568"}],"wp:attachment":[{"href":"https:\/\/dimensionturistica.com\/es\/wp-json\/wp\/v2\/media?parent=241567"}],"wp:term":[{"taxonomy":"category","embeddable":true,"href":"https:\/\/dimensionturistica.com\/es\/wp-json\/wp\/v2\/categories?post=241567"},{"taxonomy":"post_tag","embeddable":true,"href":"https:\/\/dimensionturistica.com\/es\/wp-json\/wp\/v2\/tags?post=241567"}],"curies":[{"name":"wp","href":"https:\/\/api.w.org\/{rel}","templated":true}]}}