{"id":241469,"date":"2021-12-10T08:15:34","date_gmt":"2021-12-10T08:15:34","guid":{"rendered":"https:\/\/dimensionturistica.com\/es\/?p=241469"},"modified":"2021-12-10T08:15:35","modified_gmt":"2021-12-10T08:15:35","slug":"las-agencias-de-viajes-de-sevilla-valoran-el-puente-de-diciembre","status":"publish","type":"post","link":"https:\/\/dimensionturistica.com\/es\/las-agencias-de-viajes-de-sevilla-valoran-el-puente-de-diciembre\/","title":{"rendered":"Las Agencias de viajes de Sevilla valoran el puente de diciembre."},"content":{"rendered":"<p> <br \/>\n<\/p>\n<div>\n<div class=\"wysiwyg-photo\"><img decoding=\"async\" src=\"https:\/\/static.hosteltur.com\/app\/public\/uploads\/img\/releases\/2021\/12\/10\/L_090138_logo-pequeno.jpg\" alt=\"Imagen nota de prensa Hosteltur\" width=\"214\" height=\"113\"\/><\/div>\n<p>10 de diciembre de 2021.- Las Agencias de Viajes de Sevilla han cerrado el puente de la Constituci\u00f3n e Inmaculada con un importante aumento en reservas y ventas respecto al pasado a\u00f1o, pero todav\u00eda siguen lejos de las cifras de facturaci\u00f3n de 2019. Las reservas a nivel nacional han tenido un buen comportamiento. No ha sido as\u00ed el tr\u00e1fico internacional, al verse frenado el ritmo de contrataciones debido a las restricciones a la movilidad que se han vuelto imponer ante el aumento de contagios. \u201cTeniendo en cuenta que nuestros ingresos dependen en gran medida de los viajes internacionales, esta situaci\u00f3n ha vuelto a mermar de manera importante el avance de la actividad en las Agencias\u201d, afirma el presidente de la Asociaci\u00f3n Empresarial de Agencias de Viajes de Sevilla, Jos\u00e9 Manuel Lastra. Tambi\u00e9n han sufrido cancelaciones a destinos como Austria, Israel y Marruecos, ante el confinamiento de la poblaci\u00f3n en el pa\u00eds centroeuropeo y el cierre de fronteras en los otros dos destinos.<\/p>\n<p>De cara a la campa\u00f1a de los viajes del Imserso, cuyo inicio de ventas se producir\u00e1 en Andaluc\u00eda el pr\u00f3ximo 16 de diciembre, esperan que suponga por fin la recuperaci\u00f3n del mercado senior, si bien lamentan que en un a\u00f1o tan especial como este se haya producido un retraso de casi tres meses respecto a las fechas que inicialmente se barajaban, tanto para el proceso de reservas como para la operativa de los viajes. Las agencias de viajes indican estar recibiendo en sus tiendas a un creciente n\u00famero de usuarios del Imserso interesados en este programa de viajes, dirigido a 816.000 usuarios en toda Espa\u00f1a y a m\u00e1s de 31.000 en Sevilla y provincia.<\/p>\n<p>Respecto a los viajes y escapadas durante las fiestas navide\u00f1as, afirman estar teniendo muchas solicitudes de informaci\u00f3n que esperan se puedan ver formalizadas en los pr\u00f3ximos d\u00edas. \u201cHay una tendencia cada vez mayor a proponer los viajes como regalos durante estas fechas, por lo que esperamos cerrar esta campa\u00f1a con unas cifras de facturaci\u00f3n aceptables\u201d, asegura el presidente de AEVISE. Desde la Asociaci\u00f3n insisten en la seguridad que rodea a las actividades ligadas a los viajes y el turismo, indicando que tanto las medidas tomadas por todos los actores de la industria como el comportamiento responsable de los viajeros, son la mejor garant\u00eda para poder viajar con tranquilidad durante estas fechas. <\/p>\n<\/p><\/div>\n\n<p><em> &#8221; Fuentes www.hosteltur.com &#8221; <\/em><\/p>\n","protected":false},"excerpt":{"rendered":"<p>10 de diciembre de 2021.- Las Agencias de Viajes de Sevilla han cerrado el puente de la Constituci\u00f3n e Inmaculada con un importante aumento en reservas y ventas respecto al pasado a\u00f1o, pero todav\u00eda siguen lejos de las cifras de facturaci\u00f3n de 2019. Las reservas a nivel nacional han tenido un buen comportamiento. No ha [&hellip;]<\/p>\n","protected":false},"author":4,"featured_media":0,"comment_status":"open","ping_status":"closed","sticky":false,"template":"","format":"standard","meta":{"om_disable_all_campaigns":false,"jnews-multi-image_gallery":[],"jnews_single_post":[],"jnews_primary_category":[],"jnews_social_meta":[],"footnotes":""},"categories":[39],"tags":[715],"class_list":["post-241469","post","type-post","status-publish","format-standard","hentry","category-viajes","tag-economia"],"_links":{"self":[{"href":"https:\/\/dimensionturistica.com\/es\/wp-json\/wp\/v2\/posts\/241469","targetHints":{"allow":["GET"]}}],"collection":[{"href":"https:\/\/dimensionturistica.com\/es\/wp-json\/wp\/v2\/posts"}],"about":[{"href":"https:\/\/dimensionturistica.com\/es\/wp-json\/wp\/v2\/types\/post"}],"author":[{"embeddable":true,"href":"https:\/\/dimensionturistica.com\/es\/wp-json\/wp\/v2\/users\/4"}],"replies":[{"embeddable":true,"href":"https:\/\/dimensionturistica.com\/es\/wp-json\/wp\/v2\/comments?post=241469"}],"version-history":[{"count":0,"href":"https:\/\/dimensionturistica.com\/es\/wp-json\/wp\/v2\/posts\/241469\/revisions"}],"wp:attachment":[{"href":"https:\/\/dimensionturistica.com\/es\/wp-json\/wp\/v2\/media?parent=241469"}],"wp:term":[{"taxonomy":"category","embeddable":true,"href":"https:\/\/dimensionturistica.com\/es\/wp-json\/wp\/v2\/categories?post=241469"},{"taxonomy":"post_tag","embeddable":true,"href":"https:\/\/dimensionturistica.com\/es\/wp-json\/wp\/v2\/tags?post=241469"}],"curies":[{"name":"wp","href":"https:\/\/api.w.org\/{rel}","templated":true}]}}