{"id":241117,"date":"2021-12-09T17:14:34","date_gmt":"2021-12-09T17:14:34","guid":{"rendered":"https:\/\/dimensionturistica.com\/es\/?p=241117"},"modified":"2021-12-09T17:14:34","modified_gmt":"2021-12-09T17:14:34","slug":"reactivacion-economica-en-valladolid-aun-sin-despegar-sector-turistico","status":"publish","type":"post","link":"https:\/\/dimensionturistica.com\/es\/reactivacion-economica-en-valladolid-aun-sin-despegar-sector-turistico\/","title":{"rendered":"Reactivaci\u00f3n econ\u00f3mica en Valladolid, a\u00fan sin despegar: Sector tur\u00edstico"},"content":{"rendered":"<p> <br \/>\n<\/p>\n<div id=\"cuerpo-nota\">\n<p style=\"text-align: justify;\">Al cumplirse los primeros 100 d\u00edas de la precise administraci\u00f3n municipal, encabezada por Alfredo Fern\u00e1ndez Arceo, representantes del <strong>gremio hotelero y restaurantero<\/strong> perciben que el <strong>Alcalde <\/strong>poco a poco se ha involucrado con las diferentes c\u00e1maras empresariales y ello le ha permitido conocer de cerca las <strong>principales problem\u00e1ticas<\/strong> del <strong>sector tur\u00edstico<\/strong>, por lo que en ese contexto, sus representantes tienen fe en que los primeros frutos de esos acercamientos podr\u00edan verse reflejados en los pr\u00f3ximos meses.<\/p>\n<p style=\"text-align: justify;\">Algunos de los aspectos m\u00e1s sensibles se\u00f1alados por representantes de ambos gremios se relacionaron con la reactivaci\u00f3n econ\u00f3mica, pero tambi\u00e9n con proyectos de trabajo que, a su decir, a\u00fan quedan pendientes en la agenda municipal.<\/p>\n<aside class=\"htmlinline\"\/>\n<aside class=\"relacionadas con-foto\">\n<h5>Noticias Relacionadas<\/h5>\n<\/aside>\n<p class=\"image-align-center\"><img decoding=\"async\" alt=\"\" height=\"576\" src=\"https:\/\/www.poresto.net\/u\/fotografias\/m\/2021\/12\/9\/f768x1-161925_162052_5050.jpeg\" width=\"768\"\/><\/p>\n<p style=\"text-align: justify;\">Fern\u00e1ndez Arceo lleg\u00f3 al poder avalado por la coalici\u00f3n entre el Partido Acci\u00f3n Nacional (<strong>PAN<\/strong>) y <strong>Nueva Alianza<\/strong>, luego de que el municipio fuera gobernado en dos ocasiones consecutivas por alcaldes del Partido Movimiento de Regeneraci\u00f3n Nacional (<strong>Morena<\/strong>).<\/p>\n<aside class=\"htmlinline\"\/>\n<aside class=\"relacionadas con-foto\">\n<h5>Noticias Relacionadas<\/h5>\n<\/aside>\n<p style=\"text-align: justify;\">Cuestionado precisamente sobre los 100 primeros d\u00edas de Gobierno, Rodrigo Escalante Escalante, presidente de la <strong>Asociaci\u00f3n de Hoteles y Hostales de Valladolid<\/strong>, se\u00f1al\u00f3 que en las primeras reuniones sostenidas se pusieron sobre la mesa varios planteamientos y propuestas, mismos que han surgido tanto de la autoridad municipal como del sector empresarial y tiene fe en que durante los siguientes meses estos se vayan aterrizando en beneficio del sector tur\u00edstico.<\/p>\n<p style=\"text-align: justify;\">Explic\u00f3 que, en campa\u00f1a, Fern\u00e1ndez Arceo hizo varios ofrecimientos a los diferentes sectores y c\u00e1maras, y todos tienen fe en que se vayan cumpliendo conforme avancen los meses, ya que en el agregado de que 100 d\u00edas no son suficiente para desarrollarlos.<\/p>\n<p style=\"text-align: justify;\">Manifest\u00f3 que Valladolid definitivamente est\u00e1 dejando de ser un destino de paso para convertirse en uno de pernocta y ello, en parte, es gracias al trabajo en conjunto de la Asociaci\u00f3n de Hoteles y Hostales del municipio, la <strong>Administraci\u00f3n Municipal<\/strong>, el <strong>Gobierno Estatal<\/strong> y de manera especial, con la<strong> Secretar\u00eda de Fomento Tur\u00edstico del Gobierno del Estado<\/strong>, que han dado una mayor difusi\u00f3n a todas las<strong> <\/strong><strong>actividades tur\u00edsticas, culturales y gastron\u00f3micas de Valladolid <\/strong>y sus alrededores.<\/p>\n<p style=\"text-align: justify;\">El representante de los hoteleros expres\u00f3 que durante la <strong>pandemia <\/strong>varios del gremio tuvieron que cerrar sus puertas y la reactivaci\u00f3n econ\u00f3mica apenas comenz\u00f3 a darse de manera paulatina, por lo que al referirse a los pendientes que el edil tendr\u00eda en su agenda con el sector hotelero y los establecimientos, destaca el de lograr \u201cpiso parejo\u201d para todos los centros de hospedaje, incluidas las casas\u2013habitaci\u00f3n, que \u00faltimamente se han estado dando en renta y Airbnb, \u201cpara que todos estemos regularizados, se tengan los mismos derechos, pero sobre todo, las mismas obligaciones\u201d.\n<\/p>\n<p style=\"text-align: justify;\">Ahondando sobre el tema, Escalante Escalante reiter\u00f3 que Valladolid ha experimentado un \u201cBoom\u201d en lo que a <strong>afluencia tur\u00edstica<\/strong> se refiere y poco a poco, va dejando de ser un destino tur\u00edstico de paso a ser de pernocta, como lo demuestra el hecho de que, al 2021 la Ciudad posee aproximadamente 100 hoteles y hostales, sin contar las casas en renta y Airbnb\u00b4s.\n<\/p>\n<p class=\"image-align-center\"><img decoding=\"async\" alt=\"\" height=\"576\" src=\"https:\/\/www.poresto.net\/u\/fotografias\/m\/2021\/12\/9\/f768x1-161924_162051_5050.jpeg\" width=\"768\"\/>\n<\/p>\n<p style=\"text-align: justify;\">Actualmente, con 56 mil 494 habitantes, <strong>Valladolid es la segunda mayor conglomeraci\u00f3n urbana del Estado de Yucat\u00e1n<\/strong> y al estar estrat\u00e9gicamente ubicada entre <strong>M\u00e9rida <\/strong>y <strong>Canc\u00fan <\/strong>la vuelve un importante punto de referencia en lo que al turismo se refiere.\n<\/p>\n<p style=\"text-align: justify;\">En el mismo orden de concepts, Carlos Guillermo Aguirre Aguilar, presidente de la Asociaci\u00f3n de Restaurantes y Servicios Gastron\u00f3micos de Valladolid (<strong>RESERVA<\/strong>) reconoci\u00f3 que, desde el primer d\u00eda de su mandato, Fern\u00e1ndez Arceo propici\u00f3 un acercamiento con el gremio y en una de las primeras reuniones sostenidas con miembros de la asociaci\u00f3n le fueron planteadas una serie de situaciones que afectaban a los restauranteros locales, por lo que se comprometi\u00f3 a darle soluci\u00f3n en su oportunidad.\n<\/p>\n<p style=\"text-align: justify;\">En relaci\u00f3n al seguimiento dado por la <strong>autoridad municipal<\/strong>, precis\u00f3 que el momento en que se produjo el cambio de administraci\u00f3n municipal fue lo que quiz\u00e1 ha estado afectando un poco para concretar los proyectos en com\u00fan, \u201cespecialmente en lo concerniente al a\u00f1o fiscal, pero si, ha habido un dialogo constante y hemos tenido muchas coincidencias para lograr que Valladolid se consolide como uno de los mejores destinos de la regi\u00f3n, tal y como efectivamente qued\u00f3 demostrado durante las actividades del <strong>Hanal Pix\u00e1n<\/strong> organizadas en noviembre pasado\u201d, expuso.\n<\/p>\n<p style=\"text-align: justify;\">Explic\u00f3 que uno de los principales ofrecimientos de campa\u00f1a del hoy Alcalde incluy\u00f3 el establecimiento de una Ventanilla Unica para la realizaci\u00f3n de pagos, cuya ventaja ser\u00e1 tener un espacio para que todos los restauranteros entreguen sus documentos y realicen el <strong>pago de impuestos<\/strong> en un solo momento y, as\u00ed se eviten tantas vueltas y todo lo que ello acarrea\u201d.\n<\/p>\n<p style=\"text-align: justify;\">Al referirse al apoyo otorgado durante el proceso de r<strong>eactivaci\u00f3n econ\u00f3mica<\/strong>, precis\u00f3 que se trata de algo un poco complicado, pues es el Gobierno del Estado el que regula ciertas situaciones; \u201csin embargo, el <strong>municipio <\/strong>ha otorgado una gran cantidad de facilidades a los <strong>restauranteros <\/strong>para que est\u00e9n pendientes de cumplir la normativa y as\u00ed se eviten multas o clausuras como ocurri\u00f3 durante la ola de inspecciones efectuadas hace unos meses atr\u00e1s\u201d, refiri\u00f3.\n<\/p>\n<p class=\"image-align-center\"><img decoding=\"async\" alt=\"\" height=\"569\" src=\"https:\/\/www.poresto.net\/u\/fotografias\/m\/2021\/12\/9\/f768x1-161927_162054_5050.jpeg\" width=\"768\"\/>\n<\/p>\n<p style=\"text-align: justify;\">Coment\u00f3 que actualmente, en la<strong> Sultana de Oriente<\/strong>, RESERVA tiene aproximadamente 100 establecimientos, todos afiliados a la <strong>Canirac <\/strong>y con licencia para la venta de alimentos y bebidas, mismos que hoy funcionan al 95 por ciento de su capacidad y con horario de atenci\u00f3n hasta las 20:00 horas, debido a la pandemia.\n<\/p>\n<p style=\"text-align: justify;\">\u201cPero esa situaci\u00f3n podr\u00eda cambiar para bien despu\u00e9s del 15 de enero pr\u00f3ximo, dependiendo desde luego del n\u00famero de contagios observados a esa fecha\u201d, se\u00f1al\u00f3.\n<\/p>\n<p style=\"text-align: justify;\"><strong>POR ESTO!<\/strong> intent\u00f3 obtener de primera mano, toda la informaci\u00f3n relacionada a los principales ofrecimientos del edil vallisoletano para con los sectores antes mencionados y escuchar de su propia voz cuales ha cumplido hasta el momento; sin embargo, la secretaria del Despacho de la Presidencia indic\u00f3 que toda reuni\u00f3n con el Alcalde se maneja con base a la agenda, por lo que al intentar contactar a Ariadne S\u00e1nchez (responsable del \u00e1rea de <strong>Comunicaci\u00f3n Social de la Comuna<\/strong>) para ese mismo fin y despu\u00e9s de esperarla durante varios minutos, le devolvi\u00f3 la llamada a esa misma secretaria solo para decir que se encontraba en una reuni\u00f3n y que ser\u00eda ella quien se comunicar\u00eda con el corresponsal, situaci\u00f3n que nunca ocurri\u00f3.\n<\/p>\n<p style=\"text-align: justify;\">S\u00edguenos en <a rel=\"nofollow noopener\" target=\"_blank\" href=\"https:\/\/news.google.com\/publications\/CAAqBwgKMMLDmwswhs6zAw?oc=3&amp;ceid=MX:es-419&amp;hl=es-419&amp;gl=MX\">Google News <\/a>y recibe la mejor informaci\u00f3n\u00a0\n<\/p>\n<p style=\"text-align: justify;\">CC\n<\/p>\n<\/div>\n<p><script>\n      window.fbAsyncInit = function() {\n        FB.init({\n          appId      : '{292213061927134}',\n          status     : true,\n\t\t  version:  'v2.7',\n          xfbml      : true\n        });\nFB.Event.subscribe('comment.create', function (response) {grabacom_compa(304396)});\t\nFB.Event.subscribe('comment.remove',  function (response) {grabacom_compa(304396)});\t\nFB.Event.subscribe('edge.create',  function (response) {grabacom_compa(304396)});\nFB.Event.subscribe('edge.remove',  function (response) {grabacom_compa(304396)});\n      };\n(function(d, s, id) {\n  var js, fjs = d.getElementsByTagName(s)[0];\n  if (d.getElementById(id)) return;\n  js = d.createElement(s); js.id = id;\n  js.src = \"\/\/connect.facebook.net\/es_LA\/sdk.js#xfbml=1&version=v2.7&appId=292213061927134\";\n  fjs.parentNode.insertBefore(js, fjs);\n}(document, 'script', 'facebook-jssdk'));\n    <\/script><br \/>\n<br \/><\/p>\n<p><em> &#8221; Fuentes www.poresto.net &#8221; <\/em><\/p>\n","protected":false},"excerpt":{"rendered":"<p>Al cumplirse los primeros 100 d\u00edas de la precise administraci\u00f3n municipal, encabezada por Alfredo Fern\u00e1ndez Arceo, representantes del gremio hotelero y restaurantero perciben que el Alcalde poco a poco se ha involucrado con las diferentes c\u00e1maras empresariales y ello le ha permitido conocer de cerca las principales problem\u00e1ticas del sector tur\u00edstico, por lo que en [&hellip;]<\/p>\n","protected":false},"author":4,"featured_media":241118,"comment_status":"open","ping_status":"closed","sticky":false,"template":"","format":"standard","meta":{"om_disable_all_campaigns":false,"jnews-multi-image_gallery":[],"jnews_single_post":[],"jnews_primary_category":[],"jnews_social_meta":[],"footnotes":""},"categories":[39],"tags":[37174,2824,2504],"class_list":["post-241117","post","type-post","status-publish","format-standard","has-post-thumbnail","hentry","category-viajes","tag-reactivacion-ecomica","tag-valladolid","tag-yucatan"],"_links":{"self":[{"href":"https:\/\/dimensionturistica.com\/es\/wp-json\/wp\/v2\/posts\/241117","targetHints":{"allow":["GET"]}}],"collection":[{"href":"https:\/\/dimensionturistica.com\/es\/wp-json\/wp\/v2\/posts"}],"about":[{"href":"https:\/\/dimensionturistica.com\/es\/wp-json\/wp\/v2\/types\/post"}],"author":[{"embeddable":true,"href":"https:\/\/dimensionturistica.com\/es\/wp-json\/wp\/v2\/users\/4"}],"replies":[{"embeddable":true,"href":"https:\/\/dimensionturistica.com\/es\/wp-json\/wp\/v2\/comments?post=241117"}],"version-history":[{"count":0,"href":"https:\/\/dimensionturistica.com\/es\/wp-json\/wp\/v2\/posts\/241117\/revisions"}],"wp:featuredmedia":[{"embeddable":true,"href":"https:\/\/dimensionturistica.com\/es\/wp-json\/wp\/v2\/media\/241118"}],"wp:attachment":[{"href":"https:\/\/dimensionturistica.com\/es\/wp-json\/wp\/v2\/media?parent=241117"}],"wp:term":[{"taxonomy":"category","embeddable":true,"href":"https:\/\/dimensionturistica.com\/es\/wp-json\/wp\/v2\/categories?post=241117"},{"taxonomy":"post_tag","embeddable":true,"href":"https:\/\/dimensionturistica.com\/es\/wp-json\/wp\/v2\/tags?post=241117"}],"curies":[{"name":"wp","href":"https:\/\/api.w.org\/{rel}","templated":true}]}}