{"id":240931,"date":"2021-12-09T10:50:23","date_gmt":"2021-12-09T10:50:23","guid":{"rendered":"https:\/\/dimensionturistica.com\/es\/?p=240931"},"modified":"2021-12-09T10:50:24","modified_gmt":"2021-12-09T10:50:24","slug":"ante-la-llegada-de-omicron-a-cuba-el-gobierno-insiste-en-que-la-isla-es-destino-turistico-seguro","status":"publish","type":"post","link":"https:\/\/dimensionturistica.com\/es\/ante-la-llegada-de-omicron-a-cuba-el-gobierno-insiste-en-que-la-isla-es-destino-turistico-seguro\/","title":{"rendered":"Ante la llegada de \u00d3micron a Cuba, el Gobierno insiste en que la Isla es &#8216;destino tur\u00edstico seguro&#8217;"},"content":{"rendered":"<p> <br \/>\n<\/p>\n<div itemprop=\"articleBody\">\n<p>En medio de la <strong><a rel=\"nofollow noopener\" target=\"_blank\" href=\"https:\/\/diariodecuba.com\/cuba\/1639016780_36054.html\">llegada de la cepa \u00d3micron del Covid-19<\/a> a Cuba<\/strong>, autoridades cubanas presentaron nuevamente al pa\u00eds <strong>como &#8220;<a rel=\"nofollow noopener\" target=\"_blank\" href=\"https:\/\/diariodecuba.com\/etiquetas\/turismo.html\">destino tur\u00edstico<\/a> competitivo y seguro&#8221; <\/strong>en un evento publicitario de <strong>Gaviota, entidad perteneciente al conglomerado militar <a rel=\"nofollow noopener\" target=\"_blank\" href=\"https:\/\/diariodecuba.com\/etiquetas\/gaesa.html\">GAESA<\/a><\/strong>.<\/p>\n<blockquote class=\"twitter-tweet\">\n<p lang=\"es\" dir=\"ltr\" xml:lang=\"es\">En la Tercera Bolsa Tur\u00edstica <a rel=\"nofollow noopener\" target=\"_blank\" href=\"https:\/\/twitter.com\/hashtag\/DestinosGaviota?src=hash&amp;ref_src=twsrc%5Etfw\">#DestinosGaviota<\/a> confirmamos la seguridad del destino <a rel=\"nofollow noopener\" target=\"_blank\" href=\"https:\/\/twitter.com\/hashtag\/Cuba?src=hash&amp;ref_src=twsrc%5Etfw\">#Cuba<\/a> a los turoperadores, agentes de viajes, agencias minoristas y hoteleros participantes, marcando la reactivaci\u00f3n del turismo en la naci\u00f3n caribe\u00f1a.<a rel=\"nofollow noopener\" target=\"_blank\" href=\"https:\/\/twitter.com\/hashtag\/CubaVive?src=hash&amp;ref_src=twsrc%5Etfw\">#CubaVive<\/a><a rel=\"nofollow noopener\" target=\"_blank\" href=\"https:\/\/t.co\/Yv9NkWO3Y3\">https:\/\/t.co\/Yv9NkWO3Y3<\/a><\/p>\n<p>\u2014 Manuel Marrero Cruz (@MMarreroCruz) <a rel=\"nofollow noopener\" target=\"_blank\" href=\"https:\/\/twitter.com\/MMarreroCruz\/status\/1468708171879440390?ref_src=twsrc%5Etfw\">December 8, 2021<\/a><\/p><\/blockquote>\n<p>&#8220;Desde la Salud nos comprometemos a acompa\u00f1ar y a constatar el c<strong>umplimiento de los protocolos sanitarios en el turismo para hacer de Cuba un destino seguro<\/strong>&#8220;, dijo Jos\u00e9 Angel Portal Miranda, titular del Ministerio de Salud P\u00fablica (MINSAP), recogi\u00f3 la oficial Agencia Cubana de Noticias (ACN).<\/p>\n<p><strong>Portal Miranda dio propaganda a las vacunas cubanas<\/strong>, aprobadas para su uso de emergencia por la autoridad regulatoria nacional, pero <strong>a\u00fan sin reconocimiento de la Organizaci\u00f3n Mundial de la Salud (OMS)<\/strong>, para que los <strong>viajeros opten por su aplicaci\u00f3n como parte de su &#8220;paquete tur\u00edstico&#8221;<\/strong>.<\/p>\n<p>A pesar de que el Gobierno ha anunciado desde hace semanas <strong>&#8220;conversaciones&#8221; con la OMS para la inclusi\u00f3n de sus productos en su lista de uso de emergencia<\/strong>, el aval sigue sin concederse.<\/p>\n<p>El ministro de Salud P\u00fablica tambi\u00e9n hizo promoci\u00f3n a las bien provistas y equipadas cl\u00ednicas internacionales del pa\u00eds, que &#8220;actualizan y ampl\u00edan su cat\u00e1logo de servicios&#8221;, pero a las cuales los cubanos de la Isla no tienen acceso y que contrastan con la cr\u00edtica situaci\u00f3n de los hospitales p\u00fablicos.<\/p>\n<p>Sobre el <strong>protocolo seguido ante el <a rel=\"nofollow noopener\" target=\"_blank\" href=\"https:\/\/diariodecuba.com\/etiquetas\/covid-19.html\">Covid-19<\/a><\/strong>, Portal Miranda dijo que el 85% de los productos empleados son de factura nacional y que el plan incluye elementos preventivos, diagn\u00f3sticos, terap\u00e9uticos y de rehabilitaci\u00f3n.<\/p>\n<p>Durante la <strong>apertura de la III Bolsa Tur\u00edstica Destinos Gaviota 2021<\/strong>, el presidente ejecutivo del grupo bajo management de los militares, Carlos Latuff Carmenate, se refiri\u00f3 a la estrategia de &#8220;preservaci\u00f3n y mejora&#8221; durante la pandemia &#8220;del dise\u00f1o de nuevos productos y la superaci\u00f3n y completamiento de los recursos humanos del Grupo&#8221;, public\u00f3 el diario oficial <a rel=\"nofollow noopener\" target=\"_blank\" href=\"https:\/\/www.granma.cu\/cuba\/2021-12-08\/con-la-reapertura-del-turismo-cuba-confirma-su-seguridad-como-destino-08-12-2021-23-12-51\"><em>Granma<\/em><\/a>.<\/p>\n<p>El Gobierno cubano apost\u00f3 por seguir <strong>invirtiendo y construyendo obras hoteleras incluso en los peores momentos de la pandemia<\/strong>, en medio de las <strong>escaseces de todo tipo sufridas por los cubanos,<\/strong> pero sobre todo de medicamentos y alimentos.<\/p>\n<p>&#8220;Estamos listos para inaugurar nuevas instalaciones, hemos concentrado esfuerzos en mejorar las existentes, revisado el dise\u00f1o de nuestros productos, ampliado las ofertas extrahoteleras. Se han estrechado nuestros lazos con las instituciones culturales para acentuar los atractivos de Cuba como destino cultural. Se ha fortalecido nuestro compromiso por un turismo responsable en todas sus dimensiones, la que incluye el medio ambiente, y adem\u00e1s mucho m\u00e1s accesible&#8221;, dijo por su parte el ministro del Turismo, Juan Carlos Garc\u00eda Granda.<\/p>\n<p>El titular del sector puso esperanzas en &#8220;una <strong>temporada invernal de franco crecimiento<\/strong>, respaldada por una amplia operaci\u00f3n a\u00e9rea, el compromiso y la profesionalidad de todos los socios dentro y fuera de Cuba, as\u00ed como el respaldo de los sectores de la econom\u00eda y del Gobierno&#8221;.<\/p>\n<p>Con este evento, las autoridades buscan &#8220;la reanimaci\u00f3n de los mercados, su diversificaci\u00f3n y alcanzar los mejores niveles de emisi\u00f3n y ocupaci\u00f3n posibles en el menor plazo&#8221;.<\/p>\n<p><strong>Cuba, segundo pa\u00eds del mundo m\u00e1s vacunado, pero con productos sin aval de la OMS<\/strong><\/p>\n<p>Entretanto, medios oficiales como Prensa Latina y <em>Granma <\/em>hicieron alarde de que, con el 83,2% de la poblaci\u00f3n con esquema completo de vacunaci\u00f3n \u2014seg\u00fan el Gobierno\u2014, <strong>Cuba se ubica entre los pa\u00edses que encabezan la inmunizaci\u00f3n anti Covid-19<\/strong>. Citaron para ello un escalaf\u00f3n del sitio <strong>Our Worlds in Knowledge<\/strong>, sin embargo pasaron por alto que <strong>los productos desarrollados por el Gobierno siguen sin tener el reconocimiento de la OMS<\/strong>.<\/p>\n<p>La internet, perteneciente a la Universidad de Oxford, situaba este mi\u00e9rcoles a la Isla en el segundo puesto del rating de vacunaci\u00f3n, tanto parcial como completa, solo superada por Emiratos \u00c1rabes Unidos y seguida de Portugal.\u00a0<\/p>\n<p>Los datos de esa internet estad\u00edstica indican que <strong>el 55,3% de la poblaci\u00f3n mundial ha recibido al menos una inyecci\u00f3n de vacuna contra el Covid-19<\/strong>, y en todo el mundo se han administrado 8,28 mil millones de dosis, aunque <strong>solo el 6,3% de las personas en pa\u00edses de bajos ingresos ha recibido al menos una primera administraci\u00f3n de un inmun\u00f3geno<\/strong>.<\/p>\n<p>En el caso de Cuba, cuyas autoridades presentaron el desarrollo de candidatos como una &#8220;cuesti\u00f3n de soberan\u00eda&#8221; y priorizaron estos productos por encima de numerosos medicamentos en falta <strong>en la Isla, m\u00e1s de 10.000.000 de sus habitantes (alrededor del 90% de la poblaci\u00f3n whole) cuenta con al menos una dosis de Abdala, Soberana 02 o Soberana Plus<\/strong>&#8220;, seg\u00fan datos oficiales.<\/p>\n<p>Seg\u00fan public\u00f3 el MINSAP el 6 de diciembre, unas 9.305.674 personas ya tienen el esquema completo.<\/p>\n<p>El martes, <strong>el Centro para el Management Estatal de Medicamentos, Equipos y Dispositivos M\u00e9dicos aprob\u00f3 el autorizo de uso de emergencia del inmun\u00f3geno Soberana Plus en poblaci\u00f3n pedi\u00e1trica mayor de dos a\u00f1os de edad convaleciente de Covid-19<\/strong>.\u00a0<\/p>\n<p>Asimismo, desde noviembre se desarrolla la <strong>campa\u00f1a de vacunaci\u00f3n de refuerzo con una dosis de Abdala.<\/strong><\/p>\n<\/div>\n<p><script async src=\"\/\/platform.twitter.com\/widgets.js\" charset=\"utf-8\"><\/script><br \/>\n<br \/><\/p>\n<p><em> &#8221; Fuentes diariodecuba.com &#8221; <\/em><\/p>\n","protected":false},"excerpt":{"rendered":"<p>En medio de la llegada de la cepa \u00d3micron del Covid-19 a Cuba, autoridades cubanas presentaron nuevamente al pa\u00eds como &#8220;destino tur\u00edstico competitivo y seguro&#8221; en un evento publicitario de Gaviota, entidad perteneciente al conglomerado militar GAESA. En la Tercera Bolsa Tur\u00edstica #DestinosGaviota confirmamos la seguridad del destino #Cuba a los turoperadores, agentes de viajes, [&hellip;]<\/p>\n","protected":false},"author":4,"featured_media":240932,"comment_status":"open","ping_status":"closed","sticky":false,"template":"","format":"standard","meta":{"om_disable_all_campaigns":false,"jnews-multi-image_gallery":[],"jnews_single_post":[],"jnews_primary_category":[],"jnews_social_meta":[],"footnotes":""},"categories":[40],"tags":[510,956,544],"class_list":["post-240931","post","type-post","status-publish","format-standard","has-post-thumbnail","hentry","category-industria","tag-covid-19","tag-cuba","tag-turismo"],"_links":{"self":[{"href":"https:\/\/dimensionturistica.com\/es\/wp-json\/wp\/v2\/posts\/240931","targetHints":{"allow":["GET"]}}],"collection":[{"href":"https:\/\/dimensionturistica.com\/es\/wp-json\/wp\/v2\/posts"}],"about":[{"href":"https:\/\/dimensionturistica.com\/es\/wp-json\/wp\/v2\/types\/post"}],"author":[{"embeddable":true,"href":"https:\/\/dimensionturistica.com\/es\/wp-json\/wp\/v2\/users\/4"}],"replies":[{"embeddable":true,"href":"https:\/\/dimensionturistica.com\/es\/wp-json\/wp\/v2\/comments?post=240931"}],"version-history":[{"count":0,"href":"https:\/\/dimensionturistica.com\/es\/wp-json\/wp\/v2\/posts\/240931\/revisions"}],"wp:featuredmedia":[{"embeddable":true,"href":"https:\/\/dimensionturistica.com\/es\/wp-json\/wp\/v2\/media\/240932"}],"wp:attachment":[{"href":"https:\/\/dimensionturistica.com\/es\/wp-json\/wp\/v2\/media?parent=240931"}],"wp:term":[{"taxonomy":"category","embeddable":true,"href":"https:\/\/dimensionturistica.com\/es\/wp-json\/wp\/v2\/categories?post=240931"},{"taxonomy":"post_tag","embeddable":true,"href":"https:\/\/dimensionturistica.com\/es\/wp-json\/wp\/v2\/tags?post=240931"}],"curies":[{"name":"wp","href":"https:\/\/api.w.org\/{rel}","templated":true}]}}