{"id":240841,"date":"2021-12-09T06:44:41","date_gmt":"2021-12-09T06:44:41","guid":{"rendered":"https:\/\/dimensionturistica.com\/es\/?p=240841"},"modified":"2021-12-09T06:44:41","modified_gmt":"2021-12-09T06:44:41","slug":"radio-habana-cuba-ministerio-de-salud-publica-de-cuba-ratifica-compromiso-de-trabajar-por-un-turismo-seguro-foto","status":"publish","type":"post","link":"https:\/\/dimensionturistica.com\/es\/radio-habana-cuba-ministerio-de-salud-publica-de-cuba-ratifica-compromiso-de-trabajar-por-un-turismo-seguro-foto\/","title":{"rendered":"Radio Habana Cuba | Ministerio de Salud P\u00fablica de Cuba ratifica compromiso de trabajar por un Turismo seguro (+Foto)"},"content":{"rendered":"<p> <br \/>\n<\/p>\n<div>\n<div class=\"innerImage front center\"><img decoding=\"async\" alt=\"\" src=\"https:\/\/www.radiohc.cu\/articles\/cropped\/MX6s-89454426-bolsa-turistica-destinos-gaviota2021.jpg\" width=\"1029\" height=\"463\"\/><\/p>\n<p class=\"subtitle\">Turoperadores y hoteleros conocieron que actualmente se efect\u00faan conversaciones con la OMS para la inclusi\u00f3n de las vacunas cubanas en su lista de uso en emergencia. Foto: @MinturCuba<\/p>\n<\/div>\n<p>La Habana, 8 dic (RHC) El titular del Ministerio de Salud P\u00fablica de Cuba, Jos\u00e9 \u00c1ngel Portal Miranda declar\u00f3 este mi\u00e9rcoles en cayo Santa Mar\u00eda, en la central provincia de Villa Clara, que esa cartera est\u00e1 comprometida a acompa\u00f1ar y constatar el cumplimiento de los protocolos sanitarios en el Turismo para hacer del pa\u00eds un destino seguro.<\/p>\n<p>Al comparecer en la III Bolsa Tur\u00edstica Destinos Gaviota 2021, el ministro asegur\u00f3 que trabajar\u00e1n de conjunto con el Ministerio de Turismo para seguir defendiendo la vida.<\/p>\n<p>En el primer evento presencial de la industria tur\u00edstica cubana despu\u00e9s de la pandemia de la Covid-19, record\u00f3 que los viajeros podr\u00e1n vacunarse durante su estancia con los inmun\u00f3genos producidos por la biotecnolog\u00eda de la Isla como parte de su paquete tur\u00edstico.<\/p>\n<p>\u201cContamos con tres vacunas anti COVID-19, aprobadas para su uso en emergencia por la autoridad regulatoria nacional, y otros dos candidatos vacunales en etapa de ensayo cl\u00ednico\u201d, precis\u00f3.<\/p>\n<p>Portal Miranda inform\u00f3 a turoperadores y hoteleros participantes que en la actualidad se efect\u00faan conversaciones con la Organizaci\u00f3n Mundial de la Salud (OMS) para la inclusi\u00f3n de esas vacunas en su lista de uso en emergencia.<\/p>\n<p><img decoding=\"async\" alt=\"Foto: @MinturCuba\" src=\"https:\/\/pbs.twimg.com\/media\/FGF8WYiXIAcdVVq?format=jpg&amp;name=medium\" style=\"width: 800px; height: 360px;\"\/><\/p>\n<p>Detall\u00f3 que para beneficio de los turistas funcionan las cl\u00ednicas internacionales, distribuidas por todo el pa\u00eds, las cuales actualizan y ampl\u00edan su cat\u00e1logo de servicios.<\/p>\n<p>El titular cubano de Salud P\u00fablica signific\u00f3 que el 85 por ciento de los productos empleados en el protocolo de tratamiento contra la COVID-19 son de factura nacional, muestra de la tradici\u00f3n biotecnol\u00f3gica del pa\u00eds y la gesti\u00f3n de la pandemia basada en la ciencia y la innovaci\u00f3n.<\/p>\n<p>A\u00f1adi\u00f3 que la estrategia seguida permiti\u00f3 implementar un modelo de gesti\u00f3n integral y un protocolo \u00fanico de actuaci\u00f3n que incluye elementos preventivos, diagn\u00f3sticos, terap\u00e9uticos y de rehabilitaci\u00f3n.<\/p>\n<p>El protocolo de bioseguridad en los servicios tur\u00edsticos toma en consideraci\u00f3n las recomendaciones de organismos internacionales y la aprobaci\u00f3n del Ministerio de Salud P\u00fablica.<\/p>\n<p>Al cierre del 6 de diciembre se hab\u00edan administrado en Cuba 28 millones de dosis, y el 83 por ciento de los cubanos contaba con esquema completo de vacunaci\u00f3n.<strong> (Fuente: ACN)<\/strong><\/p>\n<\/p><\/div>\n\n<p><em> &#8221; Fuentes www.radiohc.cu &#8221; <\/em><\/p>\n","protected":false},"excerpt":{"rendered":"<p>Turoperadores y hoteleros conocieron que actualmente se efect\u00faan conversaciones con la OMS para la inclusi\u00f3n de las vacunas cubanas en su lista de uso en emergencia. Foto: @MinturCuba La Habana, 8 dic (RHC) El titular del Ministerio de Salud P\u00fablica de Cuba, Jos\u00e9 \u00c1ngel Portal Miranda declar\u00f3 este mi\u00e9rcoles en cayo Santa Mar\u00eda, en la [&hellip;]<\/p>\n","protected":false},"author":4,"featured_media":240842,"comment_status":"open","ping_status":"closed","sticky":false,"template":"","format":"standard","meta":{"om_disable_all_campaigns":false,"jnews-multi-image_gallery":[],"jnews_single_post":[],"jnews_primary_category":[],"jnews_social_meta":[],"footnotes":""},"categories":[40],"tags":[510,956,10616,544],"class_list":["post-240841","post","type-post","status-publish","format-standard","has-post-thumbnail","hentry","category-industria","tag-covid-19","tag-cuba","tag-salud-publica","tag-turismo"],"_links":{"self":[{"href":"https:\/\/dimensionturistica.com\/es\/wp-json\/wp\/v2\/posts\/240841","targetHints":{"allow":["GET"]}}],"collection":[{"href":"https:\/\/dimensionturistica.com\/es\/wp-json\/wp\/v2\/posts"}],"about":[{"href":"https:\/\/dimensionturistica.com\/es\/wp-json\/wp\/v2\/types\/post"}],"author":[{"embeddable":true,"href":"https:\/\/dimensionturistica.com\/es\/wp-json\/wp\/v2\/users\/4"}],"replies":[{"embeddable":true,"href":"https:\/\/dimensionturistica.com\/es\/wp-json\/wp\/v2\/comments?post=240841"}],"version-history":[{"count":0,"href":"https:\/\/dimensionturistica.com\/es\/wp-json\/wp\/v2\/posts\/240841\/revisions"}],"wp:featuredmedia":[{"embeddable":true,"href":"https:\/\/dimensionturistica.com\/es\/wp-json\/wp\/v2\/media\/240842"}],"wp:attachment":[{"href":"https:\/\/dimensionturistica.com\/es\/wp-json\/wp\/v2\/media?parent=240841"}],"wp:term":[{"taxonomy":"category","embeddable":true,"href":"https:\/\/dimensionturistica.com\/es\/wp-json\/wp\/v2\/categories?post=240841"},{"taxonomy":"post_tag","embeddable":true,"href":"https:\/\/dimensionturistica.com\/es\/wp-json\/wp\/v2\/tags?post=240841"}],"curies":[{"name":"wp","href":"https:\/\/api.w.org\/{rel}","templated":true}]}}